{"id":341361,"date":"2025-08-24T20:31:10","date_gmt":"2025-08-24T20:31:10","guid":{"rendered":"https:\/\/www.europesays.com\/fr\/341361\/"},"modified":"2025-08-24T20:31:10","modified_gmt":"2025-08-24T20:31:10","slug":"sauveteur-de-paramount-liens-troubles-avec-trump-les-mille-visages-de-david-ellison-le-nouvel-homme-fort-de-hollywood","status":"publish","type":"post","link":"https:\/\/www.europesays.com\/fr\/341361\/","title":{"rendered":"Sauveteur de Paramount, liens troubles avec Trump\u2026 Les mille visages de David Ellison, le nouvel homme fort de Hollywood"},"content":{"rendered":"<p><strong>PORTRAIT &#8211; <\/strong>\u00c0 42\u00a0ans, le fils du fondateur d\u2019Oracle Larry Ellison a r\u00e9alis\u00e9 un coup de ma\u00eetre en fusionnant sa soci\u00e9t\u00e9 de production Skydance avec Paramount. Si son ambition ne fait aucun doute, ses motivations, elles, sont plus floues.<\/p>\n<p class=\"fig-paragraph\">Il se r\u00eavait acteur \u00e0 succ\u00e8s\u00a0: \u00e0 sa mani\u00e8re, il y est parvenu. Le nouveau patron de\u00a0Paramount a tenu le premier r\u00f4le d\u2019un\u00a0feuilleton financier et judiciaire\u00a0qui aura tenu les Am\u00e9ricains en haleine pendant un an. Apr\u00e8s de longs mois de n\u00e9gociations avec la famille\u00a0<a href=\"https:\/\/www.lefigaro.fr\/medias\/l-empire-viacomcbs-shari-redstone-l-heritiere-preferee-du-patriarche-sumner-20200816\" data-fig-type=\"Article\" data-gtm-custom-categorie=\"navigation\" data-gtm-custom-action=\"crossclick\" data-gtm-custom-label=\"Contextuel\" data-gtm-event=\"customEventSPE\" data-fig-domain=\"LEFIGARO\" target=\"_blank\" rel=\"noopener\">Redstone<\/a>, David Ellison est parvenu \u00e0 marier sa soci\u00e9t\u00e9 de production Skydance avec le studio de cin\u00e9ma et ses cha\u00eenes de t\u00e9l\u00e9vision pour\u00a08,4 milliards de dollars.\u00a0\u00c0 42\u00a0ans, ce grand blond au physique de vedette est d\u00e9sormais l\u2019un des hommes les plus puissants de l\u2019industrie. Il fait aussi partie des h\u00e9ritiers les mieux dot\u00e9s des \u00c9tats-Unis, puisque son p\u00e8re n\u2019est autre que\u00a0<a href=\"http:\/\/www.lefigaro.fr\/secteur\/high-tech\/l-inattendue-renaissance-d-oracle-fait-la-fortune-de-larry-ellison-son-fondateur-20240930\" data-fig-type=\"Article\" data-gtm-custom-categorie=\"navigation\" data-gtm-custom-action=\"crossclick\" data-gtm-custom-label=\"Contextuel\" data-gtm-event=\"customEventSPE\" data-fig-domain=\"LEFIGARO\" target=\"_blank\" rel=\"noopener\">Larry Ellison<\/a>, fondateur du g\u00e9ant technologique Oracle et deuxi\u00e8me fortune mondiale.<\/p>\n<p class=\"fig-paragraph\">Bien d\u00e9cid\u00e9 \u00e0 se faire un pr\u00e9nom, le dirigeant entr\u00e9 en fonctions d\u00e9but ao\u00fbt n\u2019a pas attendu la rentr\u00e9e pour multiplier les coups d\u2019\u00e9clat\u00a0: apr\u00e8s avoir mis la main sur les droits de l\u2019Ultimate Fighting Championship, le championnat de MMA, pour 7,7\u00a0milliards de dollars\u2026<\/p>\n<p class=\"fig-premium-paywall__infos\">\n        Cet article est r\u00e9serv\u00e9 aux abonn\u00e9s.        Il vous reste 89% \u00e0 d\u00e9couvrir.\n    <\/p>\n<p>                <img  data- alt=\"Le Figaro\" class=\"fig-img--complete fig-img\"\/><\/p>\n<p class=\"fig-premium-paywall__title\">Vente Flash<\/p>\n<p class=\"fig-premium-paywall__subtitle\">4,99\u20ac par mois pendant 12 mois. Sans engagement<\/p>\n<p class=\"fig-premium-paywall__connect\">\n                D\u00e9j\u00e0 abonn\u00e9\u00a0?                <a class=\"fig-premium-paywall__connect-link\" href=\"https:\/\/connect.lefigaro.fr\/login?client=horizon_web&amp;type=main&amp;redirect_uri=https%3A%2F%2Fwww.lefigaro.fr%2Fmedias%2Fsauveteur-de-paramount-liens-troubles-avec-trump-les-mille-visages-de-david-ellison-le-nouvel-homme-fort-de-hollywood-20250824\" data-js-gtm=\"{&quot;customCategorie&quot;: &quot;conversion&quot;, &quot;customAction&quot;: &quot;before_Landing_Connexion_paywall_auto&quot;, &quot;customLabel&quot;: &quot;bGVmaWdhcm8uZnJfXzFmMDdkYWIwLTEwZTMtNmU1Ni1iYzdiLTcxZjBhNmZlNWJmMl9fQXJ0aWNsZQ==_Sauveteur de Paramount, liens troubles avec Trump\u2026 Les mille visages de David Ellison, le nouvel homme fort de Hollywood_270&quot;, &quot;customIDSPE&quot;: &quot;bGVmaWdhcm8uZnJfXzFmMDdkYWIwLTEwZTMtNmU1Ni1iYzdiLTcxZjBhNmZlNWJmMl9fQXJ0aWNsZQ==&quot;, &quot;event&quot;: &quot;customEventSPE&quot;}\" target=\"_blank\" rel=\"noopener\"><br \/>\n                    Connectez-vous<br \/>\n                <\/a>\n            <\/p>\n","protected":false},"excerpt":{"rendered":"PORTRAIT &#8211; \u00c0 42\u00a0ans, le fils du fondateur d\u2019Oracle Larry Ellison a r\u00e9alis\u00e9 un coup de ma\u00eetre en&hellip;\n","protected":false},"author":2,"featured_media":341362,"comment_status":"","ping_status":"","sticky":false,"template":"","format":"standard","meta":{"footnotes":""},"categories":[1359],"tags":[58,59,1011,27,40980,973],"class_list":{"0":"post-341361","1":"post","2":"type-post","3":"status-publish","4":"format-standard","5":"has-post-thumbnail","7":"category-people","8":"tag-divertissement","9":"tag-entertainment","10":"tag-fr","11":"tag-france","12":"tag-paramount","13":"tag-people"},"share_on_mastodon":{"url":"https:\/\/pubeurope.com\/@fr\/115085645167941772","error":""},"_links":{"self":[{"href":"https:\/\/www.europesays.com\/fr\/wp-json\/wp\/v2\/posts\/341361","targetHints":{"allow":["GET"]}}],"collection":[{"href":"https:\/\/www.europesays.com\/fr\/wp-json\/wp\/v2\/posts"}],"about":[{"href":"https:\/\/www.europesays.com\/fr\/wp-json\/wp\/v2\/types\/post"}],"author":[{"embeddable":true,"href":"https:\/\/www.europesays.com\/fr\/wp-json\/wp\/v2\/users\/2"}],"replies":[{"embeddable":true,"href":"https:\/\/www.europesays.com\/fr\/wp-json\/wp\/v2\/comments?post=341361"}],"version-history":[{"count":0,"href":"https:\/\/www.europesays.com\/fr\/wp-json\/wp\/v2\/posts\/341361\/revisions"}],"wp:featuredmedia":[{"embeddable":true,"href":"https:\/\/www.europesays.com\/fr\/wp-json\/wp\/v2\/media\/341362"}],"wp:attachment":[{"href":"https:\/\/www.europesays.com\/fr\/wp-json\/wp\/v2\/media?parent=341361"}],"wp:term":[{"taxonomy":"category","embeddable":true,"href":"https:\/\/www.europesays.com\/fr\/wp-json\/wp\/v2\/categories?post=341361"},{"taxonomy":"post_tag","embeddable":true,"href":"https:\/\/www.europesays.com\/fr\/wp-json\/wp\/v2\/tags?post=341361"}],"curies":[{"name":"wp","href":"https:\/\/api.w.org\/{rel}","templated":true}]}}