{"id":341363,"date":"2025-08-24T20:32:17","date_gmt":"2025-08-24T20:32:17","guid":{"rendered":"https:\/\/www.europesays.com\/fr\/341363\/"},"modified":"2025-08-24T20:32:17","modified_gmt":"2025-08-24T20:32:17","slug":"disparition-de-bernard-salignat-architecte-et-diacre-a-chatellerault","status":"publish","type":"post","link":"https:\/\/www.europesays.com\/fr\/341363\/","title":{"rendered":"Disparition de Bernard Salignat, architecte et diacre \u00e0 Ch\u00e2tellerault"},"content":{"rendered":"<p>Nous avons appris le d\u00e9c\u00e8s survenu vendredi 22\u00a0ao\u00fbt 2025, \u00e0 l\u2019\u00e2ge de 94\u00a0ans, de l\u2019architecte ch\u00e2telleraudais Bernard Salignat.<\/p>\n<p>N\u00e9 \u00e0 Tunis, o\u00f9 il v\u00e9cut jusqu\u2019\u00e0 l\u2019\u00e2ge de 15\u00a0ans, Bernard Salignat fut dipl\u00f4m\u00e9 de l\u2019\u00c9cole sup\u00e9rieure des Beaux-arts de Paris en 1962. Il travailla dans plusieurs agences d\u2019architectes, dont l\u2019une l\u2019envoya au d\u00e9but des ann\u00e9es 60 en mission au S\u00e9n\u00e9gal. Il y dirigea notamment la construction de l\u2019a\u00e9rogare de l\u2019a\u00e9roport de Dakar.<\/p>\n<p>Architecte du Futuroscope<\/p>\n<p>Install\u00e9 \u00e0 Ch\u00e2tellerault en 1965, Bernard Salignat ouvrit son propre cabinet qui compta localement\u00a0jusqu\u2019\u00e0 cinq salari\u00e9s, travaillant pour des promoteurs, les collectivit\u00e9s et particuli\u00e8rement pour le centre hospitalier Camille-Gu\u00e9rin, \u00e0 l\u2019\u00e9poque sur son site du centre-ville. On lui doit des dizaines d\u2019\u00e9quipements publics en ville et dans les communes du Ch\u00e2telleraudais. Il cessa son activit\u00e9 professionnelle en 1996.<\/p>\n<p>On retiendra aussi de la carri\u00e8re de Bernard Salignat d\u2019avoir \u00e9t\u00e9 un des architectes du Futuroscope, puisque son projet commun, avec un jeune confr\u00e8re d\u2019alors nomm\u00e9 Denis Laming, fut retenu lors du premier concours d\u2019architecture de 1984.<\/p>\n<p>Veuf (son \u00e9pouse, Marie-Claire, est d\u00e9c\u00e9d\u00e9e en 2022), p\u00e8re de trois filles, cet homme au caract\u00e8re affirm\u00e9 et \u00e0 la grande culture se consacra \u00e9galement \u00e0 partir de 1988 au diaconat, dont il fut d\u2019ailleurs le d\u00e9l\u00e9gu\u00e9 dioc\u00e9sain.<\/p>\n<p>Les obs\u00e8ques de Bernard Salignat se d\u00e9rouleront jeudi 28\u00a0ao\u00fbt 2025 \u00e0 14\u00a0h en l\u2019\u00e9glise Saint-Jean-l\u2019\u00c9vang\u00e9liste de Ch\u00e2tellerault (Ch\u00e2teauneuf).<\/p>\n","protected":false},"excerpt":{"rendered":"Nous avons appris le d\u00e9c\u00e8s survenu vendredi 22\u00a0ao\u00fbt 2025, \u00e0 l\u2019\u00e2ge de 94\u00a0ans, de l\u2019architecte ch\u00e2telleraudais Bernard Salignat.&hellip;\n","protected":false},"author":2,"featured_media":341364,"comment_status":"","ping_status":"","sticky":false,"template":"","format":"standard","meta":{"footnotes":""},"categories":[1358],"tags":[1392,1348,1384,1385,19489,1386,58,59,1011,27,1391],"class_list":{"0":"post-341363","1":"post","2":"type-post","3":"status-publish","4":"format-standard","5":"has-post-thumbnail","7":"category-arts-et-design","8":"tag-a-la-une-local","9":"tag-arts","10":"tag-arts-and-design","11":"tag-arts-et-design","12":"tag-chatellerault","13":"tag-design","14":"tag-divertissement","15":"tag-entertainment","16":"tag-fr","17":"tag-france","18":"tag-necrologie"},"share_on_mastodon":{"url":"https:\/\/pubeurope.com\/@fr\/115085649067590841","error":""},"_links":{"self":[{"href":"https:\/\/www.europesays.com\/fr\/wp-json\/wp\/v2\/posts\/341363","targetHints":{"allow":["GET"]}}],"collection":[{"href":"https:\/\/www.europesays.com\/fr\/wp-json\/wp\/v2\/posts"}],"about":[{"href":"https:\/\/www.europesays.com\/fr\/wp-json\/wp\/v2\/types\/post"}],"author":[{"embeddable":true,"href":"https:\/\/www.europesays.com\/fr\/wp-json\/wp\/v2\/users\/2"}],"replies":[{"embeddable":true,"href":"https:\/\/www.europesays.com\/fr\/wp-json\/wp\/v2\/comments?post=341363"}],"version-history":[{"count":0,"href":"https:\/\/www.europesays.com\/fr\/wp-json\/wp\/v2\/posts\/341363\/revisions"}],"wp:featuredmedia":[{"embeddable":true,"href":"https:\/\/www.europesays.com\/fr\/wp-json\/wp\/v2\/media\/341364"}],"wp:attachment":[{"href":"https:\/\/www.europesays.com\/fr\/wp-json\/wp\/v2\/media?parent=341363"}],"wp:term":[{"taxonomy":"category","embeddable":true,"href":"https:\/\/www.europesays.com\/fr\/wp-json\/wp\/v2\/categories?post=341363"},{"taxonomy":"post_tag","embeddable":true,"href":"https:\/\/www.europesays.com\/fr\/wp-json\/wp\/v2\/tags?post=341363"}],"curies":[{"name":"wp","href":"https:\/\/api.w.org\/{rel}","templated":true}]}}