{"id":341365,"date":"2025-08-24T20:33:10","date_gmt":"2025-08-24T20:33:10","guid":{"rendered":"https:\/\/www.europesays.com\/fr\/341365\/"},"modified":"2025-08-24T20:33:10","modified_gmt":"2025-08-24T20:33:10","slug":"decouvrez-une-planche-dasterix-en-primeur-revue-les-libraires","status":"publish","type":"post","link":"https:\/\/www.europesays.com\/fr\/341365\/","title":{"rendered":"D\u00e9couvrez une planche d\u2019Ast\u00e9rix en primeur \u2014 Revue Les libraires"},"content":{"rendered":"<p>En collaboration avec les \u00e9ditions Albert-Ren\u00e9, la revue Les libraires a obtenu la primeur de la publication et de la diffusion d&rsquo;une planche mettant en vedette Ast\u00e9rix et Ob\u00e9lix. Cette planche, \u00e9crite par Fabcaro et dessin\u00e9e par Didier Conrad, augure la parution d&rsquo;<a href=\"https:\/\/www.leslibraires.ca\/livres\/asterix-t-41-asterix-en-lusitanie-fabcaro-9782017253709.html\" target=\"_blank\" rel=\"noopener nofollow\">Ast\u00e9rix en Lusitanie<\/a>, 21e tome de la s\u00e9rie, qui arrivera en librairie le 23 octobre prochain.<\/p>\n","protected":false},"excerpt":{"rendered":"En collaboration avec les \u00e9ditions Albert-Ren\u00e9, la revue Les libraires a obtenu la primeur de la publication et&hellip;\n","protected":false},"author":2,"featured_media":341366,"comment_status":"","ping_status":"","sticky":false,"template":"","format":"standard","meta":{"footnotes":""},"categories":[1357],"tags":[1379,58,59,1011,27,1380],"class_list":{"0":"post-341365","1":"post","2":"type-post","3":"status-publish","4":"format-standard","5":"has-post-thumbnail","7":"category-livres","8":"tag-books","9":"tag-divertissement","10":"tag-entertainment","11":"tag-fr","12":"tag-france","13":"tag-livres"},"share_on_mastodon":{"url":"https:\/\/pubeurope.com\/@fr\/115085653159051227","error":""},"_links":{"self":[{"href":"https:\/\/www.europesays.com\/fr\/wp-json\/wp\/v2\/posts\/341365","targetHints":{"allow":["GET"]}}],"collection":[{"href":"https:\/\/www.europesays.com\/fr\/wp-json\/wp\/v2\/posts"}],"about":[{"href":"https:\/\/www.europesays.com\/fr\/wp-json\/wp\/v2\/types\/post"}],"author":[{"embeddable":true,"href":"https:\/\/www.europesays.com\/fr\/wp-json\/wp\/v2\/users\/2"}],"replies":[{"embeddable":true,"href":"https:\/\/www.europesays.com\/fr\/wp-json\/wp\/v2\/comments?post=341365"}],"version-history":[{"count":0,"href":"https:\/\/www.europesays.com\/fr\/wp-json\/wp\/v2\/posts\/341365\/revisions"}],"wp:featuredmedia":[{"embeddable":true,"href":"https:\/\/www.europesays.com\/fr\/wp-json\/wp\/v2\/media\/341366"}],"wp:attachment":[{"href":"https:\/\/www.europesays.com\/fr\/wp-json\/wp\/v2\/media?parent=341365"}],"wp:term":[{"taxonomy":"category","embeddable":true,"href":"https:\/\/www.europesays.com\/fr\/wp-json\/wp\/v2\/categories?post=341365"},{"taxonomy":"post_tag","embeddable":true,"href":"https:\/\/www.europesays.com\/fr\/wp-json\/wp\/v2\/tags?post=341365"}],"curies":[{"name":"wp","href":"https:\/\/api.w.org\/{rel}","templated":true}]}}