{"id":341367,"date":"2025-08-24T20:34:21","date_gmt":"2025-08-24T20:34:21","guid":{"rendered":"https:\/\/www.europesays.com\/fr\/341367\/"},"modified":"2025-08-24T20:34:21","modified_gmt":"2025-08-24T20:34:21","slug":"faut-il-regarder-la-serie-avec-gwendoline-hamon-et-benjamin-baroche-diffusee-ce-lundi-25-aout-2025-notre-avis","status":"publish","type":"post","link":"https:\/\/www.europesays.com\/fr\/341367\/","title":{"rendered":"Faut-il regarder la s\u00e9rie avec Gwendoline Hamon et Benjamin Baroche diffus\u00e9e ce lundi 25 ao\u00fbt 2025 ? Notre avis"},"content":{"rendered":"<p>Annonc\u00e9e \u00e0 grands coups de communiqu\u00e9s et via des premi\u00e8res images d\u00e9voil\u00e9es au cours de l&rsquo;\u00e9t\u00e9, <a href=\"https:\/\/www.programme-tv.net\/news\/series-tv\/383958-rien-ne-t-efface-intrigue-casting-tout-savoir-sur-la-serie-evenement-de-tf1-avec-gwendoline-hamon-benjamin-baroche-bruno-debrandt-et-fauve-hautot\/\" data-api-deeplink=\"teleloisirs:\/\/news\/383958\" target=\"_blank\" rel=\"noopener\">la s\u00e9rie Rien ne t&rsquo;efface<\/a> d\u00e9barque enfin sur les petits \u00e9crans fran\u00e7ais. Ainsi, <a href=\"https:\/\/www.programme-tv.net\/news\/series-tv\/384472-rien-ne-t-efface-on-sait-quand-sort-la-serie-avec-gwendoline-hamon-sur-tf1\/\" data-api-deeplink=\"teleloisirs:\/\/news\/384472\" target=\"_blank\" rel=\"noopener\">ce lundi 25 ao\u00fbt<\/a>, TF1 d\u00e9bute la diffusion de cette fiction adapt\u00e9e du livre \u00e9ponyme de Michel Bussi, \u00e0 raison de deux \u00e9pisodes par semaine (elle en compte six de 52 minutes). C\u00f4t\u00e9 casting, TF1 a frapp\u00e9 fort en r\u00e9unissant de nombreux visages particuli\u00e8rement appr\u00e9ci\u00e9s des t\u00e9l\u00e9spectateurs. Il y a d&rsquo;abord <a href=\"https:\/\/www.programme-tv.net\/news\/series-tv\/378438-cassandre-a-quand-les-prochains-episodes-inedits-de-la-serie-avec-gwendoline-hamon\/\" data-api-deeplink=\"teleloisirs:\/\/news\/378438\" target=\"_blank\" rel=\"noopener\">Gwendoline Hamon, l&rsquo;h\u00e9ro\u00efne de Cassandre<\/a>, dans le premier r\u00f4le. \u00c0 ses c\u00f4t\u00e9s, les inconditionnels d&rsquo;Ici tout commence retrouveront l&rsquo;interpr\u00e8te du <a href=\"https:\/\/www.programme-tv.net\/news\/series-tv\/385158-j-ai-vraiment-besoin-de-me-laver-en-sortant-du-plateau-benjamin-baroche-teyssier-se-confie-sur-son-role-de-mechant-dans-ici-tout-commence\/\" data-api-deeplink=\"teleloisirs:\/\/news\/385158\" target=\"_blank\" rel=\"noopener\">\u00ab\u00a0m\u00e9chant\u00a0\u00bb Teyssier, Benjamin Baroche<\/a>, qui croise, dans cette fiction, <a href=\"https:\/\/www.programme-tv.net\/news\/series-tv\/360536-ici-tout-commence-pour-ne-rien-vous-cacher-benjamin-baroche-emmanuel-teyssier-revele-ce-qu-il-pense-vraiment-de-mikael-mittelstadt-greg-delobel\/\" data-api-deeplink=\"teleloisirs:\/\/news\/360536\" target=\"_blank\" rel=\"noopener\">son ex-acolyte de l&rsquo;Institut Auguste Armand<\/a> <a href=\"https:\/\/www.programme-tv.net\/biographie\/2294623-mittelstadt-mikael\/\" data-link-people=\"a9fc6a5d-d287-47ae-8e6e-56265d00197d\" target=\"_blank\" rel=\"noopener\">Mika\u00ebl Mittelstadt<\/a> (<a href=\"https:\/\/www.programme-tv.net\/news\/series-tv\/383969-filip-sara-mortensen-et-mikael-mittelstadt-meconnaissables-sur-cette-photo-touchante-du-tournage-du-biopic-du-leader-des-2be3\/\" data-api-deeplink=\"teleloisirs:\/\/news\/383969\" target=\"_blank\" rel=\"noopener\">bient\u00f4t \u00e0 l&rsquo;affiche de Filip, dans le r\u00f4le du leader des 2Be3<\/a>). \u00c0 ces noms s&rsquo;ajoutent ceux de Fauve Hautot, <a href=\"https:\/\/www.programme-tv.net\/biographie\/48679-debrandt-bruno\/\" data-link-people=\"d9e6fdde-516f-4799-acd5-f16117251ff2\" target=\"_blank\" rel=\"noopener\">Bruno Debrandt<\/a> (<a href=\"https:\/\/www.programme-tv.net\/news\/series-tv\/365998-le-voyageur-on-pourrait-penser-que-la-route-se-termine-bruno-debrandt-donne-les-premieres-informations-sur-le-prochain-episode-inedit\/\" data-api-deeplink=\"teleloisirs:\/\/news\/365998\" target=\"_blank\" rel=\"noopener\">l&rsquo;incontournable Voyageur<\/a>), Samy Gharby (Demain nous appartient), <a href=\"https:\/\/www.programme-tv.net\/biographie\/116373-madenian-mathieu\/\" data-link-people=\"ae829438-3bef-43ee-bed4-ac51a3ed511a\" target=\"_blank\" rel=\"noopener\">Mathieu Mad\u00e9nian<\/a> ou encore <a href=\"https:\/\/www.programme-tv.net\/biographie\/67049-gautry-lannick\/\" data-link-people=\"6a1d95f5-f3ab-43e2-b764-5f9b0ccc7d82\" target=\"_blank\" rel=\"noopener\">Lannick Gautry<\/a>. Une s\u00e9rie au casting all\u00e9chant pour tout amateur de fictions, et \u00e0 l&rsquo;intrigue particuli\u00e8rement touchante&#8230;<\/p>\n<p>                        Rien ne t&rsquo;efface : De quoi parle la fiction \u00e9v\u00e9nement de TF1 bas\u00e9e sur le livre \u00e9ponyme de Michel Bussi ?<\/p>\n<p>Car l&rsquo;histoire d\u00e9bute alors que Maddi (Gwendoline Hamon) joue sur la plage avec son fils Esteban. Seulement voil\u00e0, ce dernier disparait apr\u00e8s que sa m\u00e8re a d\u00fb s&rsquo;absenter quelques minutes, avant que son corps ne soit retrouv\u00e9. Dix ans apr\u00e8s cette mort tragique, la m\u00e9decin croise le chemin de Tom, un jeune gar\u00e7on qui ressemble trait pour trait \u00e0 son fils. Elle d\u00e9cide donc de tout plaquer et de quitter sa c\u00f4te basque natale pour s&rsquo;installer en Auvergne, et tenter de lever le myst\u00e8re sur cette \u00e9trange ressemblance. Alors qu&rsquo;elle se rapproche de Tom, une s\u00e9rie de meurtres secoue la r\u00e9gion, menant Maddi \u00e0 se poser de nombreuses questions : et si ces \u00e9v\u00e9nements \u00e9taient li\u00e9s \u00e0 la mort de son fils ?<\/p>\n<p>            Rien ne t&rsquo;efface : Faut-il regarder la s\u00e9rie avec Gwendoline Hamon et Benjamin Baroche diffus\u00e9e ce lundi 25 ao\u00fbt 2025 ? Notre avis<\/p>\n<p>V\u00e9ritable page-turner, Rien ne t&rsquo;efface, le livre de Michel Bussi, s&rsquo;est vendu \u00e0 plus de 500 000 exemplaires. Une base solide pour cette fiction \u00e9ponyme, dont l&rsquo;adaptation t\u00e9l\u00e9vis\u00e9e a \u00e9t\u00e9 \u00e9crite par Anne Rambach, Marine Rambach, et Patrick Renault, et s&rsquo;est faite avec la participation de l&rsquo;auteur. De fait, en ressort une intrigue efficace et prenante, malgr\u00e9 un d\u00e9but poussif et quelques incoh\u00e9rences et oublis sc\u00e9naristiques- qui n&#8217;emp\u00eachent pas d&rsquo;\u00eatre happ\u00e9 par cette histoire aussi abracadabrantesque que prenante.<\/p>\n<p>Par ailleurs, outre des d\u00e9cors \u00e0 couper le souffle, Rien ne t&rsquo;efface permet de r\u00e9v\u00e9ler pleinement le talent de Fauve Hautot, d&rsquo;une grande justesse et dont la complicit\u00e9 avec Bruno Debrandt apporte un vrai plus \u00e0 la fiction. C&rsquo;est elle, la r\u00e9v\u00e9lation de la s\u00e9rie !<\/p>\n<p> https:\/\/www.programme-tv.net\/news\/series-tv\/385065-je-n-ai-fait-que-chialer-<a href=\"https:\/\/www.programme-tv.net\/biographie\/12891-hamon-gwendoline\/\" data-link-people=\"fd8403c5-c591-4aea-be0f-b5a4bacf9346\" target=\"_blank\" rel=\"noopener\">gwendoline-hamon<\/a>-rien-ne-t-efface-se-confie-sur-son-role-dans-l-adaptation-du-best-seller-de-michel-bussi\/<\/p>\n","protected":false},"excerpt":{"rendered":"Annonc\u00e9e \u00e0 grands coups de communiqu\u00e9s et via des premi\u00e8res images d\u00e9voil\u00e9es au cours de l&rsquo;\u00e9t\u00e9, la s\u00e9rie&hellip;\n","protected":false},"author":2,"featured_media":341368,"comment_status":"","ping_status":"","sticky":false,"template":"","format":"standard","meta":{"footnotes":""},"categories":[1356],"tags":[1727,244,58,59,4828,1011,27,41096,47772,47773,252,199,2175,1364],"class_list":{"0":"post-341367","1":"post","2":"type-post","3":"status-publish","4":"format-standard","5":"has-post-thumbnail","7":"category-television","8":"tag-benjamin-baroche","9":"tag-commentaire","10":"tag-divertissement","11":"tag-entertainment","12":"tag-fauve-hautot","13":"tag-fr","14":"tag-france","15":"tag-rien-ne-tefface","16":"tag-rien-ne-tefface-1100135779","17":"tag-rien-ne-tefface-1100135780","18":"tag-television","19":"tag-tf1","20":"tag-tl-story","21":"tag-tv"},"share_on_mastodon":{"url":"https:\/\/pubeurope.com\/@fr\/115085657042207294","error":""},"_links":{"self":[{"href":"https:\/\/www.europesays.com\/fr\/wp-json\/wp\/v2\/posts\/341367","targetHints":{"allow":["GET"]}}],"collection":[{"href":"https:\/\/www.europesays.com\/fr\/wp-json\/wp\/v2\/posts"}],"about":[{"href":"https:\/\/www.europesays.com\/fr\/wp-json\/wp\/v2\/types\/post"}],"author":[{"embeddable":true,"href":"https:\/\/www.europesays.com\/fr\/wp-json\/wp\/v2\/users\/2"}],"replies":[{"embeddable":true,"href":"https:\/\/www.europesays.com\/fr\/wp-json\/wp\/v2\/comments?post=341367"}],"version-history":[{"count":0,"href":"https:\/\/www.europesays.com\/fr\/wp-json\/wp\/v2\/posts\/341367\/revisions"}],"wp:featuredmedia":[{"embeddable":true,"href":"https:\/\/www.europesays.com\/fr\/wp-json\/wp\/v2\/media\/341368"}],"wp:attachment":[{"href":"https:\/\/www.europesays.com\/fr\/wp-json\/wp\/v2\/media?parent=341367"}],"wp:term":[{"taxonomy":"category","embeddable":true,"href":"https:\/\/www.europesays.com\/fr\/wp-json\/wp\/v2\/categories?post=341367"},{"taxonomy":"post_tag","embeddable":true,"href":"https:\/\/www.europesays.com\/fr\/wp-json\/wp\/v2\/tags?post=341367"}],"curies":[{"name":"wp","href":"https:\/\/api.w.org\/{rel}","templated":true}]}}