{"id":341373,"date":"2025-08-24T20:37:20","date_gmt":"2025-08-24T20:37:20","guid":{"rendered":"https:\/\/www.europesays.com\/fr\/341373\/"},"modified":"2025-08-24T20:37:20","modified_gmt":"2025-08-24T20:37:20","slug":"plus-calorique-que-le-foie-gras-nabusez-pas-de-ce-fruit-sec-qui-peut-faire-grossir-selon-un-medecin","status":"publish","type":"post","link":"https:\/\/www.europesays.com\/fr\/341373\/","title":{"rendered":"\u00ab\u00a0Plus calorique que le foie gras\u00a0\u00bb : n&rsquo;abusez pas de ce fruit sec qui peut faire grossir, selon un m\u00e9decin"},"content":{"rendered":"<p>Les <a href=\"https:\/\/www.grazia.fr\/beaute\/forme-minceur\/noubliez-surtout-pas-de-faire-ce-geste-avant-de-manger-des-amandes-pour-maximiser-leurs-bienfaits-1079551.html\" rel=\"nofollow noopener\" target=\"_blank\">ol\u00e9agineux<\/a> sont souvent lou\u00e9s pour leurs bienfaits nutritionnels. Riches en nutriments essentiels, ils sont en effet fr\u00e9quemment recommand\u00e9s en guise de collation saine. La plupart d\u2019entre eux sont en effet riches en acides gras essentiels comme les om\u00e9ga-6 et om\u00e9ga-3 qui sont autant b\u00e9n\u00e9fiques pour le cerveau, que pour la m\u00e9moire contre les troubles neurod\u00e9g\u00e9n\u00e9ratifs ou la sant\u00e9 cardiaque. Cependant, il convient tout de m\u00eame de prendre en compte que leur teneur en mati\u00e8res grasses est parfois loin d\u2019\u00eatre anodines. Bien qu\u2019ils n\u2019en aient pas l\u2019air en apparence, certains fruits secs se veulent en effet bien plus gras qu\u2019on pourrait le penser.\u00a0<\/p>\n<p>    Pourquoi il faut se m\u00e9fier de ce fruit sec ? <\/p>\n<p>C\u2019est le cas notamment des amandes, comme le pr\u00e9vient le nutritionniste <strong>Dr Jean-Michel Cohen<\/strong> dans un post publi\u00e9 sur son compte Instagram et relay\u00e9 par <a href=\"https:\/\/www.marmiton.org\/focus-ingredient\/selon-la-provenance-ce-fruit-sec-est-plus-calorique-que-le-foie-gras-selon-ce-nutritionniste-s4089000.html\" target=\"_blank\" rel=\"nofollow noopener\">Marmiton<\/a>.\u00a0Le m\u00e9decin pointe du doigt le fait que les amandes sont bien plus <a href=\"https:\/\/www.grazia.fr\/beaute\/forme-minceur\/combien-de-calories-devez-vous-consommer-par-jour-voici-la-formule-mathematique-pour-enfin-avoir-un-chiffre-precis-63733.html#item=1\" rel=\"nofollow noopener\" target=\"_blank\">caloriques<\/a> que l\u2019on pourrait s\u2019en douter. \u201cSelon la provenance, les amandes sont plus caloriques que le foie gras\u201d, n\u2019h\u00e9site carr\u00e9ment pas \u00e0 affirmer l\u2019expert qui insiste en revanche que cela ne veut pas dire qu\u2019elles ne sont pas saines, mais qu\u2019elles sont charg\u00e9es en lipides et qu\u2019il faut donc faire attention \u00e0 ne pas en abuser. <\/p>\n<p>\u00c0 travers cet exemple, il tient aussi \u00e0 mettre en garde contre certaines recommandations sant\u00e9 qui ne prennent pas en compte le profil nutritionnel complet de certains aliments.\u00a0Dans les faits, les amandes sont effectivement compos\u00e9es d\u00a0\u00bbapproximativement <strong>50% de mati\u00e8res grasses<\/strong>. Pour mettre cela en perspective, 100 grammes d&rsquo;amandes contiennent \u00e0 peu pr\u00e8s 50 grammes de graisses. La densit\u00e9 calorique \u00e9lev\u00e9e des amandes est principalement due \u00e0 cette teneur en graisses.<\/p>\n<p>    La dose d\u2019amandes \u00e0 ne pas d\u00e9passer pour ne pas prendre de poids <\/p>\n<p>Ainsi, selon Jean-Michel Cohen, pour profiter des bienfaits des <a href=\"https:\/\/www.grazia.fr\/beaute\/forme-minceur\/dapres-une-dermatologue-consommer-cet-aliment-tous-les-jours-permettrait-de-diminuer-les-rides-et-paraitre-plus-jeune-1053988.html\" rel=\"nofollow noopener\" target=\"_blank\">amandes<\/a> sans prendre de poids, il faudrait se limiter \u00e0 une portion de seulement <strong>20 \u00e0 30 g par semaine<\/strong>, ce qui \u00e9quivaut \u00e0 environ 160 \u00e0 170 calories. Toutefois, il est crucial de distinguer le type de graisses pr\u00e9sentes dans les amandes par rapport \u00e0 celles du foie gras. <\/p>\n<p>Les amandes sont riches en graisses insatur\u00e9es, essentiellement des acides gras monoinsatur\u00e9s et polyinsatur\u00e9s, consid\u00e9r\u00e9s comme b\u00e9n\u00e9fiques pour la sant\u00e9 cardiovasculaire. Le foie gras est surtout compos\u00e9 de graisses satur\u00e9es. Une consommation excessive de graisses satur\u00e9es est associ\u00e9e \u00e0 un risque accru de maladies cardiovasculaires, d&rsquo;hypertension et d&rsquo;autres probl\u00e8mes de sant\u00e9.<\/p>\n<blockquote class=\"instagram-media \" style=\"background: #ffffff;border: 0;margin: 1px;width: 100%;padding: 0;max-width: 500px;\" data-instgrm-permalink=\"https:\/\/www.instagram.com\/p\/C3RqjA9NkJ4\/?utm_source=ig_embed&amp;utm_campaign=loading\" data-instgrm-version=\"14\"\/><p>\n                <script async src=\"\/\/www.instagram.com\/embed.js\"><\/script><\/p>\n","protected":false},"excerpt":{"rendered":"Les ol\u00e9agineux sont souvent lou\u00e9s pour leurs bienfaits nutritionnels. Riches en nutriments essentiels, ils sont en effet fr\u00e9quemment&hellip;\n","protected":false},"author":2,"featured_media":341374,"comment_status":"","ping_status":"","sticky":false,"template":"","format":"standard","meta":{"footnotes":""},"categories":[10],"tags":[1011,27,72,6055,71],"class_list":{"0":"post-341373","1":"post","2":"type-post","3":"status-publish","4":"format-standard","5":"has-post-thumbnail","7":"category-sante","8":"tag-fr","9":"tag-france","10":"tag-health","11":"tag-republishing","12":"tag-sante"},"share_on_mastodon":{"url":"https:\/\/pubeurope.com\/@fr\/115085668842521304","error":""},"_links":{"self":[{"href":"https:\/\/www.europesays.com\/fr\/wp-json\/wp\/v2\/posts\/341373","targetHints":{"allow":["GET"]}}],"collection":[{"href":"https:\/\/www.europesays.com\/fr\/wp-json\/wp\/v2\/posts"}],"about":[{"href":"https:\/\/www.europesays.com\/fr\/wp-json\/wp\/v2\/types\/post"}],"author":[{"embeddable":true,"href":"https:\/\/www.europesays.com\/fr\/wp-json\/wp\/v2\/users\/2"}],"replies":[{"embeddable":true,"href":"https:\/\/www.europesays.com\/fr\/wp-json\/wp\/v2\/comments?post=341373"}],"version-history":[{"count":0,"href":"https:\/\/www.europesays.com\/fr\/wp-json\/wp\/v2\/posts\/341373\/revisions"}],"wp:featuredmedia":[{"embeddable":true,"href":"https:\/\/www.europesays.com\/fr\/wp-json\/wp\/v2\/media\/341374"}],"wp:attachment":[{"href":"https:\/\/www.europesays.com\/fr\/wp-json\/wp\/v2\/media?parent=341373"}],"wp:term":[{"taxonomy":"category","embeddable":true,"href":"https:\/\/www.europesays.com\/fr\/wp-json\/wp\/v2\/categories?post=341373"},{"taxonomy":"post_tag","embeddable":true,"href":"https:\/\/www.europesays.com\/fr\/wp-json\/wp\/v2\/tags?post=341373"}],"curies":[{"name":"wp","href":"https:\/\/api.w.org\/{rel}","templated":true}]}}