{"id":341377,"date":"2025-08-24T20:39:11","date_gmt":"2025-08-24T20:39:11","guid":{"rendered":"https:\/\/www.europesays.com\/fr\/341377\/"},"modified":"2025-08-24T20:39:11","modified_gmt":"2025-08-24T20:39:11","slug":"antisemites-hors-de-nos-fetes-des-tensions-pendant-le-concert-de-kneecap-a-rock-en-seine","status":"publish","type":"post","link":"https:\/\/www.europesays.com\/fr\/341377\/","title":{"rendered":"\u00ab\u00a0Antis\u00e9mites hors de nos f\u00eates\u00a0\u00bb\u00a0: des tensions pendant le concert de Kneecap \u00e0 Rock en Seine"},"content":{"rendered":"<p class=\"paragraph text_align_left lp-f-body-02\">C\u2019\u00e9tait l\u2019un des concerts les plus attendus de <a href=\"https:\/\/www.leparisien.fr\/culture-loisirs\/musique\/rock-en-seine\/\" target=\"_blank\" rel=\"noreferrer noopener\">Rock en Seine<\/a>. Moins pour des raisons musicales que politiques. La prestation du groupe nord-irlandais Kneecap devait faire l\u2019objet de toutes les attentions ce dimanche en d\u00e9but de soir\u00e9e pour la derni\u00e8re journ\u00e9e du festival qui se tient dans le domaine de Saint-Cloud (Hauts-de-Seine) et elle s\u2019est d\u00e9roul\u00e9e dans une ambiance tendue. Et pour cause.<\/p>\n<p class=\"paragraph text_align_left lp-f-body-02\">Depuis plusieurs semaines, le trio de rap irlandais est au c\u0153ur d\u2019une pol\u00e9mique qui a bouscul\u00e9 l\u2019\u00e9v\u00e9nement. Le groupe de Belfast se voit reprocher de faire \u00ab l\u2019apologie du terrorisme \u00bb apr\u00e8s avoir <a href=\"https:\/\/www.leparisien.fr\/culture-loisirs\/musique\/le-rappeur-mo-charah-du-groupe-irlandais-kneecap-accuse-dinfraction-terroriste-a-comparu-devant-un-tribunal-londonien-20-08-2025-JCNWB4ICFZCT5JV4EEJQZG4DLM.php\" rel=\"noopener\" target=\"_blank\">port\u00e9 lors d\u2019un concert \u00e0 Londres en 2024 un drapeau du Hezbollah<\/a> et cri\u00e9 \u00ab vive le Hamas, vive le Hezbollah \u00bb. Il fait m\u00eame l\u2019objet de poursuites judiciaires outre-Manche pour \u00ab infractions terroristes \u00bb.<\/p>\n<p class=\"paragraph text_align_left lp-f-body-02\">Malgr\u00e9 cela, la venue de Kneecap pr\u00e9vue dans plusieurs festivals fran\u00e7ais a \u00e9t\u00e9 maintenue. Y compris \u00e0 Rock en Seine, m\u00eame si la mairie de Saint-Cloud et la r\u00e9gion \u00cele-de-France <a href=\"https:\/\/www.leparisien.fr\/paris-75\/rock-en-seine-encore-prive-de-subventions-apres-son-refus-de-deprogrammer-kneecap-22-08-2025-2LJO5777JFGGPPFOHM5T5PUWLA.php\" target=\"_blank\" rel=\"noreferrer noopener\">ont retir\u00e9 leurs subventions au grand rassemblement musical parisien<\/a> \u00e0 cause de la pr\u00e9sence du groupe.<\/p>\n<p><img decoding=\"async\" class=\"image \" loading=\"lazy\" src=\"https:\/\/www.europesays.com\/fr\/wp-content\/uploads\/2025\/08\/U4V2PXBARFGOPFWDL2VHA33N6Y.jpg\" alt=\"D\u00e8s la premi\u00e8re chanson, des membres du collectif Nous vivrons ont tent\u00e9 de perturber le concert avec d'\u00eatre \u00e9vacu\u00e9s par le service de s\u00e9curit\u00e9. LP\/Olivier Corsan\" align=\"\" data-rubrique-principale=\"\" data-article-type=\"\" fetchpriority=\"auto\"\/>D\u00e8s la premi\u00e8re chanson, des membres du collectif Nous vivrons ont tent\u00e9 de perturber le concert avec d&rsquo;\u00eatre \u00e9vacu\u00e9s par le service de s\u00e9curit\u00e9. LP\/Olivier Corsan<\/p>\n<p class=\"paragraph text_align_left lp-f-body-02\">\u00ab Ce n\u2019est pas anodin compte tenu de notre situation financi\u00e8re d\u00e9licate cette ann\u00e9e, avec une affluence en baisse \u2014 moins de 150 000 personnes, regrette Matthieu Ducos, le patron de Rock en Seine. Mais on a tenu \u00e0 r\u00e9affirmer le festival comme terrain d\u2019expression libre \u00e0 partir du moment o\u00f9 le groupe respecte les lois et nos valeurs. On a consid\u00e9r\u00e9 qu\u2019il devait jouer dans la mesure o\u00f9 il ne s\u2019\u00e9cartait pas de ce cadre. \u00bb<\/p>\n<p class=\"paragraph text_align_left lp-f-body-02\"><a href=\"https:\/\/www.leparisien.fr\/culture-loisirs\/musique\/rock-en-seine\/polemique-avec-kneecap-a-rock-en-seine-2025-le-groupe-nous-a-assure-quil-ny-aurait-aucun-derapage-19-08-2025-WNTWE5JEQVDJJP3EJTQYK33H2Y.php\" target=\"_blank\" rel=\"noreferrer noopener\">Les Irlandais se sont justement engag\u00e9s aupr\u00e8s des organisateurs<\/a> \u00e0 ne pas tenir de propos pol\u00e9miques sur sc\u00e8ne ce dimanche. Suffisant pour faire retomber la tension ?<\/p>\n<p>Un \u00ab Free Palestine \u00bb en ouverture du concert et des perturbations<\/p>\n<p class=\"paragraph text_align_left lp-f-body-02\">\u00c0 l\u2019entr\u00e9e du festival ce dimanche, les fouilles et les palpations sont plus attentives que d\u2019habitude. \u00ab Nous n\u2019avons re\u00e7u aucune menace mais nous sommes prudents et attentifs avec la pr\u00e9fecture de police. On est un peu en alerte, \u00e9videmment, vu le contexte, et on fait tr\u00e8s attention \u00e0 la s\u00e9curit\u00e9 du public \u00bb, nous confie en milieu d\u2019apr\u00e8s-midi Matthieu Ducos.<\/p>\n<blockquote class=\"twitter-tweet\">\n<p lang=\"en\" dir=\"ltr\">A group of Zionists with flags and whistles tried to interrupt the start of our gig in Paris just now.<\/p>\n<p>\u00ab\u00a0We&rsquo;re not like them. We&rsquo;re not like Israel. We&rsquo;re not here to cause fights. It&rsquo;s all love it&rsquo;s all support for Palestine.\u00a0\u00bb <a href=\"https:\/\/t.co\/EYLB7ouwHo\">pic.twitter.com\/EYLB7ouwHo<\/a><\/p>\n<p>\u2014 KNEECAP (@KNEECAPCEOL) <a href=\"https:\/\/twitter.com\/KNEECAPCEOL\/status\/1959658279727968282?ref_src=twsrc%5Etfw\" target=\"_blank\" rel=\"noopener\">August 24, 2025<\/a><\/p><\/blockquote>\n<p class=\"paragraph text_align_left lp-f-body-02\">\u00c0 18h20, quelques minutes avant l\u2019arriv\u00e9e du groupe sur la 3e sc\u00e8ne du festival, plus de 15 000 personnes affluent de tout le site pour voir ces artistes encore m\u00e9connus du public.<\/p>\n<p class=\"paragraph text_align_left lp-f-body-02\">Et en arrivant, Kneecap affiche une nouvelle fois ses convictions avec un \u00ab Free Palestine \u00bb \u00e9crit en blanc sur fond noir compl\u00e9t\u00e9 par d\u2019autres phrases en fran\u00e7ais : \u00ab Isra\u00ebl commet un g\u00e9nocide contre le peuple palestinien \u00bb. \u00ab Plus de 90 000 personnes ont \u00e9t\u00e9 assassin\u00e9es par Isra\u00ebl en 22 mois \u00bb. <\/p>\n<p class=\"paragraph text_align_left lp-f-body-02\">Mais aussi : \u00ab Le gouvernement fran\u00e7ais est complice : il vend et facilite le commerce d\u2019armes \u00e0 l\u2019arm\u00e9e isra\u00e9lienne \u00bb. Une phrase qui ne devrait pas passer inaper\u00e7u aupr\u00e8s des autorit\u00e9s, \u00e0 commencer par <a href=\"https:\/\/www.leparisien.fr\/politique\/bruno-retailleau\/\" target=\"_blank\" rel=\"noreferrer noopener\">Bruno Retailleau<\/a>. Il y a quelques jours, le ministre de l\u2019Int\u00e9rieur affirmait qu\u2019il surveillerait de pr\u00e8s ce concert. \u00c7a n\u2019emp\u00eache pas les musiciens d\u2019\u00eatre accueillis par une \u00e9norme ovation et des \u00ab Free Palestine \u00bb scand\u00e9s par le public.<\/p>\n<p><img decoding=\"async\" class=\"image \" loading=\"lazy\" src=\"https:\/\/www.europesays.com\/fr\/wp-content\/uploads\/2025\/08\/PJR5SUAWCJARFITBZE6DXQ4TVI.jpg\" alt=\"Kneecap a une nouvelle affirm\u00e9 ses convictions en affichant quelques phrases en fran\u00e7ais sur la situation en Palestine. LP\/Olivier Corsan\" align=\"\" data-rubrique-principale=\"\" data-article-type=\"\" fetchpriority=\"auto\"\/>Kneecap a une nouvelle affirm\u00e9 ses convictions en affichant quelques phrases en fran\u00e7ais sur la situation en Palestine. LP\/Olivier Corsan <\/p>\n<p class=\"paragraph text_align_left lp-f-body-02\">Mais d\u00e8s la premi\u00e8re chanson, plusieurs dizaines de spectateurs, membres du <a href=\"https:\/\/www.leparisien.fr\/societe\/quest-ce-que-nous-vivrons-le-collectif-pro-israelien-contre-lequel-des-deputes-lfi-ont-porte-plainte-02-05-2024-MUIZYZAGBBCYLAFKXRRALDMRBQ.php\" target=\"_blank\" rel=\"noreferrer noopener\">collectif Nous vivrons, qui lutte contre l\u2019antis\u00e9mitisme<\/a>, mass\u00e9s dans les premiers rangs brandissent des affiches \u00ab Antis\u00e9mites hors de nos f\u00eates \u00bb et soufflent le plus fort possible dans des sifflets pour perturber le concert. Ils sont rapidement confisqu\u00e9s par les vigiles devant la sc\u00e8ne et exfiltr\u00e9s. <\/p>\n<p class=\"paragraph text_align_left lp-f-body-02\">\u00ab Quelqu\u2019un veut nous emp\u00eacher de jouer, demande le chanteur au micro. C\u2019est que de l\u2019amour. Lib\u00e9rez la Palestine. \u00bb \u00ab Ils ont essay\u00e9 de nous virer de l\u2019affiche, ils esp\u00e9raient que cela nous mettrait en col\u00e8re. Ils croient que nous sommes aussi violents qu\u2019eux. Ils se trompent \u00bb, ajoute l\u2019un des deux leaders avant de poursuivre le concert.<\/p>\n<p class=\"paragraph text_align_left lp-f-body-02\">\u00ab Kneecap n\u2019est pas du tout antis\u00e9mite, affirme Maria, une quinqua originaire de la R\u00e9publique d\u2019Irlande, qui vient chaque ann\u00e9e \u00e0 Rock En Seine. En Irlande du Nord les catholiques ont toujours \u00e9t\u00e9 rabaiss\u00e9s par les protestants et ils sont tr\u00e8s sensibles \u00e0 ce qui se passe en Palestine avec les Isra\u00e9liens. \u00bb Plus punk que rap et assez festif musicalement, le groupe finit son concert en chantant du Britney Spears tout en faisant reprendre une derni\u00e8re fois \u00ab Free Palestine \u00bb \u00e0 la foule, o\u00f9 l\u2019on pouvait croiser beaucoup d\u2019Irlandais.<\/p>\n<p class=\"paragraph text_align_left lp-f-body-02\">Pendant ce temps, les manifestants sortent du site apr\u00e8s avoir \u00e9t\u00e9 \u00e9vacu\u00e9s des premiers rangs. \u00ab Nous avons \u00e9t\u00e9 raccompagn\u00e9s au m\u00e9tro par la police, pour notre s\u00e9curit\u00e9, car c\u2019\u00e9tait violent autour de nous, affirme<b> <\/b>Benjamin Cymerman, vice-pr\u00e9sident du collectif Nous vivrons. Nous avons identifi\u00e9 deux personnes contre lesquelles nous allons d\u00e9poser plainte. Nous aurions voulu arr\u00eater le concert mais nous sommes au moins satisfaits de l\u2019avoir interrompu. On n\u2019a rien contre les artistes qui veulent une Palestine libre. Nous sommes aussi partisans de deux \u00c9tats. Mais nous luttons contre l\u2019antis\u00e9mitisme et nous estimons que ce groupe qui soutient le Hezbollah n\u2019a pas sa place dans les festivals. Nous devions marquer le coup dans un \u00e9v\u00e9nement aussi embl\u00e9matique que Rock en Seine. \u00bb<\/p>\n<p><script async src=\"https:\/\/platform.twitter.com\/widgets.js\" charset=\"utf-8\"><\/script><\/p>\n","protected":false},"excerpt":{"rendered":"C\u2019\u00e9tait l\u2019un des concerts les plus attendus de Rock en Seine. Moins pour des raisons musicales que politiques.&hellip;\n","protected":false},"author":2,"featured_media":341378,"comment_status":"","ping_status":"","sticky":false,"template":"","format":"standard","meta":{"footnotes":""},"categories":[8],"tags":[1687,58,59,1011,27,873,36376],"class_list":{"0":"post-341377","1":"post","2":"type-post","3":"status-publish","4":"format-standard","5":"has-post-thumbnail","7":"category-divertissement","8":"tag-culture-loisirs","9":"tag-divertissement","10":"tag-entertainment","11":"tag-fr","12":"tag-france","13":"tag-musique","14":"tag-rock-en-seine"},"share_on_mastodon":{"url":"https:\/\/pubeurope.com\/@fr\/115085676917585876","error":""},"_links":{"self":[{"href":"https:\/\/www.europesays.com\/fr\/wp-json\/wp\/v2\/posts\/341377","targetHints":{"allow":["GET"]}}],"collection":[{"href":"https:\/\/www.europesays.com\/fr\/wp-json\/wp\/v2\/posts"}],"about":[{"href":"https:\/\/www.europesays.com\/fr\/wp-json\/wp\/v2\/types\/post"}],"author":[{"embeddable":true,"href":"https:\/\/www.europesays.com\/fr\/wp-json\/wp\/v2\/users\/2"}],"replies":[{"embeddable":true,"href":"https:\/\/www.europesays.com\/fr\/wp-json\/wp\/v2\/comments?post=341377"}],"version-history":[{"count":0,"href":"https:\/\/www.europesays.com\/fr\/wp-json\/wp\/v2\/posts\/341377\/revisions"}],"wp:featuredmedia":[{"embeddable":true,"href":"https:\/\/www.europesays.com\/fr\/wp-json\/wp\/v2\/media\/341378"}],"wp:attachment":[{"href":"https:\/\/www.europesays.com\/fr\/wp-json\/wp\/v2\/media?parent=341377"}],"wp:term":[{"taxonomy":"category","embeddable":true,"href":"https:\/\/www.europesays.com\/fr\/wp-json\/wp\/v2\/categories?post=341377"},{"taxonomy":"post_tag","embeddable":true,"href":"https:\/\/www.europesays.com\/fr\/wp-json\/wp\/v2\/tags?post=341377"}],"curies":[{"name":"wp","href":"https:\/\/api.w.org\/{rel}","templated":true}]}}