{"id":341381,"date":"2025-08-24T20:41:12","date_gmt":"2025-08-24T20:41:12","guid":{"rendered":"https:\/\/www.europesays.com\/fr\/341381\/"},"modified":"2025-08-24T20:41:12","modified_gmt":"2025-08-24T20:41:12","slug":"orange-les-donnees-des-clients-sont-sur-le-dark-web-cest-la-quatrieme-attaque-contre-loperateur-en-2025-les-numeriques","status":"publish","type":"post","link":"https:\/\/www.europesays.com\/fr\/341381\/","title":{"rendered":"Orange : les donn\u00e9es des clients sont sur le dark web, c&#039;est la quatri\u00e8me attaque contre l&#039;op\u00e9rateur en 2025 &#8211; Les Num\u00e9riques"},"content":{"rendered":"<ol>\n<li><a href=\"https:\/\/news.google.com\/rss\/articles\/CBMi-gFBVV95cUxOTFBqRHFEOFA4ZFlLWEljeWxZNXpWdEVmMFZiSEhqY2R2ZkJBeFgxZDZvVXJZQ25YSHJqYjZKWTNmOThPWGZjSy00SmNBVEMwb3d1ME4xa3o3ZHBUVTRCQzRYWkpaVzZpeGd4SXBhaHRGZzhfY09UZHAwRVdLNUtTX2dCTEplZ29Gc0Rrd3B3eWpsamd3Vnl2emxXRUd4N1FoYlV1Uk1QSXpxMUlPUnJrN1RwdDZtcDdTZkVmMm1haUlqUGR6ako2TXpRNUFzV2IyTGtOM3NQWk5IcmtoYnJpam5TNUJVT3VtcnRwaHM5UHYwNjlpUGlVaHFR?oc=5\" target=\"_blank\" rel=\"nofollow noopener\">Orange : les donn\u00e9es des clients sont sur le dark web, c&rsquo;est la quatri\u00e8me attaque contre l&rsquo;op\u00e9rateur en 2025<\/a>&nbsp;&nbsp;Les Num\u00e9riques<\/li>\n<li><a href=\"https:\/\/news.google.com\/rss\/articles\/CBMijgFBVV95cUxNQnJJMUxIMnNyTDJSVHF6amg2ZlRfSWpxNGVXSC1nUkdhaC1XZWxuVFphaE1RTXZXVGF2TlRKaWkxYkNXaWVERUJEOUg1NTVvZGdYaDJGXy1SZEh5NVM3WDFiMWZ5NG13bS1wYTQ5QV9OUEZQeURZdVFWbWhydVprUGF2MmNvSVBhLXJCM1ln?oc=5\" target=\"_blank\" rel=\"nofollow noopener\">Fuite de donn\u00e9es Orange : attention \u00e0 cette nouvelle forme de phishing<\/a>&nbsp;&nbsp;test-achats.be<\/li>\n<li><a href=\"https:\/\/news.google.com\/rss\/articles\/CBMi2gFBVV95cUxOUzQyUmRDb01yTnVDUWFQWWJhQjd0eUt2dlRMSDRBb09Jc1RvaVVpeUMxVXZDT21VOG0wUW5idEZTVTZvdkFHUklRakdYUklWVkFkRml0U0hwbE1Vb1FUZW5UVlhPLW9XVUJZaE9qRUhESThLV2tvZDA0SzJIWVFvSEZ5Z3piaXNzejVfYzhqOTJQZE8wT2FqOF94S0lZMXliM2ZmZV9lSXFFT2F3a2UwYWNicTgtWWplOVpCZm8tS0VoQmYyeVE5aWVWdDhBS25yenpDZ3JZVmI0QQ?oc=5\" target=\"_blank\" rel=\"nofollow noopener\">Cyberattaque chez Orange : que risquez-vous et que faire si votre compte fait partie des 850 000 pirat\u00e9s<\/a>&nbsp;&nbsp;RTL info<\/li>\n<li><a href=\"https:\/\/news.google.com\/rss\/articles\/CBMivgFBVV95cUxQSzlDYWhDaUxwbWh3ZG1ycF9zUG9TNGFqZjZTN3dhSnNySDhkWjVFcENXTDZYS3dHYTdmZmFZUzlGMUVJUFhTOXZCbUFSRjdTaUViUjZVcEJEVGY5Q3dSVHZHSHZvMGVyUnJ4R2ZQSGhJcXR2ZFhsLUtaZ3lHV3NxNzBXaTd2V3F4QUx0OGVvbTlLc0hPc1hzcVhaSVVJZVNSNGdiQzBTNmpaaWNEYnRVSHhuMHpxWE5jbFpmMU9B?oc=5\" target=\"_blank\" rel=\"nofollow noopener\">Orange victime d\u2019un nouveau piratage : des donn\u00e9es publi\u00e9es sur le dark web<\/a>&nbsp;&nbsp;alloforfait.fr<\/li>\n<li><a href=\"https:\/\/news.google.com\/rss\/articles\/CBMi1AFBVV95cUxQRkx2ZG9HMUptV1l2U3R6aFZhX081MnBoYlhMLW4wU0lBVHMzVE8yVDF2SE5OeG1JNDBqbTJseHpnd1ZieWcwTWdHYVRsRWFqaHIzYXEySkNpRUVoY2ltRlZiUnM0c2VxSkdDRHBtZ00wRVBrbDU5SC16WEZmZGtSSmJmSXI1ZnRGOE1YU2huMVpXamRLZnZPMUswakRLVlI3R1ZjU3VIZU5EUW9jdXV5dzZsWExqSTByNnRmU3lnMVE1blNzd1NWZm1laUZMemswM0FzMg?oc=5\" target=\"_blank\" rel=\"nofollow noopener\">Vous \u00eates client Orange? Testachats met en garde<\/a>&nbsp;&nbsp;La Libre.be<\/li>\n<\/ol>\n","protected":false},"excerpt":{"rendered":"Orange : les donn\u00e9es des clients sont sur le dark web, c&rsquo;est la quatri\u00e8me attaque contre l&rsquo;op\u00e9rateur en&hellip;\n","protected":false},"author":2,"featured_media":1445,"comment_status":"","ping_status":"","sticky":false,"template":"","format":"standard","meta":{"footnotes":""},"categories":[6],"tags":[35,33,34,1011,27],"class_list":{"0":"post-341381","1":"post","2":"type-post","3":"status-publish","4":"format-standard","5":"has-post-thumbnail","7":"category-economie","8":"tag-business","9":"tag-economie","10":"tag-economy","11":"tag-fr","12":"tag-france"},"share_on_mastodon":{"url":"https:\/\/pubeurope.com\/@fr\/115085684504903955","error":""},"_links":{"self":[{"href":"https:\/\/www.europesays.com\/fr\/wp-json\/wp\/v2\/posts\/341381","targetHints":{"allow":["GET"]}}],"collection":[{"href":"https:\/\/www.europesays.com\/fr\/wp-json\/wp\/v2\/posts"}],"about":[{"href":"https:\/\/www.europesays.com\/fr\/wp-json\/wp\/v2\/types\/post"}],"author":[{"embeddable":true,"href":"https:\/\/www.europesays.com\/fr\/wp-json\/wp\/v2\/users\/2"}],"replies":[{"embeddable":true,"href":"https:\/\/www.europesays.com\/fr\/wp-json\/wp\/v2\/comments?post=341381"}],"version-history":[{"count":0,"href":"https:\/\/www.europesays.com\/fr\/wp-json\/wp\/v2\/posts\/341381\/revisions"}],"wp:featuredmedia":[{"embeddable":true,"href":"https:\/\/www.europesays.com\/fr\/wp-json\/wp\/v2\/media\/1445"}],"wp:attachment":[{"href":"https:\/\/www.europesays.com\/fr\/wp-json\/wp\/v2\/media?parent=341381"}],"wp:term":[{"taxonomy":"category","embeddable":true,"href":"https:\/\/www.europesays.com\/fr\/wp-json\/wp\/v2\/categories?post=341381"},{"taxonomy":"post_tag","embeddable":true,"href":"https:\/\/www.europesays.com\/fr\/wp-json\/wp\/v2\/tags?post=341381"}],"curies":[{"name":"wp","href":"https:\/\/api.w.org\/{rel}","templated":true}]}}