{"id":341382,"date":"2025-08-24T20:42:11","date_gmt":"2025-08-24T20:42:11","guid":{"rendered":"https:\/\/www.europesays.com\/fr\/341382\/"},"modified":"2025-08-24T20:42:11","modified_gmt":"2025-08-24T20:42:11","slug":"donald-trump-tente-de-truquer-le-systeme-le-stratageme-controverse-du-president-americain-en-vue-des-elections-de-mi-mandat-le-figaro","status":"publish","type":"post","link":"https:\/\/www.europesays.com\/fr\/341382\/","title":{"rendered":"\u00abDonald Trump tente de truquer le syst\u00e8me\u00bb : le stratag\u00e8me controvers\u00e9 du pr\u00e9sident am\u00e9ricain en vue des \u00e9lections de mi-mandat &#8211; Le Figaro"},"content":{"rendered":"<ol>\n<li><a href=\"https:\/\/news.google.com\/rss\/articles\/CBMi_wFBVV95cUxNd29LMWJ3Y2pITzNXNUJMR2s3RE9TRTlZai0zaTNKSE5JbU5oZ1lzRFN5ZV9aZTE2MndGeDZUNDRCUGtNeXhPTDJKTkxLekJvM2lQU1NVRXViQVQzS1JXUHQ5aHhXNVR1c1gtZlpBQ3VNQXhfeWNlWTBxRHgyWXFLUjdFeEVKREJoaDkwakpISHhQbnkxUDFSeDlMRm5GQXc5OEdRZlAyQkJMdkxtSXgxUWhuVUYtaHFwUjhQVFFaQklmY2FDajMxbTNNN05BQl93Y3c1emxkREN3aHRYVldJTFNpTFFBMWlHOEZ0OEVPQklBaGFDOUlVZV9ya0lDZm8?oc=5\" target=\"_blank\" rel=\"nofollow noopener\">\u00abDonald Trump tente de truquer le syst\u00e8me\u00bb : le stratag\u00e8me controvers\u00e9 du pr\u00e9sident am\u00e9ricain en vue des \u00e9lections de mi-mandat<\/a>&nbsp;&nbsp;Le Figaro<\/li>\n<li><a href=\"https:\/\/news.google.com\/rss\/articles\/CBMiuwFBVV95cUxQNmxSOGNmVmpGaVVfY2s3eDFuYnM1RENzRjhFMV9wM1RVT2lCeHFGNzBlZXI3ZEg4LUVhdk1Ma1hkb051TkRrbmVGdWZoOVd0aWg2TUZjX0NsOEVTTThxX0dUWWNWN0hfUjR0WVVWSFBsbm1ZTUNoazVfcmNOQW9JT0FaQ0F4Q0FfWnpCcGRxd2k4aUhpaVpybGloTXBOcXJKazBDVjRGamtvWm5nQlkwRUlVMVN1ZVc2dFdN?oc=5\" target=\"_blank\" rel=\"nofollow noopener\">Aux \u00c9tats-Unis, la bataille des cartes \u00e9lectorales a commenc\u00e9<\/a>&nbsp;&nbsp;Radio France<\/li>\n<li><a href=\"https:\/\/news.google.com\/rss\/articles\/CBMigwJBVV95cUxQVkZ4OUtpMU5OS0RSd1pBNU5Jb0dMcEx2dXdMaThIZ0N6bU91N1pZSXJJTDN6Z25SZUp1NUF3VVZqbnNVNFlWZVk4YnRnaGlabDB1ZzFkZi1BM0pCbEIzRFdleVZWcUk1eVFpMGpEaVc0dGVFUG8zZ2tPOVBqSkxMVnZUc2ZnUFhvRlduZE4zLWZIbldKRW1zS1J0SGNMWk1lenFFWVVvSG9uOFV2dlItN3Ezc2l4cHB1QS1PdmhUOHFRTHZMMjNtOERRUXFnMkJZUkJUNl8wc2JtVVgwX3hsd3Jkc09FMzR2N18zR0lPSC1XWmhzamRMQzhId3ptWXlUWDNn?oc=5\" target=\"_blank\" rel=\"nofollow noopener\">Le Texas adopte une nouvelle carte \u00e9lectorale favorable aux r\u00e9publicains et voulue par Donald Trump<\/a>&nbsp;&nbsp;Le Monde.fr<\/li>\n<li><a href=\"https:\/\/news.google.com\/rss\/articles\/CBMi0gFBVV95cUxQNmo2aFpSdE5RbEhaM3BGa1oyVTQwR1Z5b1NHUTZWbERyTDFjak5fSEp6M3ZrM0JJQi03OTI3S2xvSmwwMmhhSXlvRVNqazRTdHVyZmpCUHNUakVIZ3lhXzBNbk9TdDloS0lqWEVjZ09HeHM0bW9aRFhJNlhoU2RLbWlrQWthMjctWXc0eDI0dkFTY2xFd1ZFNVZ4RllONzRqcXhXRFpCMzA0NzE3RXo2ZDJCdmlZZ2ZJcm1MR0xsRGVBa2l4VkxLdHhTTmZpV1JFTVE?oc=5\" target=\"_blank\" rel=\"nofollow noopener\">Le Texas et la Californie lancent la bataille \u00e9lectorale de 2026 en faussant les cartes<\/a>&nbsp;&nbsp;Les Echos<\/li>\n<li><a href=\"https:\/\/news.google.com\/rss\/articles\/CBMiiAJBVV95cUxNNHJfNWR4X3NBclJfYXUydGJXakhhdW12NVVHN2xuU2ttcGlENWN2cTJaeVZkY3Z2b3RTLXFWR2FNd0h0b0lyemNKZ01ocU5tZEd0dEtZeWxtNzhfVndHSkRoc2dpbDE1d1hOWFBnVzQwSnEtWV9ad3FmOW1RM2VNYldoS1ZROEZXbnctS2xROW42Q2JNeWtTVEhGVm9DRHZOV0M2VmpNZFFCUkxFZE93cGFoTHpvMTZ2Qzh1NHgybUNZVXg0ZDNQTWJmemdwYlBiUENXd0RubFlrdW9WbGV3RHJ4NWZXb0xhckd1dlFGai1YRjRyeDBVbVFVTzR0VUJqZDg2cm82UWw?oc=5\" target=\"_blank\" rel=\"nofollow noopener\">Le Texas adopte une carte \u00e9lectorale red\u00e9coup\u00e9e \u00e0 la demande de Trump, les d\u00e9mocrates r\u00e9pliquent<\/a>&nbsp;&nbsp;Ouest-France<\/li>\n<\/ol>\n","protected":false},"excerpt":{"rendered":"\u00abDonald Trump tente de truquer le syst\u00e8me\u00bb : le stratag\u00e8me controvers\u00e9 du pr\u00e9sident am\u00e9ricain en vue des \u00e9lections&hellip;\n","protected":false},"author":2,"featured_media":1445,"comment_status":"","ping_status":"","sticky":false,"template":"","format":"standard","meta":{"footnotes":""},"categories":[5],"tags":[11,1011,27,14,12,28],"class_list":{"0":"post-341382","1":"post","2":"type-post","3":"status-publish","4":"format-standard","5":"has-post-thumbnail","7":"category-international","8":"tag-actualites","9":"tag-fr","10":"tag-france","11":"tag-international","12":"tag-news","13":"tag-world"},"share_on_mastodon":{"url":"https:\/\/pubeurope.com\/@fr\/115085688415776124","error":""},"_links":{"self":[{"href":"https:\/\/www.europesays.com\/fr\/wp-json\/wp\/v2\/posts\/341382","targetHints":{"allow":["GET"]}}],"collection":[{"href":"https:\/\/www.europesays.com\/fr\/wp-json\/wp\/v2\/posts"}],"about":[{"href":"https:\/\/www.europesays.com\/fr\/wp-json\/wp\/v2\/types\/post"}],"author":[{"embeddable":true,"href":"https:\/\/www.europesays.com\/fr\/wp-json\/wp\/v2\/users\/2"}],"replies":[{"embeddable":true,"href":"https:\/\/www.europesays.com\/fr\/wp-json\/wp\/v2\/comments?post=341382"}],"version-history":[{"count":0,"href":"https:\/\/www.europesays.com\/fr\/wp-json\/wp\/v2\/posts\/341382\/revisions"}],"wp:featuredmedia":[{"embeddable":true,"href":"https:\/\/www.europesays.com\/fr\/wp-json\/wp\/v2\/media\/1445"}],"wp:attachment":[{"href":"https:\/\/www.europesays.com\/fr\/wp-json\/wp\/v2\/media?parent=341382"}],"wp:term":[{"taxonomy":"category","embeddable":true,"href":"https:\/\/www.europesays.com\/fr\/wp-json\/wp\/v2\/categories?post=341382"},{"taxonomy":"post_tag","embeddable":true,"href":"https:\/\/www.europesays.com\/fr\/wp-json\/wp\/v2\/tags?post=341382"}],"curies":[{"name":"wp","href":"https:\/\/api.w.org\/{rel}","templated":true}]}}