{"id":341387,"date":"2025-08-24T20:45:17","date_gmt":"2025-08-24T20:45:17","guid":{"rendered":"https:\/\/www.europesays.com\/fr\/341387\/"},"modified":"2025-08-24T20:45:17","modified_gmt":"2025-08-24T20:45:17","slug":"jai-adore-tout-ce-que-jai-fait-cette-annee","status":"publish","type":"post","link":"https:\/\/www.europesays.com\/fr\/341387\/","title":{"rendered":"\u00ab\u00a0J\u2019ai ador\u00e9 tout ce que j\u2019ai fait cette ann\u00e9e\u00a0\u00bb"},"content":{"rendered":"<blockquote class=\"question\"><p>Pourquoi vous \u00eates-vous lanc\u00e9e dans cette aventure\u00a0?<\/p><\/blockquote>\n<p>\u00ab\u00a0Dans un premier temps, c\u2019\u00e9tait un d\u00e9fi personnel pour prendre confiance en moi, mais qui m\u2019a r\u00e9ellement pouss\u00e9e \u00e0 sauter le pas, c\u2019\u00e9tait l\u2019id\u00e9e de rendre hommage \u00e0 ma grand-m\u00e8re paternelle, mon parrain et mon grand-p\u00e8re paternel, qui sont partis. Je leur en avais parl\u00e9 quand ils \u00e9taient encore l\u00e0. J\u2019avais aussi envie de vivre une exp\u00e9rience de Miss, c\u2019\u00e9tait un r\u00eave d\u2019enfant.\u00a0\u00bb<\/p>\n<blockquote class=\"question\"><p>Comment avez-vous v\u00e9cu la soir\u00e9e de l\u2019\u00e9lection\u00a0?<\/p><\/blockquote>\n<p>\u00ab\u00a0J\u2019\u00e9tais tr\u00e8s stress\u00e9e, peut-\u00eatre la plus stress\u00e9e de toutes les candidates. C\u2019est dans ma nature mais ce jour-l\u00e0, c\u2019\u00e9tait un&#8230;<\/p>\n","protected":false},"excerpt":{"rendered":"Pourquoi vous \u00eates-vous lanc\u00e9e dans cette aventure\u00a0? \u00ab\u00a0Dans un premier temps, c\u2019\u00e9tait un d\u00e9fi personnel pour prendre confiance&hellip;\n","protected":false},"author":2,"featured_media":341388,"comment_status":"","ping_status":"","sticky":false,"template":"","format":"standard","meta":{"footnotes":""},"categories":[9653],"tags":[1111,11,2430,1687,7539,1777,674,3326,10282,10283,1011,27,12,25,4001],"class_list":{"0":"post-341387","1":"post","2":"type-post","3":"status-publish","4":"format-standard","5":"has-post-thumbnail","7":"category-saint-etienne","8":"tag-actu","9":"tag-actualites","10":"tag-auvergne-rhone-alpes","11":"tag-culture-loisirs","12":"tag-edition-loire-sud","13":"tag-eu","14":"tag-europe","15":"tag-fete-locale","16":"tag-firminy","17":"tag-firminy-ville","18":"tag-fr","19":"tag-france","20":"tag-news","21":"tag-republique-francaise","22":"tag-saint-etienne"},"share_on_mastodon":{"url":"https:\/\/pubeurope.com\/@fr\/115085700268646667","error":""},"_links":{"self":[{"href":"https:\/\/www.europesays.com\/fr\/wp-json\/wp\/v2\/posts\/341387","targetHints":{"allow":["GET"]}}],"collection":[{"href":"https:\/\/www.europesays.com\/fr\/wp-json\/wp\/v2\/posts"}],"about":[{"href":"https:\/\/www.europesays.com\/fr\/wp-json\/wp\/v2\/types\/post"}],"author":[{"embeddable":true,"href":"https:\/\/www.europesays.com\/fr\/wp-json\/wp\/v2\/users\/2"}],"replies":[{"embeddable":true,"href":"https:\/\/www.europesays.com\/fr\/wp-json\/wp\/v2\/comments?post=341387"}],"version-history":[{"count":0,"href":"https:\/\/www.europesays.com\/fr\/wp-json\/wp\/v2\/posts\/341387\/revisions"}],"wp:featuredmedia":[{"embeddable":true,"href":"https:\/\/www.europesays.com\/fr\/wp-json\/wp\/v2\/media\/341388"}],"wp:attachment":[{"href":"https:\/\/www.europesays.com\/fr\/wp-json\/wp\/v2\/media?parent=341387"}],"wp:term":[{"taxonomy":"category","embeddable":true,"href":"https:\/\/www.europesays.com\/fr\/wp-json\/wp\/v2\/categories?post=341387"},{"taxonomy":"post_tag","embeddable":true,"href":"https:\/\/www.europesays.com\/fr\/wp-json\/wp\/v2\/tags?post=341387"}],"curies":[{"name":"wp","href":"https:\/\/api.w.org\/{rel}","templated":true}]}}