{"id":341392,"date":"2025-08-24T20:52:10","date_gmt":"2025-08-24T20:52:10","guid":{"rendered":"https:\/\/www.europesays.com\/fr\/341392\/"},"modified":"2025-08-24T20:52:10","modified_gmt":"2025-08-24T20:52:10","slug":"toulon-meteo-du-soleil-lundi-matin-sur-la-provence-alpes-cote-dazur","status":"publish","type":"post","link":"https:\/\/www.europesays.com\/fr\/341392\/","title":{"rendered":"TOULON : M\u00e9t\u00e9o &#8211; Du soleil lundi matin sur la Provence-Alpes-C\u00f4te d\u2019Azur"},"content":{"rendered":"<p><strong>Du soleil ce lundi matin sur la r\u00e9gion Provence-Alpes-C\u00f4te d\u2019Azur, avant le retour de quelques nuages en cours de journ\u00e9e, plus pr\u00e9sents en soir\u00e9e.<\/strong><\/p>\n<p>Les temp\u00e9ratures restent agr\u00e9ables, proches des normales : entre 13 et 20\u00b0 le matin.<\/p>\n<p>L\u2019apr\u00e8s-midi, comptez 26\u00b0 \u00e0 <strong data-start=\"356\" data-end=\"366\">Toulon<\/strong>,\u00a0<strong data-start=\"368\" data-end=\"378\">Bandol<\/strong>,\u00a0<strong data-start=\"380\" data-end=\"390\">Sanary<\/strong>,\u00a0<strong data-start=\"392\" data-end=\"405\">Saint-Cyr<\/strong>,\u00a0<strong data-start=\"407\" data-end=\"420\">La Ciotat<\/strong>\u00a0et\u00a0<strong data-start=\"424\" data-end=\"437\">Marseille<\/strong>.<\/p>\n<p>M\u00eame valeur, 26\u00b0, \u00e0\u00a0<strong data-start=\"459\" data-end=\"469\">Hy\u00e8res<\/strong>,\u00a0<strong data-start=\"471\" data-end=\"483\">La Londe<\/strong>\u00a0et\u00a0<strong data-start=\"487\" data-end=\"502\">Le Lavandou<\/strong>. On atteindra 27\u00b0 \u00e0\u00a0<strong data-start=\"523\" data-end=\"542\">Aix-en-Provence<\/strong>,\u00a0<strong data-start=\"544\" data-end=\"556\">\u00c9guilles<\/strong>,\u00a0<strong data-start=\"558\" data-end=\"569\">Simiane<\/strong>\u00a0et\u00a0<strong data-start=\"573\" data-end=\"582\">Mimet<\/strong>, 28\u00b0 du c\u00f4t\u00e9 d\u2019<strong data-start=\"598\" data-end=\"605\">Apt<\/strong>, et jusqu\u2019\u00e0 29\u00b0 \u00e0\u00a0<strong data-start=\"624\" data-end=\"635\">Avignon<\/strong>.<\/p>\n<p>Dans les Alpes du Sud, la douceur s\u2019impose aussi avec 25\u00b0 \u00e0\u00a0<strong data-start=\"697\" data-end=\"706\">Digne<\/strong>.<\/p>\n<p><strong>ComLaRadio\u00a0<\/strong><br \/><strong>Thierry CARI<\/strong><br \/><strong>Voix Off<\/strong><br \/><strong>Animateur \/ pr\u00e9sentateur<\/strong><br \/><strong><a href=\"https:\/\/presseagence.fr\/toulon-meteo-du-soleil-lundi-matin-sur-la-provence-alpes-cote-dazur\/mailto:Contact@thierrycari.com\" rel=\"nofollow noopener\" target=\"_blank\">Contact@thierrycari.com<\/a><\/strong><br \/><strong><a href=\"http:\/\/www.thierrycari.com\" rel=\"nofollow noopener\" target=\"_blank\">www.thierrycari.com<\/a><\/strong><\/p>\n","protected":false},"excerpt":{"rendered":"Du soleil ce lundi matin sur la r\u00e9gion Provence-Alpes-C\u00f4te d\u2019Azur, avant le retour de quelques nuages en cours&hellip;\n","protected":false},"author":2,"featured_media":252142,"comment_status":"","ping_status":"","sticky":false,"template":"","format":"standard","meta":{"footnotes":""},"categories":[9619],"tags":[1111,11,1777,674,1011,27,12,882,25,2310],"class_list":{"0":"post-341392","1":"post","2":"type-post","3":"status-publish","4":"format-standard","5":"has-post-thumbnail","7":"category-toulon","8":"tag-actu","9":"tag-actualites","10":"tag-eu","11":"tag-europe","12":"tag-fr","13":"tag-france","14":"tag-news","15":"tag-provence-alpes-cote-dazur","16":"tag-republique-francaise","17":"tag-toulon"},"share_on_mastodon":{"url":"https:\/\/pubeurope.com\/@fr\/115085727761754567","error":""},"_links":{"self":[{"href":"https:\/\/www.europesays.com\/fr\/wp-json\/wp\/v2\/posts\/341392","targetHints":{"allow":["GET"]}}],"collection":[{"href":"https:\/\/www.europesays.com\/fr\/wp-json\/wp\/v2\/posts"}],"about":[{"href":"https:\/\/www.europesays.com\/fr\/wp-json\/wp\/v2\/types\/post"}],"author":[{"embeddable":true,"href":"https:\/\/www.europesays.com\/fr\/wp-json\/wp\/v2\/users\/2"}],"replies":[{"embeddable":true,"href":"https:\/\/www.europesays.com\/fr\/wp-json\/wp\/v2\/comments?post=341392"}],"version-history":[{"count":0,"href":"https:\/\/www.europesays.com\/fr\/wp-json\/wp\/v2\/posts\/341392\/revisions"}],"wp:featuredmedia":[{"embeddable":true,"href":"https:\/\/www.europesays.com\/fr\/wp-json\/wp\/v2\/media\/252142"}],"wp:attachment":[{"href":"https:\/\/www.europesays.com\/fr\/wp-json\/wp\/v2\/media?parent=341392"}],"wp:term":[{"taxonomy":"category","embeddable":true,"href":"https:\/\/www.europesays.com\/fr\/wp-json\/wp\/v2\/categories?post=341392"},{"taxonomy":"post_tag","embeddable":true,"href":"https:\/\/www.europesays.com\/fr\/wp-json\/wp\/v2\/tags?post=341392"}],"curies":[{"name":"wp","href":"https:\/\/api.w.org\/{rel}","templated":true}]}}