{"id":341393,"date":"2025-08-24T20:53:12","date_gmt":"2025-08-24T20:53:12","guid":{"rendered":"https:\/\/www.europesays.com\/fr\/341393\/"},"modified":"2025-08-24T20:53:12","modified_gmt":"2025-08-24T20:53:12","slug":"un-ete-2025-riche-en-decouvertes-pour-les-enfants-des-centres-de-loisirs-de-toulon","status":"publish","type":"post","link":"https:\/\/www.europesays.com\/fr\/341393\/","title":{"rendered":"Un \u00e9t\u00e9 2025 riche en d\u00e9couvertes pour les enfants des centres de loisirs de Toulon"},"content":{"rendered":"<p>Pr\u00e8s de 1 500 enfants ont profit\u00e9 chaque jour des 19 centres de loisirs de Toulon cet \u00e9t\u00e9, entre sport, culture et cr\u00e9ations artistiques.<\/p>\n<p><img fetchpriority=\"high\" decoding=\"async\" width=\"1200\" height=\"800\" alt=\"centre loisirs toulon\" title=\"centre loisirs toulon\" src=\"https:\/\/www.europesays.com\/fr\/wp-content\/uploads\/2025\/08\/centre-loisirs-toulon.webp.webp\" class=\"img-responsive wp-image-74402\"\/><\/p>\n<p>Centre loisirs Toulon \u2013 CREDIT : Jos\u00e9e Massi<\/p>\n<p>Les 19 centres de loisirs de Toulon ont accueilli 1 500 enfants par jour cet \u00e9t\u00e9 avec des activit\u00e9s sportives, culturelles et artistiques.<\/p>\n<p>La maire de Toulon, Jos\u00e9e Massi, a salu\u00e9 jeudi apr\u00e8s-midi \u2026<\/p>\n<p>Lire la suite dans l\u2019article <a href=\"https:\/\/www.varactu.fr\/un-ete-2025-riche-en-decouvertes-pour-les-enfants-des-centres-de-loisirs-de-toulon\/\" rel=\"nofollow noopener\" target=\"_blank\">Un \u00e9t\u00e9 2025 riche en d\u00e9couvertes pour les enfants des centres de loisirs de Toulon<\/a> qui est apparu en premier sur <a href=\"https:\/\/www.varactu.fr\" rel=\"nofollow noopener\" target=\"_blank\">Var Actu<\/a>.<\/p>\n","protected":false},"excerpt":{"rendered":"Pr\u00e8s de 1 500 enfants ont profit\u00e9 chaque jour des 19 centres de loisirs de Toulon cet \u00e9t\u00e9,&hellip;\n","protected":false},"author":2,"featured_media":341394,"comment_status":"","ping_status":"","sticky":false,"template":"","format":"standard","meta":{"footnotes":""},"categories":[9619],"tags":[1111,11,1777,674,1011,27,12,882,25,2310],"class_list":{"0":"post-341393","1":"post","2":"type-post","3":"status-publish","4":"format-standard","5":"has-post-thumbnail","7":"category-toulon","8":"tag-actu","9":"tag-actualites","10":"tag-eu","11":"tag-europe","12":"tag-fr","13":"tag-france","14":"tag-news","15":"tag-provence-alpes-cote-dazur","16":"tag-republique-francaise","17":"tag-toulon"},"share_on_mastodon":{"url":"https:\/\/pubeurope.com\/@fr\/115085731653065354","error":""},"_links":{"self":[{"href":"https:\/\/www.europesays.com\/fr\/wp-json\/wp\/v2\/posts\/341393","targetHints":{"allow":["GET"]}}],"collection":[{"href":"https:\/\/www.europesays.com\/fr\/wp-json\/wp\/v2\/posts"}],"about":[{"href":"https:\/\/www.europesays.com\/fr\/wp-json\/wp\/v2\/types\/post"}],"author":[{"embeddable":true,"href":"https:\/\/www.europesays.com\/fr\/wp-json\/wp\/v2\/users\/2"}],"replies":[{"embeddable":true,"href":"https:\/\/www.europesays.com\/fr\/wp-json\/wp\/v2\/comments?post=341393"}],"version-history":[{"count":0,"href":"https:\/\/www.europesays.com\/fr\/wp-json\/wp\/v2\/posts\/341393\/revisions"}],"wp:featuredmedia":[{"embeddable":true,"href":"https:\/\/www.europesays.com\/fr\/wp-json\/wp\/v2\/media\/341394"}],"wp:attachment":[{"href":"https:\/\/www.europesays.com\/fr\/wp-json\/wp\/v2\/media?parent=341393"}],"wp:term":[{"taxonomy":"category","embeddable":true,"href":"https:\/\/www.europesays.com\/fr\/wp-json\/wp\/v2\/categories?post=341393"},{"taxonomy":"post_tag","embeddable":true,"href":"https:\/\/www.europesays.com\/fr\/wp-json\/wp\/v2\/tags?post=341393"}],"curies":[{"name":"wp","href":"https:\/\/api.w.org\/{rel}","templated":true}]}}