{"id":341397,"date":"2025-08-24T21:00:45","date_gmt":"2025-08-24T21:00:45","guid":{"rendered":"https:\/\/www.europesays.com\/fr\/341397\/"},"modified":"2025-08-24T21:00:45","modified_gmt":"2025-08-24T21:00:45","slug":"ligue-2-les-notes-apres-clermont-foot-gf38-2-1","status":"publish","type":"post","link":"https:\/\/www.europesays.com\/fr\/341397\/","title":{"rendered":"Ligue 2. Les notes apr\u00e8s Clermont Foot &#8211; GF38 (2-1)"},"content":{"rendered":"<p style=\"font-size:20px\"><strong>D\u00e9couvrez nos notes apr\u00e8s la rencontre de la troisi\u00e8me journ\u00e9e de Ligue 2 qui a oppos\u00e9 ce vendredi 22 ao\u00fbt 2025 le Clermont Foot au GF38. Seuls les joueurs ayant disput\u00e9 45 minutes minimum sont pris en compte.<\/strong><\/p>\n<p>Cr\u00e9dit photo : GF38 \u2013 Th\u00e9o Mahalatchimy<\/p>\n<p>Les notes apr\u00e8s Clermont Foot \u2013 GF38 <\/p>\n<p><strong>Mamadou Diop (6).<\/strong> Deux nouveaux buts encaiss\u00e9s et quelques relances manqu\u00e9es pour le portier qui s\u2019est \u00e0 nouveau montr\u00e9 tr\u00e8s solide sur sa ligne et vif pour sortir dans les pieds de Saivet en d\u00e9but de match. La grosse satisfaction du d\u00e9but de saison grenoblois<\/p>\n<p><strong>Nesta Zahui (5).<\/strong> S\u2019il a parfois \u00e9t\u00e9 pris dans son dos, il s\u2019est montr\u00e9 accrocheur dans les duels et a cette fois-ci eu un vrai apport offensif m\u00eame si ses centres n\u2019ont pas toujours trouv\u00e9 preneur. <\/p>\n<p><strong>Ga\u00ebtan Paquiez (6).<\/strong> Tr\u00e8s correct d\u00e9fensivement, il a su d\u00e9passer ses fonctions d\u00e9fensives pour aller offrir une passe d\u00e9cisive \u00e0 son comp\u00e8re Valls sur l\u2019ouverture du score grenobloise<\/p>\n<p><strong>Loris Mouyokolo (5).<\/strong> Plus en difficult\u00e9 dans les duels que lors des premi\u00e8res journ\u00e9es, l\u2019ancien lorientais a toutefois multipli\u00e9 les interventions d\u00e9fensives (9 d\u00e9gagements) au sein d\u2019une formation o\u00f9 les espaces \u00e9taient souvent trop cons\u00e9quents entre les lignes. Qualit\u00e9 de relance satisfaisante sur ce match.<\/p>\n<p><strong>Efe Sarikaya (4). <\/strong>Forc\u00e9ment le csc vient ternir sa prestation par ailleurs tr\u00e8s correcte m\u00eame si on la finit peu vu au \u00ab\u00a0contact\u00a0\u00bb dans son secteur. Sa qualit\u00e9 de relance, qui peut \u00eatre un de ses gros points forts, doit s\u2019am\u00e9liorer. <\/p>\n<p><strong>Matth\u00e9o Xantippe (5).<\/strong> Tr\u00e8s tonique sur son c\u00f4t\u00e9 gauche il a lui aussi tent\u00e9 d\u2019apporter sur le plan offensif mais comme son pendant c\u00f4t\u00e9 droit ses centres n\u2019ont quasiment jamais trouv\u00e9 preneur. <\/p>\n<p><strong>Samba Lele Diba (4). <\/strong>Il a enfin apport\u00e9 son physique dans l\u2019entrejeu pour mettre un peu d\u2019impact. On l\u2019a en revanche senti toujours f\u00e9brile une fois le ballon dans les pieds avec quelques pertes de balle \u00e9vitable et peu de prise de risque dans ses transmissions. Mieux mais loin des attentes, pour r\u00e9sumer.<\/p>\n<p><strong>Jessy Benet (4).<\/strong> Un d\u00e9chet inhabituel pour le milieu qui a eu du mal \u00e0 mettre du rythme dans la rencontre. On reste loin des standards du maestro qui a beaucoup donn\u00e9 dans le pressing et qui s\u2019en est bien sorti dans les duels<\/p>\n<p><strong>Mamady Bangr\u00e9 (5).<\/strong> Dans la foul\u00e9e de sa bonne premi\u00e8re p\u00e9riode \u00e0 Troyes. Quelques belles fulgurances \u2013 \u00e0 l\u2019image de l\u2019ouverture pour Bangr\u00e9 \u00e0 la demi-heure de jeu et une finisse technique au-dessus de la moyenne qu\u2019il a laiss\u00e9 entrevoir. Il s\u2019est un peu \u00e9teint au retour des vestiaires mais c\u2019est le Bangr\u00e9 qu\u2019on a envie de (re)voir avec Grenoble<\/p>\n<p><strong>Th\u00e9o Valls (6). <\/strong>Un but et une belle qualit\u00e9 de passe tout au long de la rencontre. On aimerait en revanche le voir encore davantage peser dans le jeu de son \u00e9quipe. Lui aussi a \u00e9t\u00e9 essentiel dans le pressing grenoblois qui \u00e9tait de qualit\u00e9 ce vendredi.<\/p>\n<p><strong>Nesta Elph\u00e8ge (6).<\/strong> Un tr\u00e8s bon mais mais aussi un match tr\u00e8s frustrant pour l\u2019attaquant. Extr\u00eamement utile dos au but, il a souvent servi d\u2019appui pour ses co\u00e9quipiers. Ses d\u00e9placements sont de plus en plus intelligents \u00e9galement. En revanche il aurait d\u00fb mieux faire dans certains derniers gestes et notamment servir un co\u00e9quipier sur sa grosse opportunit\u00e9 de la premi\u00e8re p\u00e9riode. Globalement, il a m\u00e9rit\u00e9 de rester titulaire \u00e0 Saint-Etienne. <\/p>\n","protected":false},"excerpt":{"rendered":"D\u00e9couvrez nos notes apr\u00e8s la rencontre de la troisi\u00e8me journ\u00e9e de Ligue 2 qui a oppos\u00e9 ce vendredi&hellip;\n","protected":false},"author":2,"featured_media":341398,"comment_status":"","ping_status":"","sticky":false,"template":"","format":"standard","meta":{"footnotes":""},"categories":[9566],"tags":[1111,11,2430,1777,674,1011,27,2731,12,25],"class_list":{"0":"post-341397","1":"post","2":"type-post","3":"status-publish","4":"format-standard","5":"has-post-thumbnail","7":"category-grenoble","8":"tag-actu","9":"tag-actualites","10":"tag-auvergne-rhone-alpes","11":"tag-eu","12":"tag-europe","13":"tag-fr","14":"tag-france","15":"tag-grenoble","16":"tag-news","17":"tag-republique-francaise"},"share_on_mastodon":{"url":"https:\/\/pubeurope.com\/@fr\/115085759140068028","error":""},"_links":{"self":[{"href":"https:\/\/www.europesays.com\/fr\/wp-json\/wp\/v2\/posts\/341397","targetHints":{"allow":["GET"]}}],"collection":[{"href":"https:\/\/www.europesays.com\/fr\/wp-json\/wp\/v2\/posts"}],"about":[{"href":"https:\/\/www.europesays.com\/fr\/wp-json\/wp\/v2\/types\/post"}],"author":[{"embeddable":true,"href":"https:\/\/www.europesays.com\/fr\/wp-json\/wp\/v2\/users\/2"}],"replies":[{"embeddable":true,"href":"https:\/\/www.europesays.com\/fr\/wp-json\/wp\/v2\/comments?post=341397"}],"version-history":[{"count":0,"href":"https:\/\/www.europesays.com\/fr\/wp-json\/wp\/v2\/posts\/341397\/revisions"}],"wp:featuredmedia":[{"embeddable":true,"href":"https:\/\/www.europesays.com\/fr\/wp-json\/wp\/v2\/media\/341398"}],"wp:attachment":[{"href":"https:\/\/www.europesays.com\/fr\/wp-json\/wp\/v2\/media?parent=341397"}],"wp:term":[{"taxonomy":"category","embeddable":true,"href":"https:\/\/www.europesays.com\/fr\/wp-json\/wp\/v2\/categories?post=341397"},{"taxonomy":"post_tag","embeddable":true,"href":"https:\/\/www.europesays.com\/fr\/wp-json\/wp\/v2\/tags?post=341397"}],"curies":[{"name":"wp","href":"https:\/\/api.w.org\/{rel}","templated":true}]}}