{"id":341403,"date":"2025-08-24T21:07:30","date_gmt":"2025-08-24T21:07:30","guid":{"rendered":"https:\/\/www.europesays.com\/fr\/341403\/"},"modified":"2025-08-24T21:07:30","modified_gmt":"2025-08-24T21:07:30","slug":"la-conference-apres-nice-3-1-auxerre","status":"publish","type":"post","link":"https:\/\/www.europesays.com\/fr\/341403\/","title":{"rendered":"La conf\u00e9rence apr\u00e8s Nice 3-1 Auxerre"},"content":{"rendered":"<p>            <a href=\"https:\/\/www.ogcnice.com\/fr\/video\/129075\/la-conference-apres-nice-0-1-toulouse.html\" class=\"article_card_lien\" tabindex=\"0\" rel=\"nofollow noopener\" target=\"_blank\">La conf\u00e9rence apr\u00e8s Nice 0-1 Toulouse<\/a><\/p>\n<p>                            <img decoding=\"async\" src=\"https:\/\/www.europesays.com\/fr\/wp-content\/uploads\/2025\/08\/Conf-16-9-TFC.jpg\" loading=\"lazy\"\/><\/p>\n<p>\n                Replay<br \/>\n                La conf\u00e9rence apr\u00e8s Nice 0-1 Toulouse<br \/>\n                2441&prime;<\/p>\n<p>            <a href=\"https:\/\/www.ogcnice.com\/fr\/video\/129035\/la-conference-apres-nice-0-2-benfica.html\" class=\"article_card_lien\" tabindex=\"0\" rel=\"nofollow noopener\" target=\"_blank\">La conf\u00e9rence apr\u00e8s Nice 0-2 Benfica<\/a><\/p>\n<p>                            <img decoding=\"async\" src=\"https:\/\/www.europesays.com\/fr\/wp-content\/uploads\/2025\/08\/CONF-ApM-16-9-Benfica.jpg\" loading=\"lazy\"\/><\/p>\n<p>\n                Replay<br \/>\n                La conf\u00e9rence apr\u00e8s Nice 0-2 Benfica<br \/>\n                2441&prime;<\/p>\n<p>            <a href=\"https:\/\/www.ogcnice.com\/fr\/video\/129029\/la-conference-avant-nice-benfica.html\" class=\"article_card_lien\" tabindex=\"0\" rel=\"nofollow noopener\" target=\"_blank\">La conf\u00e9rence avant Nice &#8211; Benfica<\/a><\/p>\n<p>                            <img decoding=\"async\" src=\"https:\/\/www.europesays.com\/fr\/wp-content\/uploads\/2025\/08\/Replay-conf-OGCNBEN.jpg\" loading=\"lazy\"\/><\/p>\n<p>\n                Replay<br \/>\n                La conf\u00e9rence avant Nice &#8211; Benfica<br \/>\n                2441&prime;<\/p>\n<p>            <a href=\"https:\/\/www.ogcnice.com\/fr\/video\/129019\/la-presentation-de-kojo-peprah-oppong.html\" class=\"article_card_lien\" tabindex=\"0\" rel=\"nofollow noopener\" target=\"_blank\">La pr\u00e9sentation de Kojo Peprah Oppong<\/a><\/p>\n<p>                            <img decoding=\"async\" src=\"https:\/\/www.europesays.com\/fr\/wp-content\/uploads\/2025\/08\/kojo-p-uu.jpg\" loading=\"lazy\"\/><\/p>\n<p>\n                Conf\u00e9rence<br \/>\n                La pr\u00e9sentation de Kojo Peprah Oppong<br \/>\n                6000&prime;<\/p>\n<p>            <a href=\"https:\/\/www.ogcnice.com\/fr\/video\/128938\/la-conference-de-passation-rivere-bocquet.html\" class=\"article_card_lien\" tabindex=\"0\" rel=\"nofollow noopener\" target=\"_blank\">La conf\u00e9rence de passation Riv\u00e8re &#8211; Bocquet<\/a><\/p>\n<p>                            <img decoding=\"async\" src=\"https:\/\/www.europesays.com\/fr\/wp-content\/uploads\/2025\/07\/replay-conf-16-9.jpg\" loading=\"lazy\"\/><\/p>\n<p>\n                OGCNICE.tv<br \/>\n                La conf\u00e9rence de passation Riv\u00e8re &#8211; Bocquet<br \/>\n                2441&prime;<\/p>\n<p>            <a href=\"https:\/\/www.ogcnice.com\/fr\/video\/128934\/replay-la-presentation-des-recrues.html\" class=\"article_card_lien\" tabindex=\"0\" rel=\"nofollow noopener\" target=\"_blank\">Replay : la pr\u00e9sentation des recrues<\/a><\/p>\n<p>                            <img decoding=\"async\" src=\"https:\/\/www.europesays.com\/fr\/wp-content\/uploads\/2025\/08\/replay-conf-16-9-joueurs.jpg\" loading=\"lazy\"\/><\/p>\n<p>\n                Conf\u00e9rence<br \/>\n                Replay : la pr\u00e9sentation des recrues<br \/>\n                6000&prime;<\/p>\n<p>            <a href=\"https:\/\/www.ogcnice.com\/fr\/video\/127567\/la-conf-apres-nice-8-0-st-etienne.html\" class=\"article_card_lien\" tabindex=\"0\" rel=\"nofollow noopener\" target=\"_blank\">La conf&rsquo; apr\u00e8s Nice 8-0 St-Etienne<\/a><\/p>\n<p>                            <img decoding=\"async\" src=\"https:\/\/www.europesays.com\/fr\/wp-content\/uploads\/2025\/07\/Conf-16-9-ASSE1.jpg\" loading=\"lazy\"\/><\/p>\n<p>\n                Ligue 1 McDonald&rsquo;s<br \/>\n                La conf&rsquo; apr\u00e8s Nice 8-0 St-Etienne<br \/>\n                1556&prime;<\/p>\n<p>            <a href=\"https:\/\/www.ogcnice.com\/fr\/video\/127514\/la-conference-de-presentation-de-mohamed-abdelmonem-and-ali-abdi.html\" class=\"article_card_lien\" tabindex=\"0\" rel=\"nofollow noopener\" target=\"_blank\">La conf\u00e9rence de pr\u00e9sentation de Mohamed Abdelmonem &amp; Ali Abdi<\/a><\/p>\n<p>                            <img decoding=\"async\" src=\"https:\/\/www.europesays.com\/fr\/wp-content\/uploads\/2025\/07\/replay-16_9.jpg\" loading=\"lazy\"\/><\/p>\n<p>\n                Replay<br \/>\n                La conf\u00e9rence de pr\u00e9sentation de Mohamed Abdelmonem &amp; Ali Abdi<br \/>\n                2820&prime;<\/p>\n<p>            <a href=\"https:\/\/www.ogcnice.com\/fr\/video\/127497\/bilan-mercato-and-presentation-moukoko-le-replay-de-la-conf.html\" class=\"article_card_lien\" tabindex=\"0\" rel=\"nofollow noopener\" target=\"_blank\">Bilan mercato &amp; pr\u00e9sentation Moukoko : le replay de la conf&rsquo;<\/a><\/p>\n<p>                            <img decoding=\"async\" src=\"https:\/\/www.europesays.com\/fr\/wp-content\/uploads\/2025\/07\/replay-conf-16_9-clean2.jpg\" loading=\"lazy\"\/><\/p>\n<p>\n                OGCNICE.TV<br \/>\n                Bilan mercato &amp; pr\u00e9sentation Moukoko : le replay de la conf&rsquo;<br \/>\n                1880&prime;<\/p>\n<p>            <a href=\"https:\/\/www.ogcnice.com\/fr\/video\/127414\/la-conference-de-presse-apres-nice-1-1-toulouse.html\" class=\"article_card_lien\" tabindex=\"0\" rel=\"nofollow noopener\" target=\"_blank\">La conf\u00e9rence de presse apr\u00e8s Nice 1-1 Toulouse<\/a><\/p>\n<p>                            <img decoding=\"async\" src=\"https:\/\/www.europesays.com\/fr\/wp-content\/uploads\/2025\/07\/Conf-16-9-TFC1.jpg\" loading=\"lazy\"\/><\/p>\n<p>\n                Ligue 1 McDonald&rsquo;s<br \/>\n                La conf\u00e9rence de presse apr\u00e8s Nice 1-1 Toulouse<br \/>\n                1556&prime;<\/p>\n<p>            <a href=\"https:\/\/www.ogcnice.com\/fr\/video\/127325\/les-reponses-de-moise-bombito-a-vos-questions.html\" class=\"article_card_lien\" tabindex=\"0\" rel=\"nofollow noopener\" target=\"_blank\">Les r\u00e9ponses de Mo\u00efse Bombito \u00e0 vos questions<\/a><\/p>\n<p>                            <img decoding=\"async\" src=\"https:\/\/www.europesays.com\/fr\/wp-content\/uploads\/2025\/07\/bombito-questions-16_9-clean.jpg\" loading=\"lazy\"\/><\/p>\n<p>\n                OGC Nice TV<br \/>\n                Les r\u00e9ponses de Mo\u00efse Bombito \u00e0 vos questions<br \/>\n                1154&prime;<\/p>\n<p>            <a href=\"https:\/\/www.ogcnice.com\/fr\/video\/127406\/la-conference-de-moise-bombito.html\" class=\"article_card_lien\" tabindex=\"0\" rel=\"nofollow noopener\" target=\"_blank\">La conf\u00e9rence de Mo\u00efse Bombito<\/a><\/p>\n<p>                            <img decoding=\"async\" src=\"https:\/\/www.europesays.com\/fr\/wp-content\/uploads\/2025\/07\/conf-replay-16_9-clean.jpg\" loading=\"lazy\"\/><\/p>\n<p>\n                Replay<br \/>\n                La conf\u00e9rence de Mo\u00efse Bombito<br \/>\n                3398&prime;<\/p>\n","protected":false},"excerpt":{"rendered":"La conf\u00e9rence apr\u00e8s Nice 0-1 Toulouse Replay La conf\u00e9rence apr\u00e8s Nice 0-1 Toulouse 2441&prime; La conf\u00e9rence apr\u00e8s Nice&hellip;\n","protected":false},"author":2,"featured_media":341404,"comment_status":"","ping_status":"","sticky":false,"template":"","format":"standard","meta":{"footnotes":""},"categories":[2819],"tags":[1111,11,1777,674,1011,27,12,2401,882,25],"class_list":{"0":"post-341403","1":"post","2":"type-post","3":"status-publish","4":"format-standard","5":"has-post-thumbnail","7":"category-nice","8":"tag-actu","9":"tag-actualites","10":"tag-eu","11":"tag-europe","12":"tag-fr","13":"tag-france","14":"tag-news","15":"tag-nice","16":"tag-provence-alpes-cote-dazur","17":"tag-republique-francaise"},"share_on_mastodon":{"url":"https:\/\/pubeurope.com\/@fr\/115085787625885843","error":""},"_links":{"self":[{"href":"https:\/\/www.europesays.com\/fr\/wp-json\/wp\/v2\/posts\/341403","targetHints":{"allow":["GET"]}}],"collection":[{"href":"https:\/\/www.europesays.com\/fr\/wp-json\/wp\/v2\/posts"}],"about":[{"href":"https:\/\/www.europesays.com\/fr\/wp-json\/wp\/v2\/types\/post"}],"author":[{"embeddable":true,"href":"https:\/\/www.europesays.com\/fr\/wp-json\/wp\/v2\/users\/2"}],"replies":[{"embeddable":true,"href":"https:\/\/www.europesays.com\/fr\/wp-json\/wp\/v2\/comments?post=341403"}],"version-history":[{"count":0,"href":"https:\/\/www.europesays.com\/fr\/wp-json\/wp\/v2\/posts\/341403\/revisions"}],"wp:featuredmedia":[{"embeddable":true,"href":"https:\/\/www.europesays.com\/fr\/wp-json\/wp\/v2\/media\/341404"}],"wp:attachment":[{"href":"https:\/\/www.europesays.com\/fr\/wp-json\/wp\/v2\/media?parent=341403"}],"wp:term":[{"taxonomy":"category","embeddable":true,"href":"https:\/\/www.europesays.com\/fr\/wp-json\/wp\/v2\/categories?post=341403"},{"taxonomy":"post_tag","embeddable":true,"href":"https:\/\/www.europesays.com\/fr\/wp-json\/wp\/v2\/tags?post=341403"}],"curies":[{"name":"wp","href":"https:\/\/api.w.org\/{rel}","templated":true}]}}