{"id":341405,"date":"2025-08-24T21:08:32","date_gmt":"2025-08-24T21:08:32","guid":{"rendered":"https:\/\/www.europesays.com\/fr\/341405\/"},"modified":"2025-08-24T21:08:32","modified_gmt":"2025-08-24T21:08:32","slug":"miss-loire-atlantique-2025-decouvrez-la-grande-gagnante-et-ses-dauphines","status":"publish","type":"post","link":"https:\/\/www.europesays.com\/fr\/341405\/","title":{"rendered":"Miss Loire-Atlantique 2025 : d\u00e9couvrez la grande gagnante et ses dauphines"},"content":{"rendered":"<p>C\u2019est la derni\u00e8re \u00e9lection qualificative 2025 pour notre r\u00e9gion. Ce dimanche 24 ao\u00fbt 2025, Miss Loire-Atlantique 2025 sera d\u00e9sign\u00e9e \u00e0 l\u2019hippodrome de Blain.<\/p>\n<p>17 h 45 : les r\u00e9sultats tombent<\/p>\n<p>Sur le podium, c\u2019est en enfin l\u2019heure de conna\u00eetre les r\u00e9sultats. Au micro, les dauphines sont annonc\u00e9es : Est \u00e9lue sur l\u2019hippodrome de la for\u00eat du G\u00e2vre deuxi\u00e8me dauphine de Miss Loire-Atlantique, Agathe Montclin. Louise Gilardeau est \u00e9lue premi\u00e8re dauphine. Et c\u2019est Elora Fisher qui est \u00e9lue Miss Loire-Atlantique 2025. La jeune fille de 21 ans, de Saint-Herblain, est en Licence droit et \u00e9conomie. Elle est donc s\u00e9lectionn\u00e9e pour participer \u00e0 Miss Pays de la Loire 2025.<\/p>\n<p>\t<img decoding=\"async\" src=\"https:\/\/www.europesays.com\/fr\/wp-content\/uploads\/2025\/08\/P35421668D6945147G_px_640_.jpg\" alt=\"photo elora fisher est \u00e9lue miss loire-atlantique 2025.  \u00a9  photo presse oc\u00e9an-romain marzelli\u00e8re\" width=\"640\" title=\" Elora Fisher est \u00e9lue Miss Loire-Atlantique 2025.   Photo Presse Oc\u00e9an-Romain Marzelli\u00e8re \"\/><\/p>\n<p class=\"elmt-legende\"> Elora Fisher est \u00e9lue Miss Loire-Atlantique 2025.   Photo Presse Oc\u00e9an-Romain Marzelli\u00e8re <\/p>\n<p>\t<img decoding=\"async\" src=\"https:\/\/www.europesays.com\/fr\/wp-content\/uploads\/2025\/08\/P35421669D6945147G_px_640_.jpg\" alt=\"photo la nouvelle miss loire-atlantique 2025 avec ses dauphines.  \u00a9  photo presse oc\u00e9an-romain marzelli\u00e8re\" width=\"640\" title=\" La nouvelle Miss Loire-Atlantique 2025 avec ses dauphines.   Photo Presse Oc\u00e9an-Romain Marzelli\u00e8re \"\/><\/p>\n<p class=\"elmt-legende\"> La nouvelle Miss Loire-Atlantique 2025 avec ses dauphines.   Photo Presse Oc\u00e9an-Romain Marzelli\u00e8re <\/p>\n<p>16 h 40 : place au vote du public<\/p>\n<p>\t<img decoding=\"async\" src=\"https:\/\/www.europesays.com\/fr\/wp-content\/uploads\/2025\/08\/P35421670D6945147G_px_640_.jpg\" alt=\"photo apr\u00e8s les discours, le public a d\u00e9sign\u00e9 sa candidate pr\u00e9f\u00e9r\u00e9e.  \u00a9  photo presse oc\u00e9an-romain marzelli\u00e8re\" width=\"640\" title=\" Apr\u00e8s les discours, le public a d\u00e9sign\u00e9 sa candidate pr\u00e9f\u00e9r\u00e9e.   Photo Presse Oc\u00e9an-Romain Marzelli\u00e8re \"\/><\/p>\n<p class=\"elmt-legende\"> Apr\u00e8s les discours, le public a d\u00e9sign\u00e9 sa candidate pr\u00e9f\u00e9r\u00e9e.   Photo Presse Oc\u00e9an-Romain Marzelli\u00e8re <\/p>\n<p>16 h : l\u2019heure des discours<\/p>\n<p>Un peu avant 16 h, c\u2019est le temps des discours. Pour les treize candidates, c\u2019est l\u2019exercice le plus p\u00e9rilleux : peur des b\u00e9gaiements, des trous de m\u00e9moire\u2026 et pourtant elles montent sur le podium avec le sourire. Le plus compliqu\u00e9 c\u2019est que mon discours soit clair, nous confie Lilou.<\/p>\n<p>\t<img decoding=\"async\" src=\"https:\/\/www.europesays.com\/fr\/wp-content\/uploads\/2025\/08\/P35421671D6945147G_px_640_.jpg\" alt=\"photo l\u2019heure des discours apr\u00e8s plusieurs d\u00e9fil\u00e9s dans diverses tenues.  \u00a9  photo presse oc\u00e9an-romain marzelli\u00e8re\" width=\"640\" title=\" L\u2019heure des discours apr\u00e8s plusieurs d\u00e9fil\u00e9s dans diverses tenues.   Photo Presse Oc\u00e9an-Romain Marzelli\u00e8re \"\/><\/p>\n<p class=\"elmt-legende\"> L\u2019heure des discours apr\u00e8s plusieurs d\u00e9fil\u00e9s dans diverses tenues.   Photo Presse Oc\u00e9an-Romain Marzelli\u00e8re <\/p>\n<p>\t<img decoding=\"async\" src=\"https:\/\/www.europesays.com\/fr\/wp-content\/uploads\/2025\/08\/P35421672D6945147G_px_640_.jpg\" alt=\"photo le public \u00e9coute les discours des candidates.  \u00a9  photo presse oc\u00e9an-romain marzelli\u00e8re\" width=\"640\" title=\" Le public \u00e9coute les discours des candidates.   Photo Presse Oc\u00e9an-Romain Marzelli\u00e8re \"\/><\/p>\n<p class=\"elmt-legende\"> Le public \u00e9coute les discours des candidates.   Photo Presse Oc\u00e9an-Romain Marzelli\u00e8re <\/p>\n<p>14 h : ambiance dans les tribunes<\/p>\n<p>\t<img decoding=\"async\" src=\"https:\/\/www.europesays.com\/fr\/wp-content\/uploads\/2025\/08\/P35421673D6945147G_px_640_.jpg\" alt=\"photo dans les gradins, gis\u00e8le et jean viennent de guenrouet. ils sont adeptes du concours depuis cinq ans.  \u00a9  photo presse oc\u00e9an-romain marzelli\u00e8re\" width=\"640\" title=\" Dans les gradins, Gis\u00e8le et Jean viennent de Guenrouet. Ils sont adeptes du concours depuis cinq ans.   Photo Presse Oc\u00e9an-Romain Marzelli\u00e8re \"\/><\/p>\n<p class=\"elmt-legende\"> Dans les gradins, Gis\u00e8le et Jean viennent de Guenrouet. Ils sont adeptes du concours depuis cinq ans.   Photo Presse Oc\u00e9an-Romain Marzelli\u00e8re <\/p>\n<p>\t<img decoding=\"async\" src=\"https:\/\/www.europesays.com\/fr\/wp-content\/uploads\/2025\/08\/P35421674D6945147G_px_640_.jpg\" alt=\"photo flora, 21 ans, va d\u00e9filer avec toutes les candidates : \u00ab honn\u00eatement on se sent tr\u00e8s bien, pour le discours je vais stresser un peu plus. \u00bb  \u00a9  photo presse oc\u00e9an-romain marzelli\u00e8re\" width=\"640\" title=\" Flora, 21 ans, va d\u00e9filer avec toutes les candidates : \u00ab Honn\u00eatement on se sent tr\u00e8s bien, pour le discours je vais stresser un peu plus. \u00bb   Photo Presse Oc\u00e9an-Romain Marzelli\u00e8re \"\/><\/p>\n<p class=\"elmt-legende\"> Flora, 21 ans, va d\u00e9filer avec toutes les candidates : \u00ab Honn\u00eatement on se sent tr\u00e8s bien, pour le discours je vais stresser un peu plus. \u00bb   Photo Presse Oc\u00e9an-Romain Marzelli\u00e8re <\/p>\n<p>Dans les gradins, Gis\u00e8le et Jean viennent de Guenrouet. Ils sont adeptes du concours depuis cinq ans, mais profitent de l\u2019occasion <a href=\"https:\/\/saint-nazaire.maville.com\/actu\/actudet_-miss-loire-atlantique-2025-qui-sont-les-candidates-en-lice-pour-le-titre-_8-6938537_actu.Htm\" target=\"_blank\" rel=\"noopener\">pour parier sur quelques courses hippiques<\/a>. Des centaines de personnes sont d\u00e9j\u00e0 install\u00e9es.<\/p>\n<p>Naomi, 18 ans, et Miss France des Sables-d\u2019Olonne, depuis le 7 juillet dernier est passionn\u00e9e par ce concours. Il lui semblait important de venir encourager ses cons\u0153urs \u00e0 Blain pour les Miss Loire-Atlantique. Je suis un peu surprise du cadre, dans un hippodrome. C\u2019est original et que cela met de l\u2019animation.<\/p>\n<p>\t<img decoding=\"async\" src=\"https:\/\/www.europesays.com\/fr\/wp-content\/uploads\/2025\/08\/P35421675D6945147G_px_640_.jpg\" alt=\"photo naomi, 18 ans, et miss france des sables-d\u2019olonne, depuis le 7 juillet dernier est passionn\u00e9e par ce concours.  \u00a9  photo presse oc\u00e9an-romain marzelli\u00e8re\" width=\"640\" title=\" Naomi, 18 ans, et Miss France des Sables-d\u2019Olonne, depuis le 7 juillet dernier est passionn\u00e9e par ce concours.   Photo Presse Oc\u00e9an-Romain Marzelli\u00e8re \"\/><\/p>\n<p class=\"elmt-legende\"> Naomi, 18 ans, et Miss France des Sables-d\u2019Olonne, depuis le 7 juillet dernier est passionn\u00e9e par ce concours.   Photo Presse Oc\u00e9an-Romain Marzelli\u00e8re <\/p>\n<p>\t<img decoding=\"async\" src=\"https:\/\/www.europesays.com\/fr\/wp-content\/uploads\/2025\/08\/P35421676D6945147G_px_640_.jpg\" alt=\"photo c\u2019est la derni\u00e8re \u00e9lection qualificative 2025 pour notre r\u00e9gion. ce dimanche 24 ao\u00fbt 2025, miss loire-atlantique 2025 sera d\u00e9sign\u00e9e \u00e0 l\u2019hippodrome de blain.  \u00a9  photo presse oc\u00e9an-romain marzelli\u00e8re\" width=\"640\" title=\" C\u2019est la derni\u00e8re \u00e9lection qualificative 2025 pour notre r\u00e9gion. Ce dimanche 24 ao\u00fbt 2025, Miss Loire-Atlantique 2025 sera d\u00e9sign\u00e9e \u00e0 l\u2019hippodrome de Blain.   Photo Presse Oc\u00e9an-Romain Marzelli\u00e8re \"\/><\/p>\n<p class=\"elmt-legende\"> C\u2019est la derni\u00e8re \u00e9lection qualificative 2025 pour notre r\u00e9gion. Ce dimanche 24 ao\u00fbt 2025, Miss Loire-Atlantique 2025 sera d\u00e9sign\u00e9e \u00e0 l\u2019hippodrome de Blain.   Photo Presse Oc\u00e9an-Romain Marzelli\u00e8re <\/p>\n<p>\t<img decoding=\"async\" src=\"https:\/\/www.europesays.com\/fr\/wp-content\/uploads\/2025\/08\/P35421677D6945147G_px_640_.jpg\" alt=\"photo les jeunes sont aussi au rendez-vous de ce concours, avec chacun leur candidate pr\u00e9f\u00e9r\u00e9e : c\u2019est la num\u00e9ro sept (elora) pour mathieu ; pour tha\u00efs, la num\u00e9ro deux (louise binauld) ; pour elsa c\u2019est la num\u00e9ro six (louise gilardeau) et pour hugo aussi. c\u2019est la premi\u00e8re fois que les gar\u00e7ons viennent encourag\u00e9s par leurs copines respectives.  \u00a9  photo presse oc\u00e9an-romain marzelli\u00e8re\" width=\"640\" title=\" Les jeunes sont aussi au rendez-vous de ce concours, avec chacun leur candidate pr\u00e9f\u00e9r\u00e9e : c\u2019est la num\u00e9ro sept (Elora) pour Mathieu ; pour Tha\u00efs, la num\u00e9ro deux (Louise Binauld) ; pour Elsa c\u2019est la num\u00e9ro six (Louise Gilardeau) et pour Hugo aussi. C\u2019est la premi\u00e8re fois que les gar\u00e7ons viennent encourag\u00e9s par leurs copines respectives.   Photo Presse Oc\u00e9an-Romain Marzelli\u00e8re \"\/><\/p>\n<p class=\"elmt-legende\"> Les jeunes sont aussi au rendez-vous de ce concours, avec chacun leur candidate pr\u00e9f\u00e9r\u00e9e : c\u2019est la num\u00e9ro sept (Elora) pour Mathieu ; pour Tha\u00efs, la num\u00e9ro deux (Louise Binauld) ; pour Elsa c\u2019est la num\u00e9ro six (Louise Gilardeau) et pour Hugo aussi. C\u2019est la premi\u00e8re fois que les gar\u00e7ons viennent encourag\u00e9s par leurs copines respectives.   Photo Presse Oc\u00e9an-Romain Marzelli\u00e8re <\/p>\n<p>?Qui sont les treize candidates ?<\/p>\n<p>*<strong>Laurine Vinet<\/strong> de Saint-Herblain, 28 ans, secr\u00e9taire m\u00e9dicale.<\/p>\n<blockquote class=\"instagram-media\" data-instgrm-captioned=\"\" data-instgrm-permalink=\"https:\/\/www.instagram.com\/p\/DNkUp9UMkct\/?utm_source=ig_embed&amp;utm_campaign=loading\" data-instgrm-version=\"14\" style=\" background:#FFF; border:0; border-radius:3px; box-shadow:0 0 1px 0 rgba(0,0,0,0.5),0 1px 10px 0 rgba(0,0,0,0.15); margin: 1px; max-width:540px; min-width:326px; padding:0; width:99.375%; width:-webkit-calc(100% - 2px); width:calc(100% - 2px);\" wp_automatic_readability=\"-0.19266055045871\"\/>\n<p>*<strong>Louise Binaud<\/strong> de Saint-Nazaire, 26 ans, Consultante en strat\u00e9gie personal branding.<\/p>\n<blockquote class=\"instagram-media\" data-instgrm-captioned=\"\" data-instgrm-permalink=\"https:\/\/www.instagram.com\/p\/DNkU5noMmTI\/?utm_source=ig_embed&amp;utm_campaign=loading\" data-instgrm-version=\"14\" style=\" background:#FFF; border:0; border-radius:3px; box-shadow:0 0 1px 0 rgba(0,0,0,0.5),0 1px 10px 0 rgba(0,0,0,0.15); margin: 1px; max-width:540px; min-width:326px; padding:0; width:99.375%; width:-webkit-calc(100% - 2px); width:calc(100% - 2px);\" wp_automatic_readability=\"-0.19266055045871\"\/>\n<p>*<strong>Cl\u00e9mence Allain<\/strong> d\u2019Orvault, 25 ans, responsable adjointe et photographe.<\/p>\n<blockquote class=\"instagram-media\" data-instgrm-captioned=\"\" data-instgrm-permalink=\"https:\/\/www.instagram.com\/p\/DNkVCWBsFXu\/?utm_source=ig_embed&amp;utm_campaign=loading\" data-instgrm-version=\"14\" style=\" background:#FFF; border:0; border-radius:3px; box-shadow:0 0 1px 0 rgba(0,0,0,0.5),0 1px 10px 0 rgba(0,0,0,0.15); margin: 1px; max-width:540px; min-width:326px; padding:0; width:99.375%; width:-webkit-calc(100% - 2px); width:calc(100% - 2px);\" wp_automatic_readability=\"-0.19266055045871\"\/>\n<p>*<strong>Agathe Montclin<\/strong> de Haute-Goulaine, 22 ans, en Master 2 de l\u2019enseignement, de l\u2019\u00e9ducation et de la formation.<\/p>\n<blockquote class=\"instagram-media\" data-instgrm-captioned=\"\" data-instgrm-permalink=\"https:\/\/www.instagram.com\/p\/DNkVF6CMN2d\/?utm_source=ig_embed&amp;utm_campaign=loading\" data-instgrm-version=\"14\" style=\" background:#FFF; border:0; border-radius:3px; box-shadow:0 0 1px 0 rgba(0,0,0,0.5),0 1px 10px 0 rgba(0,0,0,0.15); margin: 1px; max-width:540px; min-width:326px; padding:0; width:99.375%; width:-webkit-calc(100% - 2px); width:calc(100% - 2px);\" wp_automatic_readability=\"-0.19266055045871\"\/>\n<p>*<strong>Kimberly Monnier<\/strong> de Nantes, 21 ans, en Licence commerce vente marketing d\u00e9veloppement durable.<\/p>\n<blockquote class=\"instagram-media\" data-instgrm-captioned=\"\" data-instgrm-permalink=\"https:\/\/www.instagram.com\/p\/DNkVKHgMYYv\/?utm_source=ig_embed&amp;utm_campaign=loading\" data-instgrm-version=\"14\" style=\" background:#FFF; border:0; border-radius:3px; box-shadow:0 0 1px 0 rgba(0,0,0,0.5),0 1px 10px 0 rgba(0,0,0,0.15); margin: 1px; max-width:540px; min-width:326px; padding:0; width:99.375%; width:-webkit-calc(100% - 2px); width:calc(100% - 2px);\" wp_automatic_readability=\"-0.19266055045871\"\/>\n<p>*<strong>Louise Gilardeau<\/strong> de Haute-Goulaine, 23 ans, en deuxi\u00e8me ann\u00e9e de DSCG (dipl\u00f4me sup\u00e9rieur de comptabilit\u00e9 et de gestion).<\/p>\n<blockquote class=\"instagram-media\" data-instgrm-captioned=\"\" data-instgrm-permalink=\"https:\/\/www.instagram.com\/p\/DNkVT0IMZoP\/?utm_source=ig_embed&amp;utm_campaign=loading\" data-instgrm-version=\"14\" style=\" background:#FFF; border:0; border-radius:3px; box-shadow:0 0 1px 0 rgba(0,0,0,0.5),0 1px 10px 0 rgba(0,0,0,0.15); margin: 1px; max-width:540px; min-width:326px; padding:0; width:99.375%; width:-webkit-calc(100% - 2px); width:calc(100% - 2px);\" wp_automatic_readability=\"-0.19266055045871\"\/>\n<p>*<strong>Elora Fisher<\/strong> de Saint-Herblain, de 21 ans, en Licence droit et \u00e9conomie.<\/p>\n<blockquote class=\"instagram-media\" data-instgrm-captioned=\"\" data-instgrm-permalink=\"https:\/\/www.instagram.com\/p\/DNkVbVQM7-5\/?utm_source=ig_embed&amp;utm_campaign=loading\" data-instgrm-version=\"14\" style=\" background:#FFF; border:0; border-radius:3px; box-shadow:0 0 1px 0 rgba(0,0,0,0.5),0 1px 10px 0 rgba(0,0,0,0.15); margin: 1px; max-width:540px; min-width:326px; padding:0; width:99.375%; width:-webkit-calc(100% - 2px); width:calc(100% - 2px);\" wp_automatic_readability=\"-0.19266055045871\"\/>\n<p>*<strong>Emma Donon<\/strong> de Grandchamp-des-Fontaines, 19 ans, en terminale.<\/p>\n<blockquote class=\"instagram-media\" data-instgrm-captioned=\"\" data-instgrm-permalink=\"https:\/\/www.instagram.com\/p\/DNkVeizsx1x\/?utm_source=ig_embed&amp;utm_campaign=loading\" data-instgrm-version=\"14\" style=\" background:#FFF; border:0; border-radius:3px; box-shadow:0 0 1px 0 rgba(0,0,0,0.5),0 1px 10px 0 rgba(0,0,0,0.15); margin: 1px; max-width:540px; min-width:326px; padding:0; width:99.375%; width:-webkit-calc(100% - 2px); width:calc(100% - 2px);\" wp_automatic_readability=\"-0.19266055045871\"\/>\n<p>*<strong>Lilou Athimon<\/strong> des Touches, 19 ans, en BTS ACSE, gestion d\u2019une structure agricole dans le milieu \u00e9quin.<\/p>\n<blockquote class=\"instagram-media\" data-instgrm-captioned=\"\" data-instgrm-permalink=\"https:\/\/www.instagram.com\/p\/DNkVivZskGz\/?utm_source=ig_embed&amp;utm_campaign=loading\" data-instgrm-version=\"14\" style=\" background:#FFF; border:0; border-radius:3px; box-shadow:0 0 1px 0 rgba(0,0,0,0.5),0 1px 10px 0 rgba(0,0,0,0.15); margin: 1px; max-width:540px; min-width:326px; padding:0; width:99.375%; width:-webkit-calc(100% - 2px); width:calc(100% - 2px);\" wp_automatic_readability=\"-0.19266055045871\"\/>\n<p>*<strong>Oc\u00e9ana Rizvanovic<\/strong> de Saint-Nazaire, 20 ans, proth\u00e9siste ongulaire.<\/p>\n<blockquote class=\"instagram-media\" data-instgrm-captioned=\"\" data-instgrm-permalink=\"https:\/\/www.instagram.com\/p\/DNkVmcfsEXD\/?utm_source=ig_embed&amp;utm_campaign=loading\" data-instgrm-version=\"14\" style=\" background:#FFF; border:0; border-radius:3px; box-shadow:0 0 1px 0 rgba(0,0,0,0.5),0 1px 10px 0 rgba(0,0,0,0.15); margin: 1px; max-width:540px; min-width:326px; padding:0; width:99.375%; width:-webkit-calc(100% - 2px); width:calc(100% - 2px);\" wp_automatic_readability=\"-0.19266055045871\"\/>\n<p>*<strong>M\u00e9lanie Bachelier<\/strong> de Nantes, 19 ans, en premi\u00e8re ann\u00e9e de BTS communication.<\/p>\n<blockquote class=\"instagram-media\" data-instgrm-captioned=\"\" data-instgrm-permalink=\"https:\/\/www.instagram.com\/p\/DNkVqzYMjDO\/?utm_source=ig_embed&amp;utm_campaign=loading\" data-instgrm-version=\"14\" style=\" background:#FFF; border:0; border-radius:3px; box-shadow:0 0 1px 0 rgba(0,0,0,0.5),0 1px 10px 0 rgba(0,0,0,0.15); margin: 1px; max-width:540px; min-width:326px; padding:0; width:99.375%; width:-webkit-calc(100% - 2px); width:calc(100% - 2px);\" wp_automatic_readability=\"-0.19266055045871\"\/>\n<p>*<strong>Flore Bioret<\/strong> de La Baule<strong>,<\/strong> 24 ans, architecte d\u2019int\u00e9rieur.<\/p>\n<blockquote class=\"instagram-media\" data-instgrm-captioned=\"\" data-instgrm-permalink=\"https:\/\/www.instagram.com\/p\/DNkVsrhs99F\/?utm_source=ig_embed&amp;utm_campaign=loading\" data-instgrm-version=\"14\" style=\" background:#FFF; border:0; border-radius:3px; box-shadow:0 0 1px 0 rgba(0,0,0,0.5),0 1px 10px 0 rgba(0,0,0,0.15); margin: 1px; max-width:540px; min-width:326px; padding:0; width:99.375%; width:-webkit-calc(100% - 2px); width:calc(100% - 2px);\" wp_automatic_readability=\"-0.19266055045871\"\/>\n<p>*<strong>Marion Barr\u00e9<\/strong> de Nantes, 26 ans, infirmi\u00e8re.<\/p>\n<blockquote class=\"instagram-media\" data-instgrm-captioned=\"\" data-instgrm-permalink=\"https:\/\/www.instagram.com\/p\/DNkV194sOW4\/?utm_source=ig_embed&amp;utm_campaign=loading\" data-instgrm-version=\"14\" style=\" background:#FFF; border:0; border-radius:3px; box-shadow:0 0 1px 0 rgba(0,0,0,0.5),0 1px 10px 0 rgba(0,0,0,0.15); margin: 1px; max-width:540px; min-width:326px; padding:0; width:99.375%; width:-webkit-calc(100% - 2px); width:calc(100% - 2px);\" wp_automatic_readability=\"-0.19266055045871\"\/>\n<p>\u00a0<\/p>\n<p>\t\t<script async src=\"\/\/www.instagram.com\/embed.js\"><\/script><\/p>\n","protected":false},"excerpt":{"rendered":"C\u2019est la derni\u00e8re \u00e9lection qualificative 2025 pour notre r\u00e9gion. Ce dimanche 24 ao\u00fbt 2025, Miss Loire-Atlantique 2025 sera&hellip;\n","protected":false},"author":2,"featured_media":341406,"comment_status":"","ping_status":"","sticky":false,"template":"","format":"standard","meta":{"footnotes":""},"categories":[2818],"tags":[17,1111,11,47781,3474,1777,674,1011,27,21064,4027,3047,27472,766,12,2636,25],"class_list":{"0":"post-341405","1":"post","2":"type-post","3":"status-publish","4":"format-standard","5":"has-post-thumbnail","7":"category-nantes","8":"tag-17","9":"tag-actu","10":"tag-actualites","11":"tag-dauphines","12":"tag-decouvrez","13":"tag-eu","14":"tag-europe","15":"tag-fr","16":"tag-france","17":"tag-gagnante","18":"tag-grande","19":"tag-loire-atlantique","20":"tag-miss","21":"tag-nantes","22":"tag-news","23":"tag-pays-de-la-loire","24":"tag-republique-francaise"},"share_on_mastodon":{"url":"https:\/\/pubeurope.com\/@fr\/115085791331149525","error":""},"_links":{"self":[{"href":"https:\/\/www.europesays.com\/fr\/wp-json\/wp\/v2\/posts\/341405","targetHints":{"allow":["GET"]}}],"collection":[{"href":"https:\/\/www.europesays.com\/fr\/wp-json\/wp\/v2\/posts"}],"about":[{"href":"https:\/\/www.europesays.com\/fr\/wp-json\/wp\/v2\/types\/post"}],"author":[{"embeddable":true,"href":"https:\/\/www.europesays.com\/fr\/wp-json\/wp\/v2\/users\/2"}],"replies":[{"embeddable":true,"href":"https:\/\/www.europesays.com\/fr\/wp-json\/wp\/v2\/comments?post=341405"}],"version-history":[{"count":0,"href":"https:\/\/www.europesays.com\/fr\/wp-json\/wp\/v2\/posts\/341405\/revisions"}],"wp:featuredmedia":[{"embeddable":true,"href":"https:\/\/www.europesays.com\/fr\/wp-json\/wp\/v2\/media\/341406"}],"wp:attachment":[{"href":"https:\/\/www.europesays.com\/fr\/wp-json\/wp\/v2\/media?parent=341405"}],"wp:term":[{"taxonomy":"category","embeddable":true,"href":"https:\/\/www.europesays.com\/fr\/wp-json\/wp\/v2\/categories?post=341405"},{"taxonomy":"post_tag","embeddable":true,"href":"https:\/\/www.europesays.com\/fr\/wp-json\/wp\/v2\/tags?post=341405"}],"curies":[{"name":"wp","href":"https:\/\/api.w.org\/{rel}","templated":true}]}}