{"id":341407,"date":"2025-08-24T21:09:10","date_gmt":"2025-08-24T21:09:10","guid":{"rendered":"https:\/\/www.europesays.com\/fr\/341407\/"},"modified":"2025-08-24T21:09:10","modified_gmt":"2025-08-24T21:09:10","slug":"ligue-1-un-racing-forte-tete-simpose-face-a-nantes","status":"publish","type":"post","link":"https:\/\/www.europesays.com\/fr\/341407\/","title":{"rendered":"Ligue 1. Un Racing forte t\u00eate s&rsquo;impose face \u00e0 Nantes"},"content":{"rendered":"<p>Au moins ne pourra-t-on pas, en cette saison naissante, reprocher au Racing de ne pas m\u00e9nager le suspense. A Metz en ouverture le 17\u00a0ao\u00fbt, <a href=\"https:\/\/www.lalsace.fr\/sport\/2025\/08\/17\/un-seul-eclair-a-suffi-les-notes-de-metz-racing-(0-1)\" target=\"_blank\" rel=\"noopener\">il avait attendu la 85e pour s\u2019offrir son sixi\u00e8me derby de suite<\/a>. Ce dimanche, pour ses d\u00e9buts en Ligue 1 <a href=\"https:\/\/www.lalsace.fr\/d\/stade-de-la-meinau-a-strasbourg-un-vaste-chantier-pour-transformer-le-stade-du-rcsa-746a9a55-635c-4854-93c1-a6db901bc23c\" target=\"_blank\" rel=\"noopener\">dans une Meinau en partie r\u00e9nov\u00e9e<\/a>, il a patient\u00e9 jusqu\u2019\u00e0 la 81e pour clouer au sol des Canaris nantais qui ne se sont longtemps pas laiss\u00e9 marcher sur les pattes.<\/p>\n<p>Gr\u00e2ce \u00e0 ses deux succ\u00e8s sur le plus petit des scores, l\u2019\u00e9quipe de Liam Rosenior s\u2019installe dans le peloton de t\u00eate. En comptant ses nuls vierges \u00e0 Mayence pour son dernier match de pr\u00e9paration et devant Brondby jeudi en barrage aller de la Ligue Conf\u00e9rence, elle vient d\u2019aligner quatre clean-sheets.<\/p>\n<p>\u00ab\u00a0Nous avons connu une tr\u00e8s bonne p\u00e9riode l\u2019an dernier qui, pr\u00e9cis\u00e9ment, correspondait \u00e0&#8230;<\/p>\n","protected":false},"excerpt":{"rendered":"Au moins ne pourra-t-on pas, en cette saison naissante, reprocher au Racing de ne pas m\u00e9nager le suspense.&hellip;\n","protected":false},"author":2,"featured_media":341408,"comment_status":"","ping_status":"","sticky":false,"template":"","format":"standard","meta":{"footnotes":""},"categories":[2818],"tags":[1111,11,2389,1777,674,107,63,1011,27,766,12,2636,41281,25,517],"class_list":{"0":"post-341407","1":"post","2":"type-post","3":"status-publish","4":"format-standard","5":"has-post-thumbnail","7":"category-nantes","8":"tag-actu","9":"tag-actualites","10":"tag-alsace","11":"tag-eu","12":"tag-europe","13":"tag-fil-info","14":"tag-football","15":"tag-fr","16":"tag-france","17":"tag-nantes","18":"tag-news","19":"tag-pays-de-la-loire","20":"tag-racing-club-strasbourg-masculin","21":"tag-republique-francaise","22":"tag-sport"},"share_on_mastodon":{"url":"https:\/\/pubeurope.com\/@fr\/115085794560241512","error":""},"_links":{"self":[{"href":"https:\/\/www.europesays.com\/fr\/wp-json\/wp\/v2\/posts\/341407","targetHints":{"allow":["GET"]}}],"collection":[{"href":"https:\/\/www.europesays.com\/fr\/wp-json\/wp\/v2\/posts"}],"about":[{"href":"https:\/\/www.europesays.com\/fr\/wp-json\/wp\/v2\/types\/post"}],"author":[{"embeddable":true,"href":"https:\/\/www.europesays.com\/fr\/wp-json\/wp\/v2\/users\/2"}],"replies":[{"embeddable":true,"href":"https:\/\/www.europesays.com\/fr\/wp-json\/wp\/v2\/comments?post=341407"}],"version-history":[{"count":0,"href":"https:\/\/www.europesays.com\/fr\/wp-json\/wp\/v2\/posts\/341407\/revisions"}],"wp:featuredmedia":[{"embeddable":true,"href":"https:\/\/www.europesays.com\/fr\/wp-json\/wp\/v2\/media\/341408"}],"wp:attachment":[{"href":"https:\/\/www.europesays.com\/fr\/wp-json\/wp\/v2\/media?parent=341407"}],"wp:term":[{"taxonomy":"category","embeddable":true,"href":"https:\/\/www.europesays.com\/fr\/wp-json\/wp\/v2\/categories?post=341407"},{"taxonomy":"post_tag","embeddable":true,"href":"https:\/\/www.europesays.com\/fr\/wp-json\/wp\/v2\/tags?post=341407"}],"curies":[{"name":"wp","href":"https:\/\/api.w.org\/{rel}","templated":true}]}}