{"id":341412,"date":"2025-08-24T21:13:10","date_gmt":"2025-08-24T21:13:10","guid":{"rendered":"https:\/\/www.europesays.com\/fr\/341412\/"},"modified":"2025-08-24T21:13:10","modified_gmt":"2025-08-24T21:13:10","slug":"toulouse-brest-une-defense-du-stade-brestois-bien-morose-a-toulouse","status":"publish","type":"post","link":"https:\/\/www.europesays.com\/fr\/341412\/","title":{"rendered":"Toulouse &#8211; Brest : une d\u00e9fense du Stade Brestois bien morose \u00e0 Toulouse"},"content":{"rendered":"<p>Ligue 1 (2e journ\u00e9e). Toulouse FC &#8211; Stade Brestois : 2-0.<\/p>\n<p>Sous le cagnard toulousain, la d\u00e9fense brestoise a pris le bouillon, ce dimanche (2-0). Sur les bases de la saison derni\u00e8re (59 buts encaiss\u00e9s, 15e d\u00e9fense de Ligue 1) et de la rencontre du week-end dernier face \u00e0 Lille (3-3), les cicatrices se sont rouvertes et les erreurs r\u00e9p\u00e9t\u00e9es. \u00ab Je pense sinc\u00e8rement que j\u2019aurais pu sortir les deux de la charni\u00e8re \u00bb, pestait \u00c9ric Roy \u00e0 chaud. Avant la rencontre, il avait fait le choix de reconduire en d\u00e9fense Chardonnet &#8211; Le Cardinal, ses deux centraux les plus exp\u00e9riment\u00e9s. Il laissait donc sur le banc Junior Diaz, plut\u00f4t prometteur sur les rendez-vous estivaux. <\/p>\n<p>Leur premi\u00e8re mi-temps sans accroc et plut\u00f4t solide appelait \u00e0 voir la suite. Mais au retour des vestiaires, leur friabilit\u00e9 refaisait surface et les Occitans en profitaient largement. Lanc\u00e9 dans le dos de Chardonnet, Frank Magri se d\u00e9faisait de Le Cardinal et profitait d\u2019une erreur de main de Majecki (52\u2019). Peu ou prou le copier coller du week-end dernier sur le but de Giroud. \u00ab Ce qui me g\u00eane c\u2019est qu\u2019on r\u00e9p\u00e8te les m\u00eames erreurs, expliquait le coach finist\u00e9rien. On les r\u00e9p\u00e8te, on les r\u00e9p\u00e8te, on les r\u00e9p\u00e8te. \u00bb<\/p>\n<p>\u00ab On va peut-\u00eatre passer dans les b\u00eatisiers du foot \u00bb<\/p>\n<p>Assomm\u00e9e, la d\u00e9fense centrale, accusait le coup et allait \u00e0 nouveau faire parler d\u2019elle sur la seconde r\u00e9alisation du buteur du jour. \u00ab On va peut-\u00eatre passer dans les b\u00eatisiers du foot \u00bb, riait jaune le coach finist\u00e9rien. Apr\u00e8s un duel perdu par le capitaine brestois, son homologue ne reprenait pas le dessus et le num\u00e9ro 9 toulousain esquivait tr\u00e8s facilement un Radoslaw Majecki d\u00e9cid\u00e9ment pas dans le coup (65\u2019). \u00ab On attend toujours d\u2019un gardien qu\u2019il soit d\u00e9cisif. On ne va pas le condamner mais il est \u00e9vident que c\u2019est insuffisant \u00bb, r\u00e9agissait Roy. Avant de poursuivre : \u00ab On avait fait de notre d\u00e9but de saison, un objectif principal, pour revenir \u00e0 de meilleurs standards et de prendre beaucoup moins de buts. On ne peut pas dire qu\u2019il soit r\u00e9alis\u00e9. \u00bb<\/p>\n<p>Une rencontre \u00e0 oublier pour Chardonnet<\/p>\n<p>Le calvaire se poursuivait pour Brendan Chardonnet, qui, averti apr\u00e8s un nouveau duel perdu (1 duel gagn\u00e9 sur 6), \u00e9tait remplac\u00e9 (72\u2019). Le calice jusqu\u2019\u00e0 la lie. Abasourdi, il quittait m\u00eame les trav\u00e9es du Stadium sans s\u2019arr\u00eater devant la presse. \u00ab On est des comp\u00e9titeurs, \u00e7a fait toujours mal de se sentir coupable, indiquait Kenny Lala. Je ne pense pas que quelqu\u2019un va lui en vouloir, le match est jou\u00e9. \u00bb<\/p>\n<p>\u00c0 l\u2019image de leur maillot, la formation finist\u00e9rienne faisait alors grise mine \u00e0 vingt minutes de la fin. Et le sursaut d\u2019orgueil observ\u00e9 \u00e0 Le Bl\u00e9 en ouverture du championnat n\u2019avait pas lieu. \u00ab \u00c7a fait mal \u00e0 la t\u00eate ce genre de r\u00e9sultat. Au final, on ne peut s\u2019en prendre qu\u2019\u00e0 nous-m\u00eame \u00bb, poursuivait le lat\u00e9ral droit brestois qui ne d\u00e9sesp\u00e8re pas pour autant : \u00ab Notre mentalit\u00e9, c\u2019est d\u2019apprendre vite et de ne rien l\u00e2cher \u00bb. Les Brestois reprendront du service \u00e0 Lens, vendredi prochain (20h45). Pour essayer de redresser la barre, et r\u00e9gler les largesses d\u00e9fensives.<\/p>\n","protected":false},"excerpt":{"rendered":"Ligue 1 (2e journ\u00e9e). Toulouse FC &#8211; Stade Brestois : 2-0. Sous le cagnard toulousain, la d\u00e9fense brestoise&hellip;\n","protected":false},"author":2,"featured_media":341413,"comment_status":"","ping_status":"","sticky":false,"template":"","format":"standard","meta":{"footnotes":""},"categories":[2816],"tags":[1111,11,3450,3166,1777,674,63,1011,27,66,12,2680,25,60,4449,2312],"class_list":{"0":"post-341412","1":"post","2":"type-post","3":"status-publish","4":"format-standard","5":"has-post-thumbnail","7":"category-toulouse","8":"tag-actu","9":"tag-actualites","10":"tag-brest","11":"tag-en-continu-sports","12":"tag-eu","13":"tag-europe","14":"tag-football","15":"tag-fr","16":"tag-france","17":"tag-ligue-1","18":"tag-news","19":"tag-occitanie","20":"tag-republique-francaise","21":"tag-sports","22":"tag-stade-brestois","23":"tag-toulouse"},"share_on_mastodon":{"url":"https:\/\/pubeurope.com\/@fr\/115085810228755493","error":""},"_links":{"self":[{"href":"https:\/\/www.europesays.com\/fr\/wp-json\/wp\/v2\/posts\/341412","targetHints":{"allow":["GET"]}}],"collection":[{"href":"https:\/\/www.europesays.com\/fr\/wp-json\/wp\/v2\/posts"}],"about":[{"href":"https:\/\/www.europesays.com\/fr\/wp-json\/wp\/v2\/types\/post"}],"author":[{"embeddable":true,"href":"https:\/\/www.europesays.com\/fr\/wp-json\/wp\/v2\/users\/2"}],"replies":[{"embeddable":true,"href":"https:\/\/www.europesays.com\/fr\/wp-json\/wp\/v2\/comments?post=341412"}],"version-history":[{"count":0,"href":"https:\/\/www.europesays.com\/fr\/wp-json\/wp\/v2\/posts\/341412\/revisions"}],"wp:featuredmedia":[{"embeddable":true,"href":"https:\/\/www.europesays.com\/fr\/wp-json\/wp\/v2\/media\/341413"}],"wp:attachment":[{"href":"https:\/\/www.europesays.com\/fr\/wp-json\/wp\/v2\/media?parent=341412"}],"wp:term":[{"taxonomy":"category","embeddable":true,"href":"https:\/\/www.europesays.com\/fr\/wp-json\/wp\/v2\/categories?post=341412"},{"taxonomy":"post_tag","embeddable":true,"href":"https:\/\/www.europesays.com\/fr\/wp-json\/wp\/v2\/tags?post=341412"}],"curies":[{"name":"wp","href":"https:\/\/api.w.org\/{rel}","templated":true}]}}