{"id":341416,"date":"2025-08-24T21:17:11","date_gmt":"2025-08-24T21:17:11","guid":{"rendered":"https:\/\/www.europesays.com\/fr\/341416\/"},"modified":"2025-08-24T21:17:11","modified_gmt":"2025-08-24T21:17:11","slug":"marseille-itinerances-musicales-la-programmation","status":"publish","type":"post","link":"https:\/\/www.europesays.com\/fr\/341416\/","title":{"rendered":"MARSEILLE : Itin\u00e9rances musicales, la programmation"},"content":{"rendered":"<p><strong>La saison 2025-2026 de Marseille Concerts propose des itin\u00e9rances musicales dans divers lieux de la r\u00e9gion.<\/strong><br \/><strong>Jean-Baptiste Doulcet<\/strong><br \/>Musique et cin\u00e9ma<br \/>R\u00e9cital de piano<br \/><strong>Jeudi 8 janvier \u2013 19h<\/strong><br \/>Conservatoire Pierre-Barbizet<\/p>\n<p><strong>No\u00ebmi Waysfeld<\/strong><br \/>chante Barbara<br \/><strong>Jeudi 21 mai \u2013 20h<\/strong><br \/>Th\u00e9\u00e2tre La Colonne, Miramas<\/p>\n<p><strong>Emmanuel Arak\u00e9lian et Marie-Christine Barrault<\/strong><br \/>Bach Virtuose \u2013 Inspirations et admirateurs<br \/>Orgue et com\u00e9dienne<br \/><strong>Vendredi 12 juin \u2013 20h<\/strong><br \/>\u00c9glise Notre-Dame-du-Mont<\/p>\n<p><strong>Romain Guilhem<\/strong><br \/>Miroirs du temps<br \/>R\u00e9cital de piano<br \/>Cr\u00e9ation jeune public<br \/><strong>Mercredi 8 octobre \u2013 15h<\/strong><br \/>Id\u00e9eth\u00e8que, Les Pennes-Mirabeau<\/p>\n<p><strong>R\u00e9my Br\u00e8s-Feuillet, Marie Th\u00e9ofeyre et Ensemble La Palatine<\/strong><br \/>Stabat Mater de Pergol\u00e8se<br \/>Solistes, cordes et orgue<br \/><strong>Mardi 14 octobre \u2013 20h<\/strong><br \/>Basilique du Sacr\u00e9-C\u0153ur<\/p>\n<p><strong>Ga\u00eblle Solal<\/strong><br \/>R\u00e9cital de guitare<br \/><strong>Dimanche 16 novembre \u2013 11h<\/strong><br \/>Magic Mirrors, Istres<\/p>\n<p><strong>CONSERVATOIRE PIERRE-BARBIZET<\/strong><br \/>2 place Auguste-et-Fran\u00e7ois-Carli, 13001 Marseille<\/p>\n<p><strong>TH\u00c9\u00c2TRE LA COLONNE, MIRAMAS<\/strong><br \/>avenue Marcel-Paul, 13140 Miramas<\/p>\n<p><strong>\u00c9GLISE NOTRE-DAME-DU-MONT<\/strong><br \/>1 rue de Lodi, 13006 Marseille<\/p>\n<p><strong>ID\u00c9ETH\u00c8QUE, LES PENNES-MIRABEAU<\/strong><br \/>1 chemin de Val-Sec, 13170 Les Pennes-Mirabeau<\/p>\n<p><strong>BASILIQUE DU SACR\u00c9-C\u0152UR<\/strong><br \/>81 avenue du Prado, 13008 Marseille<\/p>\n<p><strong>SALLE MAGIC MIRRORS, ISTRES<\/strong><br \/>2 chemin de la Combe-aux-F\u00e9es, 13800 Istres<\/p>\n<p>Source : La saison 2025\u20132026 de Marseille Concerts sera celle des retrouvailles.<\/p>\n","protected":false},"excerpt":{"rendered":"La saison 2025-2026 de Marseille Concerts propose des itin\u00e9rances musicales dans divers lieux de la r\u00e9gion.Jean-Baptiste DoulcetMusique et&hellip;\n","protected":false},"author":2,"featured_media":341417,"comment_status":"","ping_status":"","sticky":false,"template":"","format":"standard","meta":{"footnotes":""},"categories":[2814],"tags":[1111,11,1777,674,1011,27,884,12,882,25],"class_list":{"0":"post-341416","1":"post","2":"type-post","3":"status-publish","4":"format-standard","5":"has-post-thumbnail","7":"category-marseille","8":"tag-actu","9":"tag-actualites","10":"tag-eu","11":"tag-europe","12":"tag-fr","13":"tag-france","14":"tag-marseille","15":"tag-news","16":"tag-provence-alpes-cote-dazur","17":"tag-republique-francaise"},"share_on_mastodon":{"url":"https:\/\/pubeurope.com\/@fr\/115085826122380661","error":""},"_links":{"self":[{"href":"https:\/\/www.europesays.com\/fr\/wp-json\/wp\/v2\/posts\/341416","targetHints":{"allow":["GET"]}}],"collection":[{"href":"https:\/\/www.europesays.com\/fr\/wp-json\/wp\/v2\/posts"}],"about":[{"href":"https:\/\/www.europesays.com\/fr\/wp-json\/wp\/v2\/types\/post"}],"author":[{"embeddable":true,"href":"https:\/\/www.europesays.com\/fr\/wp-json\/wp\/v2\/users\/2"}],"replies":[{"embeddable":true,"href":"https:\/\/www.europesays.com\/fr\/wp-json\/wp\/v2\/comments?post=341416"}],"version-history":[{"count":0,"href":"https:\/\/www.europesays.com\/fr\/wp-json\/wp\/v2\/posts\/341416\/revisions"}],"wp:featuredmedia":[{"embeddable":true,"href":"https:\/\/www.europesays.com\/fr\/wp-json\/wp\/v2\/media\/341417"}],"wp:attachment":[{"href":"https:\/\/www.europesays.com\/fr\/wp-json\/wp\/v2\/media?parent=341416"}],"wp:term":[{"taxonomy":"category","embeddable":true,"href":"https:\/\/www.europesays.com\/fr\/wp-json\/wp\/v2\/categories?post=341416"},{"taxonomy":"post_tag","embeddable":true,"href":"https:\/\/www.europesays.com\/fr\/wp-json\/wp\/v2\/tags?post=341416"}],"curies":[{"name":"wp","href":"https:\/\/api.w.org\/{rel}","templated":true}]}}