{"id":341418,"date":"2025-08-24T21:18:21","date_gmt":"2025-08-24T21:18:21","guid":{"rendered":"https:\/\/www.europesays.com\/fr\/341418\/"},"modified":"2025-08-24T21:18:21","modified_gmt":"2025-08-24T21:18:21","slug":"un-passager-fait-une-crise-de-demence-un-avion-reliant-lyon-a-porto-fait-demi-tour-en-urgence","status":"publish","type":"post","link":"https:\/\/www.europesays.com\/fr\/341418\/","title":{"rendered":"Un passager fait une crise de d\u00e9mence, un avion reliant Lyon \u00e0 Porto fait demi-tour en urgence"},"content":{"rendered":"<p>                            <img loading=\"lazy\" width=\"1080\" height=\"675\" class=\"attachment-article size-article wp-post-image lazyload\" alt=\"easy jet lyon madrid\" decoding=\"async\" src=\"https:\/\/www.europesays.com\/fr\/wp-content\/uploads\/2025\/06\/Visuel-easyJet-scaled-e1688647785293.jpg\" data-eio-rwidth=\"1080\" data-eio-rheight=\"675\"\/><\/p>\n<p>Easy Jet ouvre une nouvelle ligne depuis Lyon.<\/p>\n<p class=\"content\" style=\"font-size:1.2em;font-weight:700\">Le 22 ao\u00fbt, un avion de la compagnie EasyJet a \u00e9t\u00e9 oblig\u00e9 de faire demi-tour apr\u00e8s qu\u2019un passager a fait une crise de d\u00e9mence et tent\u00e9 de rentrer dans le cockpit.<\/p>\n<p>Grosse frayeur pour ces 150 passagers et le personnel de ce vol reliant Lyon \u00e0 Porto, au Portugal, vendredi 22 ao\u00fbt. Alors qu\u2019un avion de la compagnie EasyJet venait de d\u00e9coller de l\u2019a\u00e9roport Lyon Saint-Exup\u00e9ry, un passager portugais \u00e2g\u00e9 d\u2019une vingtaine d\u2019ann\u00e9es a commenc\u00e9 \u00e0 se montrer agressif. Selon nos confr\u00e8res du <a href=\"https:\/\/www.leprogres.fr\/faits-divers-justice\/2025\/08\/23\/grosse-frayeur-pour-les-passagers-un-homme-fait-une-crise-de-demence-sur-un-vol-lyon-porto-l-avion-fait-demi-tour\" target=\"_blank\" rel=\"noreferrer noopener nofollow\">Progr\u00e8s<\/a>, il aurait d\u2019abord bouscul\u00e9 des membres du personnel avant de tenter de rentrer dans le cockpit, laissant craindre un possible d\u00e9tournement.<\/p>\n<p>La tour du contr\u00f4le de l\u2019a\u00e9roport a quant \u00e0 elle \u00e9t\u00e9 pr\u00e9venue par le pilote, ainsi que la police aux fronti\u00e8res de Lyon Saint-Exup\u00e9ry. Face \u00e0 cette sc\u00e8ne surr\u00e9aliste, l\u2019avion a \u00e9t\u00e9 forc\u00e9 de faire demi-tour. Le suspect a finalement \u00e9t\u00e9 ma\u00eetris\u00e9 par d\u2019autres passagers avant d\u2019\u00eatre interpell\u00e9 par la police aux fronti\u00e8res, peu apr\u00e8s 19 heures.<\/p>\n<p>Toujours selon nos confr\u00e8res, l\u2019homme a \u00e9t\u00e9 plac\u00e9 en garde \u00e0 vue avant d\u2019\u00eatre transf\u00e9r\u00e9 \u00e0 l\u2019h\u00f4pital \u00c9douard Herriot de Lyon. Il aurait vraisemblablement fait une crise de d\u00e9mence et devrait \u00eatre entendu \u00e0 l\u2019issue de sa prise en charge m\u00e9dicale. Les autres passagers ont quant \u00e0 eux pu red\u00e9coller aux alentours de 22 heures.<\/p>\n","protected":false},"excerpt":{"rendered":"Easy Jet ouvre une nouvelle ligne depuis Lyon. Le 22 ao\u00fbt, un avion de la compagnie EasyJet a&hellip;\n","protected":false},"author":2,"featured_media":154094,"comment_status":"","ping_status":"","sticky":false,"template":"","format":"standard","meta":{"footnotes":""},"categories":[1889],"tags":[1111,11,2430,1777,674,1011,27,2428,12,25],"class_list":{"0":"post-341418","1":"post","2":"type-post","3":"status-publish","4":"format-standard","5":"has-post-thumbnail","7":"category-lyon","8":"tag-actu","9":"tag-actualites","10":"tag-auvergne-rhone-alpes","11":"tag-eu","12":"tag-europe","13":"tag-fr","14":"tag-france","15":"tag-lyon","16":"tag-news","17":"tag-republique-francaise"},"share_on_mastodon":{"url":"https:\/\/pubeurope.com\/@fr\/115085830231281984","error":""},"_links":{"self":[{"href":"https:\/\/www.europesays.com\/fr\/wp-json\/wp\/v2\/posts\/341418","targetHints":{"allow":["GET"]}}],"collection":[{"href":"https:\/\/www.europesays.com\/fr\/wp-json\/wp\/v2\/posts"}],"about":[{"href":"https:\/\/www.europesays.com\/fr\/wp-json\/wp\/v2\/types\/post"}],"author":[{"embeddable":true,"href":"https:\/\/www.europesays.com\/fr\/wp-json\/wp\/v2\/users\/2"}],"replies":[{"embeddable":true,"href":"https:\/\/www.europesays.com\/fr\/wp-json\/wp\/v2\/comments?post=341418"}],"version-history":[{"count":0,"href":"https:\/\/www.europesays.com\/fr\/wp-json\/wp\/v2\/posts\/341418\/revisions"}],"wp:featuredmedia":[{"embeddable":true,"href":"https:\/\/www.europesays.com\/fr\/wp-json\/wp\/v2\/media\/154094"}],"wp:attachment":[{"href":"https:\/\/www.europesays.com\/fr\/wp-json\/wp\/v2\/media?parent=341418"}],"wp:term":[{"taxonomy":"category","embeddable":true,"href":"https:\/\/www.europesays.com\/fr\/wp-json\/wp\/v2\/categories?post=341418"},{"taxonomy":"post_tag","embeddable":true,"href":"https:\/\/www.europesays.com\/fr\/wp-json\/wp\/v2\/tags?post=341418"}],"curies":[{"name":"wp","href":"https:\/\/api.w.org\/{rel}","templated":true}]}}