{"id":341419,"date":"2025-08-24T21:19:23","date_gmt":"2025-08-24T21:19:23","guid":{"rendered":"https:\/\/www.europesays.com\/fr\/341419\/"},"modified":"2025-08-24T21:19:23","modified_gmt":"2025-08-24T21:19:23","slug":"lyon-jean-michel-aulas-de-plus-en-plus-proche-de-devenir-candidat-aux-elections-municipales-de-2026-actualites","status":"publish","type":"post","link":"https:\/\/www.europesays.com\/fr\/341419\/","title":{"rendered":"Lyon : Jean-Michel Aulas de plus en plus proche de devenir candidat aux \u00e9lections municipales de 2026 : Actualit\u00e9s"},"content":{"rendered":"<p class=\"lead \"><strong>Jean-Michel Aulas, ex-patron de l\u2019OL et figure du football lyonnais, se rapproche d\u2019une candidature aux municipales de 2026. Il souhaite s&rsquo;inspirer de son exp\u00e9rience dans le sport . Selon lui, \u00ab\u00a0on ne b\u00e2tit rien en divisant\u00a0\u00bb.<\/strong><\/p>\n<p class=\"lead \">Si beaucoup sp\u00e9culent sur l\u2019\u00e9ventuelle candidature de l&rsquo;ancien patron de l&rsquo;OL \u00e0 la mairie de Lyon, bon nombre de m\u00e9dias ne se privent pas de faire penser qu\u2019il n\u2019y a plus mati\u00e8re \u00e0 douter. <a href=\"https:\/\/www.tf1info.fr\/elections\/elections-municipales-2026-apres-l-entreprise-et-le-football-jean-michel-aulas-voudrait-refonder-la-ville-de-lyon-2390421.html\" target=\"_blank\" rel=\"nofollow noopener\">TF1 Info<\/a> qualifie notamment la situation de \u201csecret de polichinelle\u201d.<\/p>\n<p class=\"lead \">Il faut dire que, m\u00eame si rien n\u2019est officiel, Jean-Michel Aulas a tout de m\u00eame expos\u00e9 sa vision de Lyon dans la Tribune du Dimanche, le 24 ao\u00fbt 2025. Il assurait au journal notamment qu\u2019il souhaitait \u00ab\u00a0rayonner sans diviser, ouvrir sans diluer\u00a0\u00bb ; une ville \u00ab\u00a0qui pense loin, agit juste et rassemble large\u00a0\u00bb.<\/p>\n<p>                                                                                                Le football, \u201cune mani\u00e8re de gouverner, d&rsquo;organiser, de b\u00e2tir\u201d<\/p>\n<p class=\"lead \">Le magnat du football de 76 ans a notamment d\u00e9taill\u00e9 dans l\u2019interview en question que \u201cce que l&rsquo;on vit dans un stade d\u00e9passe le sport. Le football est un miroir grossissant de la soci\u00e9t\u00e9, et parfois m\u00eame son laboratoire\u201d.<\/p>\n<p class=\"lead \">\u201cJe n&rsquo;ai jamais consid\u00e9r\u00e9 que le football se limitait \u00e0 un terrain\u2009: c&rsquo;est une mani\u00e8re de gouverner, d&rsquo;organiser, de b\u00e2tir\u201d, explique aupr\u00e8s de la Tribune du Dimanche Jean-Michel Aulas. \u00ab\u00a0J\u2019ai appris, poursuit le magnat de 76 ans, qu\u2019on ne b\u00e2tit rien en divisant : gouverner, c\u2019est poser des r\u00e8gles, garder l\u2019\u00e9quilibre, d\u00e9taille-t-il.<\/p>\n<p class=\"lead \">\u00ab\u00a0J&rsquo;ai vu \u00e0 Lyon des g\u00e9n\u00e9rations enti\u00e8res trouver leur place dans un groupe, leur \u00e9nergie dans une passion partag\u00e9e. J&rsquo;ai vu les tribunes \u00e9duquer, int\u00e9grer, r\u00e9parer, non pas mieux, mais autrement que les politiques publiques\u00a0\u00bb, ajoute m\u00eame ce dernier.<\/p>\n<p class=\"lead \">Notons aussi que Jean-Michel Aulas avait d\u00e9j\u00e0 <a href=\"https:\/\/www.lefigaro.fr\/sports\/football\/ligue-1\/jean-michel-aulas-candidat-a-la-mairie-de-lyon-j-y-reflechis-20250216\" target=\"_blank\" rel=\"nofollow noopener\">r\u00e9pondu au Figaro<\/a> \u00e0 la question de la v\u00e9racit\u00e9 de son ancienne candidature lors d\u2019un entretien le 16 f\u00e9vrier. \u201cJ\u2019y r\u00e9fl\u00e9chis, bien s\u00fbr\u201d, assurait-il.<\/p>\n<p class=\"lead \">L&rsquo;ex-patron de l\u2019OL ajoute aussi que \u201cles sollicitations, \u00e0 ma grande surprise, sont tr\u00e8s nombreuses et viennent de toutes parts, des commer\u00e7ants aux politiques, en passant par les entrepreneurs, les jeunes\u201d. Voil\u00e0 de quoi anticiper la potentielle pr\u00e9sence du magnat du football dans la course pour la mairie de Lyon devant s\u2019achever en mars 2026.<\/p>\n<p class=\"small font-weight-bold text-gray3 \"> publi\u00e9 le 24 ao\u00fbt \u00e0 16h27, <\/p>\n<p>                             Partager<\/p>\n","protected":false},"excerpt":{"rendered":"Jean-Michel Aulas, ex-patron de l\u2019OL et figure du football lyonnais, se rapproche d\u2019une candidature aux municipales de 2026.&hellip;\n","protected":false},"author":2,"featured_media":341420,"comment_status":"","ping_status":"","sticky":false,"template":"","format":"standard","meta":{"footnotes":""},"categories":[1889],"tags":[1111,11,2430,1777,674,1011,27,2428,12,25],"class_list":{"0":"post-341419","1":"post","2":"type-post","3":"status-publish","4":"format-standard","5":"has-post-thumbnail","7":"category-lyon","8":"tag-actu","9":"tag-actualites","10":"tag-auvergne-rhone-alpes","11":"tag-eu","12":"tag-europe","13":"tag-fr","14":"tag-france","15":"tag-lyon","16":"tag-news","17":"tag-republique-francaise"},"share_on_mastodon":{"url":"https:\/\/pubeurope.com\/@fr\/115085833883569286","error":""},"_links":{"self":[{"href":"https:\/\/www.europesays.com\/fr\/wp-json\/wp\/v2\/posts\/341419","targetHints":{"allow":["GET"]}}],"collection":[{"href":"https:\/\/www.europesays.com\/fr\/wp-json\/wp\/v2\/posts"}],"about":[{"href":"https:\/\/www.europesays.com\/fr\/wp-json\/wp\/v2\/types\/post"}],"author":[{"embeddable":true,"href":"https:\/\/www.europesays.com\/fr\/wp-json\/wp\/v2\/users\/2"}],"replies":[{"embeddable":true,"href":"https:\/\/www.europesays.com\/fr\/wp-json\/wp\/v2\/comments?post=341419"}],"version-history":[{"count":0,"href":"https:\/\/www.europesays.com\/fr\/wp-json\/wp\/v2\/posts\/341419\/revisions"}],"wp:featuredmedia":[{"embeddable":true,"href":"https:\/\/www.europesays.com\/fr\/wp-json\/wp\/v2\/media\/341420"}],"wp:attachment":[{"href":"https:\/\/www.europesays.com\/fr\/wp-json\/wp\/v2\/media?parent=341419"}],"wp:term":[{"taxonomy":"category","embeddable":true,"href":"https:\/\/www.europesays.com\/fr\/wp-json\/wp\/v2\/categories?post=341419"},{"taxonomy":"post_tag","embeddable":true,"href":"https:\/\/www.europesays.com\/fr\/wp-json\/wp\/v2\/tags?post=341419"}],"curies":[{"name":"wp","href":"https:\/\/api.w.org\/{rel}","templated":true}]}}