{"id":341421,"date":"2025-08-24T21:21:12","date_gmt":"2025-08-24T21:21:12","guid":{"rendered":"https:\/\/www.europesays.com\/fr\/341421\/"},"modified":"2025-08-24T21:21:12","modified_gmt":"2025-08-24T21:21:12","slug":"quelles-perturbations-prevoir-pour-la-ratp-et-la-sncf-cette-semaine-34","status":"publish","type":"post","link":"https:\/\/www.europesays.com\/fr\/341421\/","title":{"rendered":"Quelles perturbations pr\u00e9voir pour la RATP et la SNCF cette semaine ?"},"content":{"rendered":"<p><strong>TRANSPORTS &#8211; Du 25 au 31 ao\u00fbt, plusieurs lignes parisiennes et franciliennes connaissent quelques changements. Faisons le point avant de d\u00e9marrer la semaine<\/strong><\/p>\n<p>\u00c0 une semaine de la rentr\u00e9e, les lignes de transports connaissent quelques perturbations, notamment en raison de travaux, du lundi 25 ao\u00fbt au dimanche 31 ao\u00fbt 2025. Voici les changements \u00e0 pr\u00e9voir \u00e0 Paris et en \u00cele-de-France, si vous vous d\u00e9placez avec la <a href=\"https:\/\/www.20minutes.fr\/dossier\/ratp?at_medium=RSS%20feed&amp;at_campaign=ynews&amp;utm_source=yahoo&amp;utm_medium=rss&amp;utm_campaign=news_feed&amp;utm_content=in_article_link\" rel=\"nofollow noopener\" target=\"_blank\" data-ylk=\"slk:RATP;elm:context_link;itc:0;sec:content-canvas\" class=\"link \">RATP<\/a> et la <a href=\"https:\/\/www.20minutes.fr\/dossier\/sncf?at_medium=RSS%20feed&amp;at_campaign=ynews&amp;utm_source=yahoo&amp;utm_medium=rss&amp;utm_campaign=news_feed&amp;utm_content=in_article_link\" rel=\"nofollow noopener\" target=\"_blank\" data-ylk=\"slk:SNCF;elm:context_link;itc:0;sec:content-canvas\" class=\"link \">SNCF<\/a>.<\/p>\n<p>M\u00e9tro<\/p>\n<ul class=\"caas-list caas-list-bullet\">\n<li>\n<p>Ligne 1 : jusqu\u2019au 31 ao\u00fbt, le trafic sera interrompu entre Charles de Gaulle \u2013 Etoile et La D\u00e9fense (travaux). Des bus de substitution seront mis en place.<\/p>\n<\/li>\n<li>\n<p>Ligne 6 : jusqu\u2019au 28 septembre, l\u2019arr\u00eat ne sera pas desservi \u00e0 Cambronne (travaux).<\/p>\n<\/li>\n<li>\n<p>Ligne 8 : jusqu\u2019au 31 ao\u00fbt, le trafic sera interrompu entre Reuilly-Diderot et <a href=\"https:\/\/www.20minutes.fr\/dossier\/concorde?at_medium=RSS%20feed&amp;at_campaign=ynews&amp;utm_source=yahoo&amp;utm_medium=rss&amp;utm_campaign=news_feed&amp;utm_content=in_article_link\" rel=\"nofollow noopener\" target=\"_blank\" data-ylk=\"slk:Concorde;elm:context_link;itc:0;sec:content-canvas\" class=\"link \">Concorde<\/a> (travaux).<\/p>\n<\/li>\n<li>\n<p>Ligne 13 : jusqu\u2019au 31 ao\u00fbt, les stations Gabriel P\u00e9ri et Pernety sont inaccessibles (travaux).<\/p>\n<\/li>\n<\/ul>\n<p>Les perturbations dans le RER<\/p>\n<ul class=\"caas-list caas-list-bullet\">\n<li>\n<p>RER B : Jusqu\u2019au 27 ao\u00fbt inclus\u200b\u200b, le trafic sera interrompu entre Massy\u2013Palaiseau et La Croix de Berny (travaux).<\/p>\n<\/li>\n<li>\n<p><a href=\"https:\/\/www.20minutes.fr\/dossier\/rer_c?at_medium=RSS%20feed&amp;at_campaign=ynews&amp;utm_source=yahoo&amp;utm_medium=rss&amp;utm_campaign=news_feed&amp;utm_content=in_article_link\" rel=\"nofollow noopener\" target=\"_blank\" data-ylk=\"slk:RER C;elm:context_link;itc:0;sec:content-canvas\" class=\"link \">RER C<\/a> : jusqu\u2019au 29 ao\u00fbt, du lundi au vendredi, d\u00e8s 23 h, le trafic sera interrompu entre Paris Austerlitz et Pont de Rungis. Vous pouvez vous reporter sur les lignes du <a href=\"https:\/\/www.20minutes.fr\/dossier\/metro?at_medium=RSS%20feed&amp;at_campaign=ynews&amp;utm_source=yahoo&amp;utm_medium=rss&amp;utm_campaign=news_feed&amp;utm_content=in_article_link\" rel=\"nofollow noopener\" target=\"_blank\" data-ylk=\"slk:M\u00e9tro;elm:context_link;itc:0;sec:content-canvas\" class=\"link \">M\u00e9tro<\/a>, Tramways et lignes de bus de ville.<\/p>\n<\/li>\n<li>\n<p>RER D : jusqu\u2019au 31 octobre, du lundi au vendredi d\u00e8s 23h20, le trafic sera interrompu entre Gare du Nord et Creil (travaux). Des bus de substitution seront mis en place. Jusqu\u2019au vendredi 29 ao\u00fbt, les gares entre Paris Gare de Lyon et Villeneuve-Saint-Georges ne seront pas desservies. Des bus de substitution seront mis en place. Maisons-Alfort Alfortville et Villeneuve-Saint-Georges.<\/p>\n<\/li>\n<\/ul>\n<p>Transilien<\/p>\n<p>Ligne J : jusqu\u2019au 29 ao(&#8230;)<\/p>\n<p><a href=\"https:\/\/www.20minutes.fr\/paris\/4169279-20250824-paris-ile-france-perturbations-prevoir-ratp-sncf-semaine?at_medium=RSS%20feed&amp;at_campaign=ynews&amp;utm_source=yahoo&amp;utm_medium=rss&amp;utm_campaign=news_feed&amp;utm_content=read_more_link&quot;\" rel=\"nofollow noopener\" target=\"_blank\" data-ylk=\"slk:Lire la suite sur 20minutes;elm:context_link;itc:0;sec:content-canvas\" class=\"link \">Lire la suite sur 20minutes<\/a><\/p>\n<p>\u00c0 lire aussi :<br \/><a href=\"https:\/\/www.20minutes.fr\/societe\/4164504-20250815-voyager-chat-questions-poser-avant-partir?at_medium=RSS%20feed&amp;at_campaign=ynews&amp;utm_source=yahoo&amp;utm_medium=rss&amp;utm_campaign=news_feed&amp;utm_content=related_content_link\" rel=\"nofollow noopener\" target=\"_blank\" data-ylk=\"slk:Voyager avec son chat : Les questions \u00e0 se poser avant de partir;elm:context_link;itc:0;sec:content-canvas\" class=\"link \">Voyager avec son chat : Les questions \u00e0 se poser avant de partir<\/a><br \/><a href=\"https:\/\/www.20minutes.fr\/faits_divers\/4167222-20250808-sncf-invalide-force-soulever-valise-lourde-lors-controle-tgv?at_medium=RSS%20feed&amp;at_campaign=ynews&amp;utm_source=yahoo&amp;utm_medium=rss&amp;utm_campaign=news_feed&amp;utm_content=related_content_link\" rel=\"nofollow noopener\" target=\"_blank\" data-ylk=\"slk:SNCF : Un invalide forc\u00e9 \u00e0 soulever une valise lourde lors d\u2019un contr\u00f4le dans un TGV;elm:context_link;itc:0;sec:content-canvas\" class=\"link \">SNCF : Un invalide forc\u00e9 \u00e0 soulever une valise lourde lors d\u2019un contr\u00f4le dans un TGV<\/a><\/p>\n","protected":false},"excerpt":{"rendered":"TRANSPORTS &#8211; Du 25 au 31 ao\u00fbt, plusieurs lignes parisiennes et franciliennes connaissent quelques changements. Faisons le point&hellip;\n","protected":false},"author":2,"featured_media":341422,"comment_status":"","ping_status":"","sticky":false,"template":"","format":"standard","meta":{"footnotes":""},"categories":[1592],"tags":[1111,11,1777,674,1011,27,662,2789,7101,12,626,47782,25],"class_list":{"0":"post-341421","1":"post","2":"type-post","3":"status-publish","4":"format-standard","5":"has-post-thumbnail","7":"category-ile-de-france","8":"tag-actu","9":"tag-actualites","10":"tag-eu","11":"tag-europe","12":"tag-fr","13":"tag-france","14":"tag-ile-de-france","15":"tag-la-rentree","16":"tag-lignes-de-bus","17":"tag-news","18":"tag-paris","19":"tag-paris-gare-de-lyon","20":"tag-republique-francaise"},"share_on_mastodon":{"url":"https:\/\/pubeurope.com\/@fr\/115085841792768371","error":""},"_links":{"self":[{"href":"https:\/\/www.europesays.com\/fr\/wp-json\/wp\/v2\/posts\/341421","targetHints":{"allow":["GET"]}}],"collection":[{"href":"https:\/\/www.europesays.com\/fr\/wp-json\/wp\/v2\/posts"}],"about":[{"href":"https:\/\/www.europesays.com\/fr\/wp-json\/wp\/v2\/types\/post"}],"author":[{"embeddable":true,"href":"https:\/\/www.europesays.com\/fr\/wp-json\/wp\/v2\/users\/2"}],"replies":[{"embeddable":true,"href":"https:\/\/www.europesays.com\/fr\/wp-json\/wp\/v2\/comments?post=341421"}],"version-history":[{"count":0,"href":"https:\/\/www.europesays.com\/fr\/wp-json\/wp\/v2\/posts\/341421\/revisions"}],"wp:featuredmedia":[{"embeddable":true,"href":"https:\/\/www.europesays.com\/fr\/wp-json\/wp\/v2\/media\/341422"}],"wp:attachment":[{"href":"https:\/\/www.europesays.com\/fr\/wp-json\/wp\/v2\/media?parent=341421"}],"wp:term":[{"taxonomy":"category","embeddable":true,"href":"https:\/\/www.europesays.com\/fr\/wp-json\/wp\/v2\/categories?post=341421"},{"taxonomy":"post_tag","embeddable":true,"href":"https:\/\/www.europesays.com\/fr\/wp-json\/wp\/v2\/tags?post=341421"}],"curies":[{"name":"wp","href":"https:\/\/api.w.org\/{rel}","templated":true}]}}