{"id":341423,"date":"2025-08-24T21:22:15","date_gmt":"2025-08-24T21:22:15","guid":{"rendered":"https:\/\/www.europesays.com\/fr\/341423\/"},"modified":"2025-08-24T21:22:15","modified_gmt":"2025-08-24T21:22:15","slug":"une-lettre-manuscrite-inedite-du-general-de-gaulle-devoilee","status":"publish","type":"post","link":"https:\/\/www.europesays.com\/fr\/341423\/","title":{"rendered":"une lettre manuscrite in\u00e9dite du g\u00e9n\u00e9ral de Gaulle d\u00e9voil\u00e9e"},"content":{"rendered":"<p>            lire plus tard<\/p>\n<p id=\"dialog__title\" class=\"dialog__title\">Pour sauvegarder cet article, connectez-vous ou cr\u00e9ez un compte franceinfo<\/p>\n<p class=\"dialog__description\">Sans paiement. Sans abonnement.<\/p>\n<p>        Fermer la fen\u00eatre d\u2019activation des notifications France Info<\/p>\n<p>            cr\u00e9er votre compte<\/p>\n<p>            se connecter<\/p>\n<p>        Fermer la fen\u00eatre de pr\u00e9sentation<\/p>\n<p>    Publi\u00e9 le 24\/08\/2025 22:53<\/p>\n<p>        Temps de lecture : 1min &#8211; vid\u00e9o : 2min<\/p>\n<p>    <img decoding=\"async\" class=\"francetv-player-wrapper__image\" alt=\"Lib\u00e9ration de Paris : une lettre manuscrite in\u00e9dite du g\u00e9n\u00e9ral de Gaulle d\u00e9voil\u00e9e\"  width=\"432\" height=\"243\" src=\"https:\/\/www.europesays.com\/fr\/wp-content\/uploads\/2025\/08\/video-2025-08-24t224419-432-68ab7ac593093878351221.jpg\" fetchpriority=\"high\"\/><\/p>\n<p>              Lib\u00e9ration de Paris : une lettre manuscrite in\u00e9dite du g\u00e9n\u00e9ral de Gaulle d\u00e9voil\u00e9e<br \/>\n                    (France 2)<\/p>\n<p>      2min<\/p>\n<p>\n  Plusieurs c\u00e9r\u00e9monies sont organis\u00e9es dans la capitale pour comm\u00e9morer la lib\u00e9ration de Paris. \u00c0 cette occasion, le mus\u00e9e de la Lib\u00e9ration d\u00e9voilera lundi 25 ao\u00fbt au public un document in\u00e9dit, une lettre manuscrite du g\u00e9n\u00e9ral de Gaulle envoy\u00e9e \u00e0 sa femme deux jours apr\u00e8s cet \u00e9v\u00e8nement.\n<\/p>\n<p><strong>Ce texte correspond \u00e0 une partie de la retranscription du reportage ci-dessus. Cliquez sur la vid\u00e9o pour le regarder en int\u00e9gralit\u00e9.<\/strong><\/p>\n<p>\u00ab\u00a0Ma ch\u00e8re petite femme ch\u00e9rie, tout va tr\u00e8s bien. Hier, manifestation inou\u00efe. Cela s&rsquo;est termin\u00e9 \u00e0 Notre-Dame par une sotte fusillade.\u00a0\u00bb Il s\u2019agit d\u2019un extrait d\u2019une lettre intime du g\u00e9n\u00e9ral de Gaulle, c\u00e9d\u00e9e il y a peu par la famille et \u00e9crite il y a 81 ans, quand <a href=\"https:\/\/www.franceinfo.fr\/culture\/patrimoine\/histoire\/la-famille-de-gaulle-remet-le-manuscrit-de-l-appel-du-18-juin-a-l-etat-ce-texte-fait-partie-du-patrimoine-du-pays-approuve-un-biographe-du-general_7307526.html\" rel=\"nofollow noopener\" target=\"_blank\">le peuple parisien retrouvait sa libert\u00e9<\/a>. La lettre d&rsquo;un homme \u00e0 son \u00e9pouse : \u00ab\u00a0Quand tu viendras, nous prendrons un h\u00f4tel du c\u00f4t\u00e9 du bois de Boulogne pour habiter.\u00a0\u00bb<\/p>\n<p>La victoire ne fait alors plus de doute ce 27 ao\u00fbt 44. La veille, le g\u00e9n\u00e9ral a prononc\u00e9 son discours devenu embl\u00e9matique : \u00ab\u00a0Paris, Paris outrag\u00e9, Paris bris\u00e9, Paris martyris\u00e9, mais Paris lib\u00e9r\u00e9.\u00a0\u00bb La lettre d&rsquo;une victoire d\u00e9crite en quelques mots apr\u00e8s six jours d&rsquo;insurrection.<\/p>\n<p>Lundi 25 ao\u00fbt, pour la premi\u00e8re fois, elle sera expos\u00e9e au mus\u00e9e de la Lib\u00e9ration, place Denfert-Rochereau \u00e0 Paris. C&rsquo;est l\u00e0 m\u00eame, au bas de ses cent marches, que s&rsquo;est organis\u00e9e la reconqu\u00eate de Paris dans les entrailles de la capitale. Le colonel Henri Rol-Tanguy y avait install\u00e9 son QG, au nez des Allemands, pour diriger et coordonner la bataille.<\/p>\n<p>Aujourd&rsquo;hui, ce d\u00e9dale de galeries charg\u00e9 d&rsquo;histoire se visite, l\u00e0 o\u00f9 Rol-Tanguy a men\u00e9 le combat, guid\u00e9 par le g\u00e9n\u00e9ral de Gaulle.<\/p>\n","protected":false},"excerpt":{"rendered":"lire plus tard Pour sauvegarder cet article, connectez-vous ou cr\u00e9ez un compte franceinfo Sans paiement. Sans abonnement. Fermer&hellip;\n","protected":false},"author":2,"featured_media":341424,"comment_status":"","ping_status":"","sticky":false,"template":"","format":"standard","meta":{"footnotes":""},"categories":[1888],"tags":[1111,1928,11,1927,1777,674,1011,27,12,1926,626,1925,25],"class_list":{"0":"post-341423","1":"post","2":"type-post","3":"status-publish","4":"format-standard","5":"has-post-thumbnail","7":"category-paris","8":"tag-actu","9":"tag-actu-paris","10":"tag-actualites","11":"tag-actualites-paris","12":"tag-eu","13":"tag-europe","14":"tag-fr","15":"tag-france","16":"tag-news","17":"tag-news-paris","18":"tag-paris","19":"tag-paris-news","20":"tag-republique-francaise"},"share_on_mastodon":{"url":"https:\/\/pubeurope.com\/@fr\/115085846065957869","error":""},"_links":{"self":[{"href":"https:\/\/www.europesays.com\/fr\/wp-json\/wp\/v2\/posts\/341423","targetHints":{"allow":["GET"]}}],"collection":[{"href":"https:\/\/www.europesays.com\/fr\/wp-json\/wp\/v2\/posts"}],"about":[{"href":"https:\/\/www.europesays.com\/fr\/wp-json\/wp\/v2\/types\/post"}],"author":[{"embeddable":true,"href":"https:\/\/www.europesays.com\/fr\/wp-json\/wp\/v2\/users\/2"}],"replies":[{"embeddable":true,"href":"https:\/\/www.europesays.com\/fr\/wp-json\/wp\/v2\/comments?post=341423"}],"version-history":[{"count":0,"href":"https:\/\/www.europesays.com\/fr\/wp-json\/wp\/v2\/posts\/341423\/revisions"}],"wp:featuredmedia":[{"embeddable":true,"href":"https:\/\/www.europesays.com\/fr\/wp-json\/wp\/v2\/media\/341424"}],"wp:attachment":[{"href":"https:\/\/www.europesays.com\/fr\/wp-json\/wp\/v2\/media?parent=341423"}],"wp:term":[{"taxonomy":"category","embeddable":true,"href":"https:\/\/www.europesays.com\/fr\/wp-json\/wp\/v2\/categories?post=341423"},{"taxonomy":"post_tag","embeddable":true,"href":"https:\/\/www.europesays.com\/fr\/wp-json\/wp\/v2\/tags?post=341423"}],"curies":[{"name":"wp","href":"https:\/\/api.w.org\/{rel}","templated":true}]}}