{"id":341425,"date":"2025-08-24T21:23:12","date_gmt":"2025-08-24T21:23:12","guid":{"rendered":"https:\/\/www.europesays.com\/fr\/341425\/"},"modified":"2025-08-24T21:23:12","modified_gmt":"2025-08-24T21:23:12","slug":"la-france-convoque-lambassadeur-americain-a-paris-apres-ses-propos-sur-lantisemitisme-24-08-2025-a-2301","status":"publish","type":"post","link":"https:\/\/www.europesays.com\/fr\/341425\/","title":{"rendered":"La France convoque l&rsquo;ambassadeur am\u00e9ricain \u00e0 Paris apr\u00e8s ses propos sur l&rsquo;antis\u00e9mitisme &#8211; 24\/08\/2025 \u00e0 23:01"},"content":{"rendered":"<p>\n L&rsquo;ambassadeur am\u00e9ricain \u00e0 Paris,<br \/>\nCharles Kushner, va \u00eatre convoqu\u00e9 lundi au Quai d&rsquo;Orsay apr\u00e8s<br \/>\nses propos soulignant \u00ab\u00a0l&rsquo;absence d&rsquo;action suffisante\u00a0\u00bb du<br \/>\ngouvernement fran\u00e7ais pour combattre la mont\u00e9e de<br \/>\nl&rsquo;antis\u00e9mitisme, a annonc\u00e9 dimanche le porte-parolat du<br \/>\nminist\u00e8re des Affaires \u00e9trang\u00e8res.\n<\/p>\n<p>\n Dans une lettre dat\u00e9e du 25 ao\u00fbt, date anniversaire de la<br \/>\nlib\u00e9ration de Paris, et adress\u00e9e \u00e0 Emmanuel Macron, Charles<br \/>\nKushner d\u00e9nonce le manque d&rsquo;action de la part du gouvernement<br \/>\nfran\u00e7ais pour lutter contre l&rsquo;antis\u00e9mitisme.\n<\/p>\n<p>\n \u00ab\u00a0Le jour du 81e anniversaire de la Lib\u00e9ration de Paris, qui<br \/>\na mis un terme \u00e0 la d\u00e9portation de Juifs depuis le territoire<br \/>\nfran\u00e7ais, j&rsquo;\u00e9cris avec une profonde inqui\u00e9tude sur la flamb\u00e9e<br \/>\ndramatique de l&rsquo;antis\u00e9mitisme en France et sur l&rsquo;absence<br \/>\nd&rsquo;action suffisante de la part de votre gouvernement pour le<br \/>\ncombattre\u00a0\u00bb, \u00e9crit Charles Kushner dans une lettre publi\u00e9e<br \/>\ndimanche dans la presse am\u00e9ricaine.\n<\/p>\n<p>\n Paris d\u00e9nonce des propos \u00ab\u00a0inacceptables\u00a0\u00bb de l&rsquo;ambassadeur<br \/>\nam\u00e9ricain, allant \u00ab\u00a0\u00e0 l&rsquo;encontre du droit international\u00a0\u00bb.\n<\/p>\n<p>\n \u00ab\u00a0La France r\u00e9fute fermement ces derni\u00e8res all\u00e9gations. La<br \/>\nmont\u00e9e des actes antis\u00e9mites en France depuis le 7 octobre 2023<br \/>\nest une r\u00e9alit\u00e9 que nous d\u00e9plorons et sur laquelle les autorit\u00e9s<br \/>\nfran\u00e7aises font preuve d\u2019une mobilisation totale, tant ces actes<br \/>\nsont intol\u00e9rables\u00a0\u00bb, \u00e9crit le Quai d&rsquo;Orsay dans un communiqu\u00e9.\n<\/p>\n<p>\n (Elizabeth Pineau, r\u00e9dig\u00e9 par Zhifan Liu)<\/p>\n","protected":false},"excerpt":{"rendered":"L&rsquo;ambassadeur am\u00e9ricain \u00e0 Paris, Charles Kushner, va \u00eatre convoqu\u00e9 lundi au Quai d&rsquo;Orsay apr\u00e8s ses propos soulignant \u00ab\u00a0l&rsquo;absence&hellip;\n","protected":false},"author":2,"featured_media":2486,"comment_status":"","ping_status":"","sticky":false,"template":"","format":"standard","meta":{"footnotes":""},"categories":[1888],"tags":[400,1111,1928,11,1927,398,408,405,1777,674,1011,27,403,402,399,404,12,1926,626,1925,25,401,406,407],"class_list":{"0":"post-341425","1":"post","2":"type-post","3":"status-publish","4":"format-standard","5":"has-post-thumbnail","7":"category-paris","8":"tag-action-cac-40","9":"tag-actu","10":"tag-actu-paris","11":"tag-actualites","12":"tag-actualites-paris","13":"tag-bourse-de-paris","14":"tag-boursorama","15":"tag-cotations","16":"tag-eu","17":"tag-europe","18":"tag-fr","19":"tag-france","20":"tag-indices-devises","21":"tag-investir","22":"tag-investissement","23":"tag-marche-boursier","24":"tag-news","25":"tag-news-paris","26":"tag-paris","27":"tag-paris-news","28":"tag-republique-francaise","29":"tag-sicav","30":"tag-trackers","31":"tag-warrants"},"share_on_mastodon":{"url":"https:\/\/pubeurope.com\/@fr\/115085850687537513","error":""},"_links":{"self":[{"href":"https:\/\/www.europesays.com\/fr\/wp-json\/wp\/v2\/posts\/341425","targetHints":{"allow":["GET"]}}],"collection":[{"href":"https:\/\/www.europesays.com\/fr\/wp-json\/wp\/v2\/posts"}],"about":[{"href":"https:\/\/www.europesays.com\/fr\/wp-json\/wp\/v2\/types\/post"}],"author":[{"embeddable":true,"href":"https:\/\/www.europesays.com\/fr\/wp-json\/wp\/v2\/users\/2"}],"replies":[{"embeddable":true,"href":"https:\/\/www.europesays.com\/fr\/wp-json\/wp\/v2\/comments?post=341425"}],"version-history":[{"count":0,"href":"https:\/\/www.europesays.com\/fr\/wp-json\/wp\/v2\/posts\/341425\/revisions"}],"wp:featuredmedia":[{"embeddable":true,"href":"https:\/\/www.europesays.com\/fr\/wp-json\/wp\/v2\/media\/2486"}],"wp:attachment":[{"href":"https:\/\/www.europesays.com\/fr\/wp-json\/wp\/v2\/media?parent=341425"}],"wp:term":[{"taxonomy":"category","embeddable":true,"href":"https:\/\/www.europesays.com\/fr\/wp-json\/wp\/v2\/categories?post=341425"},{"taxonomy":"post_tag","embeddable":true,"href":"https:\/\/www.europesays.com\/fr\/wp-json\/wp\/v2\/tags?post=341425"}],"curies":[{"name":"wp","href":"https:\/\/api.w.org\/{rel}","templated":true}]}}