{"id":341429,"date":"2025-08-24T21:26:15","date_gmt":"2025-08-24T21:26:15","guid":{"rendered":"https:\/\/www.europesays.com\/fr\/341429\/"},"modified":"2025-08-24T21:26:15","modified_gmt":"2025-08-24T21:26:15","slug":"les-parents-de-laurent-vinatier-temoignent","status":"publish","type":"post","link":"https:\/\/www.europesays.com\/fr\/341429\/","title":{"rendered":"les parents de Laurent Vinatier t\u00e9moignent"},"content":{"rendered":"<p>            lire plus tard<\/p>\n<p id=\"dialog__title\" class=\"dialog__title\">Pour sauvegarder cet article, connectez-vous ou cr\u00e9ez un compte franceinfo<\/p>\n<p class=\"dialog__description\">Sans paiement. Sans abonnement.<\/p>\n<p>        Fermer la fen\u00eatre d\u2019activation des notifications France Info<\/p>\n<p>            cr\u00e9er votre compte<\/p>\n<p>            se connecter<\/p>\n<p>        Fermer la fen\u00eatre de pr\u00e9sentation<\/p>\n<p>    Publi\u00e9 le 24\/08\/2025 21:32<\/p>\n<p>      Mis \u00e0 jour le 24\/08\/2025 21:32<\/p>\n<p>        Temps de lecture : 2min &#8211; vid\u00e9o : 2min<\/p>\n<p>    <img decoding=\"async\" class=\"francetv-player-wrapper__image\" alt=\"Fran\u00e7ais emprisonn\u00e9 en Russie : les parents de Laurent Vinatier t\u00e9moignent\"  width=\"432\" height=\"243\" src=\"https:\/\/www.europesays.com\/fr\/wp-content\/uploads\/2025\/08\/video-2025-08-24t211808-024-68ab674323df3635829899.jpg\" fetchpriority=\"high\"\/><\/p>\n<p>              Fran\u00e7ais emprisonn\u00e9 en Russie : les parents de Laurent Vinatier t\u00e9moignent<br \/>\n                    (France 2)<\/p>\n<p>      2min<\/p>\n<p>\n  C\u2019est le combat d&rsquo;une famille pour la lib\u00e9ration du Fran\u00e7ais Laurent Vinatier, incarc\u00e9r\u00e9 en Russie depuis plus d&rsquo;un an. Une nouvelle audience est pr\u00e9vue lundi 25 ao\u00fbt \u00e0 Moscou. Accus\u00e9 d&rsquo;espionnage, le salari\u00e9 d&rsquo;une ONG suisse risque jusqu&rsquo;\u00e0 20 ans de prison. Ses parents t\u00e9moignent.\n<\/p>\n<p><strong>Ce texte correspond \u00e0 une partie de la retranscription du reportage ci-dessus. Cliquez sur la vid\u00e9o pour le regarder en int\u00e9gralit\u00e9.<\/strong><\/p>\n<p><a href=\"https:\/\/www.franceinfo.fr\/monde\/russie\/laurent-vinatier-le-chercheur-francais-emprisonne-en-russie-fait-l-objet-d-une-enquete-pour-espionnage_7446436.html\" rel=\"nofollow noopener\" target=\"_blank\">Laurent Vinatier<\/a> est film\u00e9 derri\u00e8re les barreaux de sa ge\u00f4le russe, le cr\u00e2ne ras\u00e9, l&rsquo;air \u00e9puis\u00e9. C\u2019est l&rsquo;une des rares images du Fran\u00e7ais qui purge aujourd&rsquo;hui \u00e0 Moscou une peine de trois ans de prison. Dimanche 24 ao\u00fbt, ses parents, inquiets quant au sort de leur fils, ont accept\u00e9 de rencontrer une des \u00e9quipes de France T\u00e9l\u00e9visions. Les Russes le soup\u00e7onnent d\u00e9sormais d&rsquo;\u00eatre un espion fran\u00e7ais ; il risque jusqu&rsquo;\u00e0 20 ans de prison. \u00ab\u00a0Je n&rsquo;imagine m\u00eame pas 20 ans. De toute fa\u00e7on, si vraiment Laurent est d\u00e9tenu pendant 20 ans, on ne le reverra plus de notre vie puisqu&rsquo;on sera morts, c&rsquo;est certain, vu notre \u00e2ge. C&rsquo;est inimaginable\u00a0\u00bb, d\u00e9plore Brigitte Vinatier, m\u00e8re de Laurent.<\/p>\n<p>Dans l&rsquo;appartement familial, les photos de Laurent Vinatier s&rsquo;affichent un peu partout. Ses ouvrages sont expos\u00e9s. Lui, amoureux de la Russie, s&rsquo;y est rendu des dizaines de fois avant d&rsquo;y \u00eatre emprisonn\u00e9. Il n&rsquo;\u00e9tait pas inquiet quand il se rendait \u00e0 Moscou. Alors qu&rsquo;en juin 2024, Laurent Vinatier est arr\u00eat\u00e9 dans un restaurant de Moscou, c&rsquo;est la stup\u00e9faction pour ses proches. L&rsquo;interpellation est film\u00e9e par la justice russe.<\/p>\n<p>Il est reproch\u00e9 au Fran\u00e7ais de ne pas s&rsquo;\u00eatre enregistr\u00e9 comme agent de l&rsquo;\u00e9tranger, une formalit\u00e9 administrative en Russie. Il travaille \u00e0 ce moment-l\u00e0 pour une ONG suisse sp\u00e9cialis\u00e9e dans la m\u00e9diation internationale, de la diplomatie parall\u00e8le avec l&rsquo;accord du Kremlin, selon ses parents. \u00ab\u00a0Notre fils espion, c&rsquo;est absolument absurde quand on sait qu&rsquo;il travaille pour une ONG o\u00f9 tout ce qui est fait est absolument transparent\u00a0\u00bb, assure Brigitte Vinatier. \u00ab\u00a0Pour un Russe, d\u00e8s qu&rsquo;on est \u00e9tranger, on est espion\u00a0\u00bb, regrette pour sa part Alain Vinatier, p\u00e8re de Laurent.<\/p>\n<p>Ils ne l&rsquo;ont jamais revu depuis plus d&rsquo;un an et demi, mais ils parviennent \u00e0 s&rsquo;\u00e9changer des lettres. La derni\u00e8re leur est parvenue il y a quelques jours. Elle est \u00e9crite en russe. \u00ab\u00a0C&rsquo;est certainement lu par un bureau de la censure\u00a0\u00bb, suppose Brigitte Vinatier avant d\u2019ajouter : \u00ab\u00a0Il parle beaucoup de ce qu&rsquo;il aura envie de faire quand il rentrera en France.\u00a0\u00bb<\/p>\n<p>L&rsquo;\u00e9t\u00e9 dernier, plusieurs Occidentaux ont \u00e9t\u00e9 \u00e9chang\u00e9s contre des Russes d\u00e9tenus \u00e0 l&rsquo;\u00e9tranger. En sera-t-il de m\u00eame pour Laurent Vinatier ? C&rsquo;est en tout cas \u00e0 cet espoir que ses parents s&rsquo;accrochent aujourd&rsquo;hui.<\/p>\n","protected":false},"excerpt":{"rendered":"lire plus tard Pour sauvegarder cet article, connectez-vous ou cr\u00e9ez un compte franceinfo Sans paiement. Sans abonnement. Fermer&hellip;\n","protected":false},"author":2,"featured_media":341430,"comment_status":"","ping_status":"","sticky":false,"template":"","format":"standard","meta":{"footnotes":""},"categories":[1591],"tags":[11,1887,12,1885,1886,132],"class_list":{"0":"post-341429","1":"post","2":"type-post","3":"status-publish","4":"format-standard","5":"has-post-thumbnail","7":"category-russie","8":"tag-actualites","9":"tag-federation-de-russie","10":"tag-news","11":"tag-russia","12":"tag-russian-federation","13":"tag-russie"},"share_on_mastodon":{"url":"https:\/\/pubeurope.com\/@fr\/115085861434947328","error":""},"_links":{"self":[{"href":"https:\/\/www.europesays.com\/fr\/wp-json\/wp\/v2\/posts\/341429","targetHints":{"allow":["GET"]}}],"collection":[{"href":"https:\/\/www.europesays.com\/fr\/wp-json\/wp\/v2\/posts"}],"about":[{"href":"https:\/\/www.europesays.com\/fr\/wp-json\/wp\/v2\/types\/post"}],"author":[{"embeddable":true,"href":"https:\/\/www.europesays.com\/fr\/wp-json\/wp\/v2\/users\/2"}],"replies":[{"embeddable":true,"href":"https:\/\/www.europesays.com\/fr\/wp-json\/wp\/v2\/comments?post=341429"}],"version-history":[{"count":0,"href":"https:\/\/www.europesays.com\/fr\/wp-json\/wp\/v2\/posts\/341429\/revisions"}],"wp:featuredmedia":[{"embeddable":true,"href":"https:\/\/www.europesays.com\/fr\/wp-json\/wp\/v2\/media\/341430"}],"wp:attachment":[{"href":"https:\/\/www.europesays.com\/fr\/wp-json\/wp\/v2\/media?parent=341429"}],"wp:term":[{"taxonomy":"category","embeddable":true,"href":"https:\/\/www.europesays.com\/fr\/wp-json\/wp\/v2\/categories?post=341429"},{"taxonomy":"post_tag","embeddable":true,"href":"https:\/\/www.europesays.com\/fr\/wp-json\/wp\/v2\/tags?post=341429"}],"curies":[{"name":"wp","href":"https:\/\/api.w.org\/{rel}","templated":true}]}}