{"id":341431,"date":"2025-08-24T21:27:12","date_gmt":"2025-08-24T21:27:12","guid":{"rendered":"https:\/\/www.europesays.com\/fr\/341431\/"},"modified":"2025-08-24T21:27:12","modified_gmt":"2025-08-24T21:27:12","slug":"la-tour-eiffel-sillumine-en-bleu-et-jaune","status":"publish","type":"post","link":"https:\/\/www.europesays.com\/fr\/341431\/","title":{"rendered":"la Tour Eiffel s&rsquo;illumine en bleu et jaune"},"content":{"rendered":"<p>Ukraine\/34e anniversaire de l&rsquo;ind\u00e9pendance : la Tour Eiffel s&rsquo;illumine en bleu et jauneSur le m\u00eame sujet<a href=\"https:\/\/www.bfmtv.com\/international\/europe\/ukraine\/video-ukraine-34e-anniversaire-de-l-independance-la-tour-eiffel-s-illumine-en-bleu-et-jaune_VN-202508240325.html\" title=\"Ukraine\/34e anniversaire de l&#039;ind\u00e9pendance : la Tour Eiffel s&#039;illumine en bleu et jaune\" rel=\"nofollow noopener\" target=\"_blank\"><img width=\"16\" height=\"9\" class=\"lozad\"  alt=\"Ukraine\/34e anniversaire de l'ind\u00e9pendance : la Tour Eiffel s'illumine en bleu et jaune\"\/>en lectureUkraine\/34e anniversaire de l&rsquo;ind\u00e9pendance : la Tour Eiffel s&rsquo;illumine en bleu et jaune<\/a><a href=\"https:\/\/www.bfmtv.com\/international\/europe\/ukraine\/video-l-ukraine-fete-les-34-ans-de-son-independance_VN-202508240227.html\" title=\"L&#039;Ukraine f\u00eate les 34 ans de son ind\u00e9pendance\" rel=\"nofollow noopener\" target=\"_blank\"><img width=\"16\" height=\"9\" class=\"lozad\"  alt=\"L'Ukraine f\u00eate les 34 ans de son ind\u00e9pendance\"\/>1:27L&rsquo;Ukraine f\u00eate les 34 ans de son ind\u00e9pendance<\/a><a href=\"https:\/\/www.bfmtv.com\/international\/europe\/ukraine\/video-le-canada-invite-l-ukraine-au-prochain-sommet-du-g7_VN-202508240219.html\" title=\"Le Canada invite l&#039;Ukraine au prochain Sommet du G7 \" rel=\"nofollow noopener\" target=\"_blank\"><img width=\"16\" height=\"9\" class=\"lozad\"  alt=\"Le Canada invite l'Ukraine au prochain Sommet du G7 \"\/>1:13Le Canada invite l&rsquo;Ukraine au prochain Sommet du G7<\/a><a href=\"https:\/\/www.bfmtv.com\/international\/europe\/ukraine\/video-guerre-en-ukraine-nous-allons-mener-la-charge-et-soutenir-l-ukraine-affirme-le-premier-ministre-canadien_VN-202508240201.html\" title=\"Guerre en Ukraine: &quot;Nous allons mener la charge et soutenir l&#039;Ukraine&quot;, affirme le Premier ministre canadien\" rel=\"nofollow noopener\" target=\"_blank\"><img width=\"16\" height=\"9\" class=\"lozad\"  alt=\"Guerre en Ukraine: &quot;Nous allons mener la charge et soutenir l'Ukraine&quot;, affirme le Premier ministre canadien\"\/>0:46Guerre en Ukraine: \u00ab\u00a0Nous allons mener la charge et soutenir l&rsquo;Ukraine\u00a0\u00bb, affirme le Premier ministre canadien<\/a><a href=\"https:\/\/www.bfmtv.com\/international\/europe\/ukraine\/video-guerre-en-ukraine-le-temoignage-d-un-sniper-ukrainien-blesse-au-combat_VN-202508240199.html\" title=\"Guerre en Ukraine: le t\u00e9moignage d&#039;un sniper ukrainien bless\u00e9 au combat\" rel=\"nofollow noopener\" target=\"_blank\"><img width=\"16\" height=\"9\" class=\"lozad\"  alt=\"Guerre en Ukraine: le t\u00e9moignage d'un sniper ukrainien bless\u00e9 au combat\"\/>1:24Guerre en Ukraine: le t\u00e9moignage d&rsquo;un sniper ukrainien bless\u00e9 au combat<\/a><a href=\"https:\/\/www.bfmtv.com\/international\/europe\/ukraine\/video-34-ans-de-l-independance-de-l-ukraine-les-hommages-de-volodymyr-zelensky-et-mark-carney_VN-202508240194.html\" title=\"34 ans de l&#039;ind\u00e9pendance de l&#039;Ukraine: les hommages de Volodymyr Zelensky et Mark Carney\" rel=\"nofollow noopener\" target=\"_blank\"><img width=\"16\" height=\"9\" class=\"lozad\"  alt=\"34 ans de l'ind\u00e9pendance de l'Ukraine: les hommages de Volodymyr Zelensky et Mark Carney\"\/>2:0034 ans de l&rsquo;ind\u00e9pendance de l&rsquo;Ukraine: les hommages de Volodymyr Zelensky et Mark Carney<\/a><a href=\"https:\/\/www.bfmtv.com\/international\/europe\/ukraine\/video-ukraine-donald-trump-devoile-une-photo-prise-lors-du-sommet-en-l-alaska-avec-vladimir-poutine_VN-202508220589.html\" title=\"Ukraine: Donald Trump d\u00e9voile une photo prise lors du sommet en l&#039;Alaska avec Vladimir Poutine\" rel=\"nofollow noopener\" target=\"_blank\"><img width=\"16\" height=\"9\" class=\"lozad\"  alt=\"Ukraine: Donald Trump d\u00e9voile une photo prise lors du sommet en l'Alaska avec Vladimir Poutine\"\/>0:39Ukraine: Donald Trump d\u00e9voile une photo prise lors du sommet en l&rsquo;Alaska avec Vladimir Poutine<\/a><a href=\"https:\/\/www.bfmtv.com\/international\/europe\/ukraine\/video-ukraine-cette-guerre-ne-me-plait-pas-du-tout-declare-donald-trump_VN-202508220565.html\" title=\"Ukraine: &quot;Cette guerre ne me plait pas du tout&quot;, d\u00e9clare Donald Trump\" rel=\"nofollow noopener\" target=\"_blank\"><img width=\"16\" height=\"9\" class=\"lozad\"  alt=\"Ukraine: &quot;Cette guerre ne me plait pas du tout&quot;, d\u00e9clare Donald Trump\"\/>2:20Ukraine: \u00ab\u00a0Cette guerre ne me plait pas du tout\u00a0\u00bb, d\u00e9clare Donald Trump<\/a><a href=\"https:\/\/www.bfmtv.com\/international\/europe\/ukraine\/video-guerre-en-ukraine-donald-trump-annonce-qu-il-invitera-vladimir-poutine-a-la-coupe-du-monde-de-football-en-2026_VN-202508220538.html\" title=\"Guerre en Ukraine: Donald Trump annonce qu&#039;il invitera Vladimir Poutine \u00e0 la coupe du monde de football en 2026\" rel=\"nofollow noopener\" target=\"_blank\"><img width=\"16\" height=\"9\" class=\"lozad\"  alt=\"Guerre en Ukraine: Donald Trump annonce qu'il invitera Vladimir Poutine \u00e0 la coupe du monde de football en 2026\"\/>1:23Guerre en Ukraine: Donald Trump annonce qu&rsquo;il invitera Vladimir Poutine \u00e0 la coupe du monde de football en 2026<\/a><a href=\"https:\/\/www.bfmtv.com\/international\/europe\/ukraine\/video-guerre-en-ukraine-ca-ne-me-plait-pas-du-tout-lance-donald-trump_VN-202508220535.html\" title=\"Guerre en Ukraine: &quot;\u00e7a ne me plait pas du tout&quot;, lance Donald Trump\" rel=\"nofollow noopener\" target=\"_blank\"><img width=\"16\" height=\"9\" class=\"lozad\"  alt=\"Guerre en Ukraine: &quot;\u00e7a ne me plait pas du tout&quot;, lance Donald Trump\"\/>0:33Guerre en Ukraine: \u00ab\u00a0\u00e7a ne me plait pas du tout\u00a0\u00bb, lance Donald Trump<\/a><a href=\"https:\/\/www.bfmtv.com\/international\/europe\/ukraine\/video-trump-guerre-en-ukraine-pendant-tres-longtemps-les-ukrainiens-n-ont-pas-pu-frapper-le-territoire-russes-maintenant-c-est-beaucoup-moins-vrai-explique-ulrich-bounat-analyste-geopolitique_VN-202508220471.html\" title=\"Trump\/guerre en Ukraine: &quot;pendant tr\u00e8s longtemps, les Ukrainiens n&#039;ont pas pu frapper le territoire Russes, maintenant c&#039;est beaucoup moins vrai&quot;, explique Ulrich Bounat, analyste g\u00e9opolitique\" rel=\"nofollow noopener\" target=\"_blank\"><img width=\"16\" height=\"9\" class=\"lozad\"  alt=\"Trump\/guerre en Ukraine: &quot;pendant tr\u00e8s longtemps, les Ukrainiens n'ont pas pu frapper le territoire Russes, maintenant c'est beaucoup moins vrai&quot;, explique Ulrich Bounat, analyste g\u00e9opolitique\"\/>1:15Trump\/guerre en Ukraine: \u00ab\u00a0pendant tr\u00e8s longtemps, les Ukrainiens n&rsquo;ont pas pu frapper le territoire Russes, maintenant c&rsquo;est beaucoup moins vrai\u00a0\u00bb, explique Ulrich Bounat, analyste g\u00e9opolitique<\/a><a href=\"https:\/\/www.bfmtv.com\/international\/europe\/ukraine\/video-marine-tondelier-denonce-la-rencontre-entre-donald-trump-et-vladimir-poutine-pour-la-paix-en-ukraine_VN-202508210609.html\" title=\"Marine Tondelier d\u00e9nonce la rencontre entre Donald Trump et Vladimir Poutine pour la paix en Ukraine\" rel=\"nofollow noopener\" target=\"_blank\"><img width=\"16\" height=\"9\" class=\"lozad\"  alt=\"Marine Tondelier d\u00e9nonce la rencontre entre Donald Trump et Vladimir Poutine pour la paix en Ukraine\"\/>1:47Marine Tondelier d\u00e9nonce la rencontre entre Donald Trump et Vladimir Poutine pour la paix en Ukraine<\/a><a href=\"https:\/\/www.bfmtv.com\/international\/europe\/ukraine\/video-l-adhesion-de-l-ukraine-a-l-union-europeenne-a-ete-evoquee-lors-du-sommet-a-washington-explique-la-porte-parole-de-la-commission-europeenne_VN-202508210341.html\" title=\"L&#039;adh\u00e9sion de l&#039;Ukraine \u00e0 l&#039;Union europ\u00e9enne &quot;a \u00e9t\u00e9 \u00e9voqu\u00e9e&quot; lors du sommet \u00e0 Washington, explique la porte-parole de la Commission europ\u00e9enne\" rel=\"nofollow noopener\" target=\"_blank\"><img width=\"16\" height=\"9\" class=\"lozad\"  alt=\"L'adh\u00e9sion de l'Ukraine \u00e0 l'Union europ\u00e9enne &quot;a \u00e9t\u00e9 \u00e9voqu\u00e9e&quot; lors du sommet \u00e0 Washington, explique la porte-parole de la Commission europ\u00e9enne\"\/>1:19L&rsquo;adh\u00e9sion de l&rsquo;Ukraine \u00e0 l&rsquo;Union europ\u00e9enne \u00ab\u00a0a \u00e9t\u00e9 \u00e9voqu\u00e9e\u00a0\u00bb lors du sommet \u00e0 Washington, explique la porte-parole de la Commission europ\u00e9enne<\/a><a href=\"https:\/\/www.bfmtv.com\/international\/europe\/ukraine\/video-sommet-a-la-maison-blanche-les-americains-seront-prets-a-participer-a-ces-garanties-de-securite-assure-benjamin-haddad-ministre-delegue-aupres-du-ministre-de-l-europe-et-des-affaires-etrangeres_VN-202508190474.html\" title=\"Sommet \u00e0 la Maison-Blanche: &quot;les Am\u00e9ricains seront pr\u00eats \u00e0 participer \u00e0 ces garanties de s\u00e9curit\u00e9&quot;, assure Benjamin Haddad, ministre d\u00e9l\u00e9gu\u00e9 aupr\u00e8s du ministre de l&#039;Europe et des Affaires \u00e9trang\u00e8res\" rel=\"nofollow noopener\" target=\"_blank\"><img width=\"16\" height=\"9\" class=\"lozad\"  alt=\"Sommet \u00e0 la Maison-Blanche: &quot;les Am\u00e9ricains seront pr\u00eats \u00e0 participer \u00e0 ces garanties de s\u00e9curit\u00e9&quot;, assure Benjamin Haddad, ministre d\u00e9l\u00e9gu\u00e9 aupr\u00e8s du ministre de l'Europe et des Affaires \u00e9trang\u00e8res\"\/>1:28Sommet \u00e0 la Maison-Blanche: \u00ab\u00a0les Am\u00e9ricains seront pr\u00eats \u00e0 participer \u00e0 ces garanties de s\u00e9curit\u00e9\u00a0\u00bb, assure Benjamin Haddad, ministre d\u00e9l\u00e9gu\u00e9 aupr\u00e8s du ministre de l&rsquo;Europe et des Affaires \u00e9trang\u00e8res<\/a><a class=\"jumpToVideo\" target=\"_blank\"><img class=\"thumbnailPreview\"\/><\/a><\/p>\n","protected":false},"excerpt":{"rendered":"Ukraine\/34e anniversaire de l&rsquo;ind\u00e9pendance : la Tour Eiffel s&rsquo;illumine en bleu et jauneSur le m\u00eame sujeten lectureUkraine\/34e anniversaire&hellip;\n","protected":false},"author":2,"featured_media":341432,"comment_status":"","ping_status":"","sticky":false,"template":"","format":"standard","meta":{"footnotes":""},"categories":[1590],"tags":[11,1777,674,12,220],"class_list":{"0":"post-341431","1":"post","2":"type-post","3":"status-publish","4":"format-standard","5":"has-post-thumbnail","7":"category-ukraine","8":"tag-actualites","9":"tag-eu","10":"tag-europe","11":"tag-news","12":"tag-ukraine"},"share_on_mastodon":{"url":"","error":""},"_links":{"self":[{"href":"https:\/\/www.europesays.com\/fr\/wp-json\/wp\/v2\/posts\/341431","targetHints":{"allow":["GET"]}}],"collection":[{"href":"https:\/\/www.europesays.com\/fr\/wp-json\/wp\/v2\/posts"}],"about":[{"href":"https:\/\/www.europesays.com\/fr\/wp-json\/wp\/v2\/types\/post"}],"author":[{"embeddable":true,"href":"https:\/\/www.europesays.com\/fr\/wp-json\/wp\/v2\/users\/2"}],"replies":[{"embeddable":true,"href":"https:\/\/www.europesays.com\/fr\/wp-json\/wp\/v2\/comments?post=341431"}],"version-history":[{"count":0,"href":"https:\/\/www.europesays.com\/fr\/wp-json\/wp\/v2\/posts\/341431\/revisions"}],"wp:featuredmedia":[{"embeddable":true,"href":"https:\/\/www.europesays.com\/fr\/wp-json\/wp\/v2\/media\/341432"}],"wp:attachment":[{"href":"https:\/\/www.europesays.com\/fr\/wp-json\/wp\/v2\/media?parent=341431"}],"wp:term":[{"taxonomy":"category","embeddable":true,"href":"https:\/\/www.europesays.com\/fr\/wp-json\/wp\/v2\/categories?post=341431"},{"taxonomy":"post_tag","embeddable":true,"href":"https:\/\/www.europesays.com\/fr\/wp-json\/wp\/v2\/tags?post=341431"}],"curies":[{"name":"wp","href":"https:\/\/api.w.org\/{rel}","templated":true}]}}