{"id":341433,"date":"2025-08-24T21:28:14","date_gmt":"2025-08-24T21:28:14","guid":{"rendered":"https:\/\/www.europesays.com\/fr\/341433\/"},"modified":"2025-08-24T21:28:14","modified_gmt":"2025-08-24T21:28:14","slug":"charles-kushner-ambassadeur-des-etats-unis-en-france-convoque-au-quai-dorsay-apres-avoir-critique-labsence-daction-suffisante-demmanuel-ma","status":"publish","type":"post","link":"https:\/\/www.europesays.com\/fr\/341433\/","title":{"rendered":"Charles Kushner, ambassadeur des Etats-Unis en France, convoqu\u00e9 au Quai d\u2019Orsay apr\u00e8s avoir critiqu\u00e9 \u00ab\u00a0l\u2019absence d\u2019action suffisante\u00a0\u00bb d\u2019Emmanuel Macron contre l\u2019antis\u00e9mitisme"},"content":{"rendered":"<p>                         <img loading=\"lazy\" decoding=\"async\" src=\"https:\/\/www.europesays.com\/fr\/wp-content\/uploads\/2025\/08\/fdaa82c_ftp-import-images-1-ffwualfeabpy-5705580-01-06.jpg\" alt=\"Charles Kushner, ambassadeur des Etats-Unis en France et \u00e0 Monaco, \u00e0 Paris, le 18\u00a0juillet\u00a02025.\"   width=\"664\" height=\"443\"\/>    Charles Kushner, ambassadeur des Etats-Unis en France et \u00e0 Monaco, \u00e0 Paris, le 18\u00a0juillet\u00a02025.  LUDOVIC MARIN \/ AFP                 <\/p>\n<p class=\"article__paragraph  \">Charles Kushner, le nouvel ambassadeur des Etats-Unis en France, \u00e9tait rest\u00e9 discret depuis son arriv\u00e9e \u00e0 Paris, courant juillet. Sa premi\u00e8re initiative publique devrait cependant tendre les relations entre Emmanuel Macron et Donald Trump. Dans un courrier dat\u00e9 lundi 25\u00a0ao\u00fbt, et diffus\u00e9 \u00e0 la presse dimanche en fin d\u2019apr\u00e8s-midi, le p\u00e8re de Jared Kushner, le mari d\u2019Ivanka Trump, la fille a\u00een\u00e9e du pr\u00e9sident am\u00e9ricain, met en garde le chef de l\u2019Etat contre la mont\u00e9e de l\u2019antis\u00e9mitisme en France.<\/p>\n<p class=\"article__paragraph  \">Ce 25\u00a0ao\u00fbt \u00ab\u00a0marque le 81e\u00a0anniversaire de la lib\u00e9ration de Paris par les Alli\u00e9s, mettant fin \u00e0 la d\u00e9portation des juifs en France, date qui me para\u00eet pertinente pour vous exprimer ma profonde inqui\u00e9tude face \u00e0 la flamb\u00e9e de l\u2019antis\u00e9mitisme en France et \u00e0 l\u2019absence d\u2019action suffisante de votre gouvernement pour le combattre\u00a0\u00bb, \u00e9crit le repr\u00e9sentant des Etats-Unis en France, nomm\u00e9 par M.\u00a0Trump apr\u00e8s son retour \u00e0 la Maison Blanche.<\/p>\n<p class=\"article__paragraph  \">La lettre s\u2019inscrit dans la droite ligne du r\u00e9cent courrier du premier ministre isra\u00e9lien, Benyamin N\u00e9tanyahou, \u00e0 M.\u00a0Macron afin de d\u00e9noncer le projet du locataire de l\u2019Elys\u00e9e de reconna\u00eetre l\u2019Etat de Palestine, lors de la prochaine Assembl\u00e9e g\u00e9n\u00e9rale des Nations unies, en septembre. Le 19\u00a0ao\u00fbt, le dirigeant de l\u2019Etat h\u00e9breu avait exprim\u00e9 sa pr\u00e9occupation sur \u00ab\u00a0la mont\u00e9e alarmante de l\u2019antis\u00e9mitisme en France\u00a0\u00bb.<\/p>\n<p class=\"reading-mode-only \"><strong>Il vous reste 72.58% de cet article \u00e0 lire. La suite est r\u00e9serv\u00e9e aux abonn\u00e9s.<\/strong><\/p>\n","protected":false},"excerpt":{"rendered":"Charles Kushner, ambassadeur des Etats-Unis en France et \u00e0 Monaco, \u00e0 Paris, le 18\u00a0juillet\u00a02025. LUDOVIC MARIN \/ AFP&hellip;\n","protected":false},"author":2,"featured_media":341434,"comment_status":"","ping_status":"","sticky":false,"template":"","format":"standard","meta":{"footnotes":""},"categories":[1589],"tags":[11,73,1866,12,1864,1865,1863,308],"class_list":{"0":"post-341433","1":"post","2":"type-post","3":"status-publish","4":"format-standard","5":"has-post-thumbnail","7":"category-etats-unis","8":"tag-actualites","9":"tag-etats-unis","10":"tag-etats-unis-damerique","11":"tag-news","12":"tag-united-states","13":"tag-united-states-of-america","14":"tag-us","15":"tag-usa"},"share_on_mastodon":{"url":"https:\/\/pubeurope.com\/@fr\/115085869605300737","error":""},"_links":{"self":[{"href":"https:\/\/www.europesays.com\/fr\/wp-json\/wp\/v2\/posts\/341433","targetHints":{"allow":["GET"]}}],"collection":[{"href":"https:\/\/www.europesays.com\/fr\/wp-json\/wp\/v2\/posts"}],"about":[{"href":"https:\/\/www.europesays.com\/fr\/wp-json\/wp\/v2\/types\/post"}],"author":[{"embeddable":true,"href":"https:\/\/www.europesays.com\/fr\/wp-json\/wp\/v2\/users\/2"}],"replies":[{"embeddable":true,"href":"https:\/\/www.europesays.com\/fr\/wp-json\/wp\/v2\/comments?post=341433"}],"version-history":[{"count":0,"href":"https:\/\/www.europesays.com\/fr\/wp-json\/wp\/v2\/posts\/341433\/revisions"}],"wp:featuredmedia":[{"embeddable":true,"href":"https:\/\/www.europesays.com\/fr\/wp-json\/wp\/v2\/media\/341434"}],"wp:attachment":[{"href":"https:\/\/www.europesays.com\/fr\/wp-json\/wp\/v2\/media?parent=341433"}],"wp:term":[{"taxonomy":"category","embeddable":true,"href":"https:\/\/www.europesays.com\/fr\/wp-json\/wp\/v2\/categories?post=341433"},{"taxonomy":"post_tag","embeddable":true,"href":"https:\/\/www.europesays.com\/fr\/wp-json\/wp\/v2\/tags?post=341433"}],"curies":[{"name":"wp","href":"https:\/\/api.w.org\/{rel}","templated":true}]}}