{"id":341435,"date":"2025-08-24T21:29:22","date_gmt":"2025-08-24T21:29:22","guid":{"rendered":"https:\/\/www.europesays.com\/fr\/341435\/"},"modified":"2025-08-24T21:29:22","modified_gmt":"2025-08-24T21:29:22","slug":"apparition-surprise-de-kate-et-william-a-balmoral","status":"publish","type":"post","link":"https:\/\/www.europesays.com\/fr\/341435\/","title":{"rendered":"Apparition surprise de Kate et William \u00e0 Balmoral"},"content":{"rendered":"<p>Bient\u00f4t la fin des vacances pour <a target=\"_blank\" href=\"https:\/\/www.pointdevue.fr\/grand-angle\/biographies\/kate-middleton\" rel=\"nofollow noopener\">Kate<\/a> et <a target=\"_blank\" href=\"https:\/\/www.pointdevue.fr\/grand-angle\/biographies\/prince-william\" rel=\"nofollow noopener\">William<\/a> ? Ce dimanche 24 ao\u00fbt, le couple a \u00e9t\u00e9 aper\u00e7u au volant de son impressionnant Range Rover noir aux alentours du ch\u00e2teau de Balmoral, en tenue du dimanche. Accompagn\u00e9s de leurs trois enfants, George (12 ans), Charlotte (10 ans) et Louis (7 ans), le prince et la princesse de Galles ont fait une pause dans leurs vacances d\u2019\u00e9t\u00e9 pour se rendre \u00e0 la traditionnelle messe du dimanche de Crathie Kirk, la petite \u00e9glise situ\u00e9e juste en face du ch\u00e2teau de Balmoral en \u00c9cosse.<\/p>\n<p>Plus blonde que jamais, large sourire au visage et coiff\u00e9e d&rsquo;un \u00e9l\u00e9gant chapeau, Kate semblait apais\u00e9e et ravie de retrouver la foule, alors que des \u00a0<a target=\"_blank\" href=\"https:\/\/www.pointdevue.fr\/royal\/royaume-uni\/kate-ne-va-pas-bien-le-point-sur-les-rumeurs\" rel=\"nofollow noopener\">rumeurs la disaient au plus mal<\/a> il y a quelques jours encore.<\/p>\n<p><img decoding=\"async\" src=\"https:\/\/www.europesays.com\/fr\/wp-content\/uploads\/2025\/08\/charlotte6cN9AQW0eP.jpg\" alt=\"princesse Charlotte\"\/><strong>La princesse Charlotte, \u00e0 bord de la Range Rover de ses parents pur se rendre \u00e0 la messe \u00e0 Balmoral, le dimanche 24 ao\u00fbt.<\/strong> \u00a9 Paul Campbell\/PA Wire\/ABACAPRESS.COM<\/p>\n<p>Les Galles ont \u00e9galement \u00e9t\u00e9 rejoints par le <a target=\"_blank\" href=\"https:\/\/www.pointdevue.fr\/grand-angle\/biographies\/charles-iii\" rel=\"nofollow noopener\">roi Charles III<\/a> et la <a target=\"_blank\" href=\"https:\/\/www.pointdevue.fr\/grand-angle\/biographies\/reine-camilla\" rel=\"nofollow noopener\">reine Camilla<\/a>, dans une robe \u00e0 imprim\u00e9s plume assortie \u00e0 son chapeau, ainsi que la <a target=\"_blank\" href=\"https:\/\/www.pointdevue.fr\/grand-angle\/biographies\/princesse-anne\" rel=\"nofollow noopener\">princesse Anne<\/a> et le duc et la duchesse d\u2019\u00c9dimbourg, Edward et Sophie. D\u2019apr\u00e8s The Sun, Sarah Ferguson aurait \u00e9galement assist\u00e9 au service sans le prince Andrew, en disgr\u00e2ce depuis ses accusations dans l\u2019affaire Epstein. Il serait toutefois pr\u00e9sent \u00e0 Balmoral en m\u00eame temps que les siens, o\u00f9 il a \u00e9t\u00e9 aper\u00e7u au volant d\u2019une voiture.<\/p>\n<p>Balmoral, lieu de vill\u00e9giature de la famille royale<\/p>\n<p>Chaque \u00e9t\u00e9 \u00e0 la fin du mois d\u2019ao\u00fbt, la famille royale britannique se r\u00e9fugie \u00e0 Balmoral,<strong> <\/strong>la r\u00e9sidence pr\u00e9f\u00e9r\u00e9e de la <a target=\"_blank\" href=\"https:\/\/www.pointdevue.fr\/grand-angle\/biographies\/elisabeth-ii\" rel=\"nofollow noopener\">reine \u00c9lisabeth II<\/a> o\u00f9 elle est d\u00e9c\u00e9d\u00e9e en septembre 2022. Une belle occasion pour profiter du calme de la campagne \u00e9cossaise avant le d\u00e9but du programme de travail automnal et du retour \u00e0 l\u2019\u00e9cole des enfants. Il s\u2019agit du seul moment de l\u2019ann\u00e9e o\u00f9 toute la famille se r\u00e9unit, avec les f\u00eates de No\u00ebl.<\/p>\n<p>En plein d\u00e9m\u00e9nagement d\u2019Adelaide Cottage \u00e0 Forest Lodge, un manoir de huit chambres situ\u00e9 dans le domaine de Windsor, appartenant au roi Charles III, Kate et William profitent donc d\u2019une parenth\u00e8se familiale avant de se lancer dans les pr\u00e9paratifs de rentr\u00e9e. Il faudra donc encore attendre quelques jours avant de voir le retour du couple \u00e0 leurs occupations officielles.\u00a0<\/p>\n","protected":false},"excerpt":{"rendered":"Bient\u00f4t la fin des vacances pour Kate et William ? Ce dimanche 24 ao\u00fbt, le couple a \u00e9t\u00e9&hellip;\n","protected":false},"author":2,"featured_media":341436,"comment_status":"","ping_status":"","sticky":false,"template":"","format":"standard","meta":{"footnotes":""},"categories":[1588],"tags":[11,1777,674,12,473,1853,1851,1850,1852],"class_list":{"0":"post-341435","1":"post","2":"type-post","3":"status-publish","4":"format-standard","5":"has-post-thumbnail","7":"category-royaume-uni","8":"tag-actualites","9":"tag-eu","10":"tag-europe","11":"tag-news","12":"tag-royaume-uni","13":"tag-royaume-uni-de-grande-bretagne-et-dirlande-du-nord","14":"tag-uk","15":"tag-united-kingdom","16":"tag-united-kingdom-of-great-britain-and-northern-ireland"},"share_on_mastodon":{"url":"https:\/\/pubeurope.com\/@fr\/115085873654581938","error":""},"_links":{"self":[{"href":"https:\/\/www.europesays.com\/fr\/wp-json\/wp\/v2\/posts\/341435","targetHints":{"allow":["GET"]}}],"collection":[{"href":"https:\/\/www.europesays.com\/fr\/wp-json\/wp\/v2\/posts"}],"about":[{"href":"https:\/\/www.europesays.com\/fr\/wp-json\/wp\/v2\/types\/post"}],"author":[{"embeddable":true,"href":"https:\/\/www.europesays.com\/fr\/wp-json\/wp\/v2\/users\/2"}],"replies":[{"embeddable":true,"href":"https:\/\/www.europesays.com\/fr\/wp-json\/wp\/v2\/comments?post=341435"}],"version-history":[{"count":0,"href":"https:\/\/www.europesays.com\/fr\/wp-json\/wp\/v2\/posts\/341435\/revisions"}],"wp:featuredmedia":[{"embeddable":true,"href":"https:\/\/www.europesays.com\/fr\/wp-json\/wp\/v2\/media\/341436"}],"wp:attachment":[{"href":"https:\/\/www.europesays.com\/fr\/wp-json\/wp\/v2\/media?parent=341435"}],"wp:term":[{"taxonomy":"category","embeddable":true,"href":"https:\/\/www.europesays.com\/fr\/wp-json\/wp\/v2\/categories?post=341435"},{"taxonomy":"post_tag","embeddable":true,"href":"https:\/\/www.europesays.com\/fr\/wp-json\/wp\/v2\/tags?post=341435"}],"curies":[{"name":"wp","href":"https:\/\/api.w.org\/{rel}","templated":true}]}}