{"id":341437,"date":"2025-08-24T21:30:46","date_gmt":"2025-08-24T21:30:46","guid":{"rendered":"https:\/\/www.europesays.com\/fr\/341437\/"},"modified":"2025-08-24T21:30:46","modified_gmt":"2025-08-24T21:30:46","slug":"les-chiffres-avant-allemagne-france","status":"publish","type":"post","link":"https:\/\/www.europesays.com\/fr\/341437\/","title":{"rendered":"Les chiffres avant Allemagne-France"},"content":{"rendered":"<p>                                                              <img data-twic-src=\"https:\/\/www.europesays.com\/fr\/wp-content\/uploads\/2025\/08\/922d6436a87a5c4412b524e0aaf3a060.png\" data-credit=\"Hugo PFEIFFER \/ ICON SPORT\" title=\"Hugo PFEIFFER \/ ICON SPORT\" alt=\"Loum Tchaouna\" class=\"block\"\/>                                        <\/p>\n<p style=\"font-weight: bold\">Mercredi 25 juin (21h00, sur W9 et BeIN Sports 1), les Bleuets, oppos\u00e9s \u00e0 l&rsquo;Allemagne en demi-finale, auront l&rsquo;occasion de se hisser pour la troisi\u00e8me fois de leur l&rsquo;histoire en finale de l&rsquo;Euro Espoirs.<\/p>\n<p>    \u00a00\/4\u00a0<\/p>\n<p>La France et l\u2019Allemagne sont les deux seules \u00e9quipes encore invaincues dans la comp\u00e9tition. Tenus en \u00e9chec par le Portugal (0-0) lors de leur entr\u00e9e dans le tournoi, les Bleuets ont ensuite battu <a href=\"https:\/\/www.fff.fr\/article\/14906-a-l-arrache-contre-la-georgie-3-2-.html\" target=\"_blank\" rel=\"noopener nofollow\">la G\u00e9orgie (3-2)<\/a> et <a href=\"https:\/\/www.fff.fr\/article\/14932-les-bleuets-au-quart-de-tour.html\" target=\"_blank\" rel=\"noopener nofollow\">la Pologne (4-1)<\/a> en phase de poules, <a href=\"https:\/\/www.fff.fr\/article\/14972-les-bleuets-encore-renversants.html\" target=\"_blank\" rel=\"noopener nofollow\">avant d\u2019\u00e9carter le Danemark (3-2)<\/a> lors des quarts de finale. L\u2019Allemagne, elle, a r\u00e9alis\u00e9 le carton plein dans son groupe en dominant la Slov\u00e9nie (3-0), la R\u00e9publique tch\u00e8que (4-2) et l\u2019Angleterre (2-1), puis a pris le meilleur sur l\u2019Italie apr\u00e8s la prolongation (3-2) pour se hisser en demi-finales.<\/p>\n<p>3<\/p>\n<p>La France a remport\u00e9 ses trois derniers matches \u00e0 l&rsquo;Euro Espoirs et pourrait faire la passe de quatre dans la comp\u00e9tition pour la deuxi\u00e8me fois seulement, apr\u00e8s 1996-2002 (5).<\/p>\n<p><img decoding=\"async\" title=\"Daniel DERAJINSKI ICON SPORT\" src=\"https:\/\/www.europesays.com\/fr\/wp-content\/uploads\/2025\/08\/2581883664eb83e967ea00b5034b9886.jpeg\" alt=\"\"\/><br \/>Quentin Merlin, Castello Lukeba et Johann Lepenant font partie des cadres des Bleuets (photo Daniel DERAJINSKI \/ ICON SPORT).<\/p>\n<p>\u00a08\u00a0<\/p>\n<p>La France va affronter l\u2019Allemagne pour la huiti\u00e8me fois au XXIe si\u00e8cle et ne s\u2019est inclin\u00e9e qu\u2019\u00e0 une seule reprise sur la p\u00e9riode (2 victoires, 4 nuls), en octobre 2008 (0-1). Cette d\u00e9faite en barrage retour de l&rsquo;Euro 2009 avait d&rsquo;ailleurs priv\u00e9 les Tricolores de la phase finale en Su\u00e8de. Le dernier match entre les deux \u00e9quipes remonte au 19 novembre 2024. Men\u00e9s de deux buts,<a href=\"https:\/\/www.fff.fr\/article\/13677-les-bleuets-habitues-des-remontees-2-2-.html\" target=\"_blank\" rel=\"noopener nofollow\"> les Bleuets avaient r\u00e9ussi \u00e0 arracher le match nul (2-2)<\/a>.<\/p>\n<p>4<\/p>\n<p>Ce sera le quatri\u00e8me match entre les deux \u00e9quipes \u00e0 l\u2019Euro Espoirs, les Bleuets \u00e9tant invaincus lors des trois premi\u00e8res confrontations (2V 1N).<\/p>\n<p>\u00a07\u00a0<\/p>\n<p>La France va disputer les demi-finales de l\u2019Euro Espoirs pour la septi\u00e8me fois de son histoire. s\u2019inclinant lors de ses deux derniers matches \u00e0 ce stade (2-3 contre les Pays-Bas en 2006 et 1-4 face \u00e0 l\u2019Espagne en 2019). En cas de succ\u00e8s face \u00e0 l\u2019Allemagne, les Espoirs disputeraient une troisi\u00e8me finale dans la comp\u00e9tition, apr\u00e8s 1988, l\u2019ann\u00e9e de son seul sacre aux d\u00e9pens de la Gr\u00e8ce (0-0, 3-0, format aller-retour), et 2002 (d\u00e9faite face \u00e0 la R\u00e9publique tch\u00e8que, 0-0, 1 tab \u00e0 3).<\/p>\n<p>\u00a022\u00a0<\/p>\n<p>Cette demi-finale entre l\u2019Allemagne et la France, les deux meilleures attaques du tournoi, s\u2019annonce spectaculaire. L\u2019\u00e9quipe entra\u00een\u00e9e par Antonio Di Salvo a inscrit douze buts en quatre matches, dont cinq par l&rsquo;interm\u00e9diaire de Nick Woltemade, meilleur buteur de l\u2019Euro. Les Bleuets, eux, ont fait trembler les filets adverses \u00e0 dix reprises. Ils comptent dans leur rang le deuxi\u00e8me meilleur scoreur de ce championnat d\u2019Europe : Djaoui Ciss\u00e9 (3).<\/p>\n<blockquote class=\"twitter-tweet\">\n<p dir=\"ltr\" lang=\"fr\">\ud835\udc04\ud835\udc0d\ud835\udc02\ud835\udc0e\ud835\udc11\ud835\udc04 \ud835\udc0b\ud835\udc14\ud835\udc08&#8230; \ud835\udc0e\ud835\udc27 \ud835\udc27&rsquo;\ud835\udc1a\ud835\udc2b\ud835\udc2b\ud835\udc1e\u0302\ud835\udc2d\ud835\udc1e \ud835\udc29\ud835\udc25\ud835\udc2e\ud835\udc2c \ud835\udc03\ud835\udc23\ud835\udc1a\ud835\udc28\ud835\udc2e\ud835\udc22 \ud835\udc02\ud835\udc22\ud835\udc2c\ud835\udc2c\ud835\udc1e\u0301 ! \ud83d\udd25<\/p>\n<p>Le but \u00e9galisateur juste avant la mi-temps pour remettre les Bleuets sur les bons rails \ud83d\udee4\ufe0f<a href=\"https:\/\/twitter.com\/hashtag\/DANFRA?src=hash&amp;ref_src=twsrc%5Etfw\" rel=\"nofollow noopener\" target=\"_blank\">#DANFRA<\/a> <a href=\"https:\/\/twitter.com\/hashtag\/U21EURO?src=hash&amp;ref_src=twsrc%5Etfw\" rel=\"nofollow noopener\" target=\"_blank\">#U21EURO<\/a> <a href=\"https:\/\/t.co\/RHceFePVqU\" rel=\"nofollow\">pic.twitter.com\/RHceFePVqU<\/a><\/p>\n<p>\u2014 Equipe de France \u2b50\u2b50 (@equipedefrance) <a href=\"https:\/\/twitter.com\/equipedefrance\/status\/1937127187557044543?ref_src=twsrc%5Etfw\" rel=\"nofollow noopener\" target=\"_blank\">June 23, 2025<\/a><\/p><\/blockquote>\n<p style=\"text-align: center;\"><strong>\u00c0\u00a0lire aussi : <a href=\"https:\/\/www.fff.fr\/article\/14978-djaoui-cisse-vu-par-ses-partenaires.html\" target=\"_blank\" rel=\"noopener nofollow\">Djaoui Ciss\u00e9 vu par ses partenaires<\/a><\/strong><\/p>\n<p>\u00a05\u00a0<\/p>\n<p>Reine du finish, la France a inscrit cinq buts \u00e0 partir de la 80e minute depuis le d\u00e9but de l\u2019Euro : par Johann Lepenant (89e) et Thierno Barry (90e+12) contre la G\u00e9orgie ; Matthis Abline (82e) face \u00e0 la Pologne ; Quentin Merlin (84e) et Mathys Tel (85e) devant le Danemark. C\u2019est au moins deux de plus que toute autre \u00e9quipe dans ce laps de temps.<\/p>\n<p>15<\/p>\n<p>Mathys Tel est le joueur qui a le plus tir\u00e9 (15) et cadr\u00e9 (8) dans cet Euro Espoirs 2025.<\/p>\n<p><img decoding=\"async\" title=\"Daniel DERAJINSKI ICON SPORT\" src=\"https:\/\/www.europesays.com\/fr\/wp-content\/uploads\/2025\/08\/ea238b8e567cbae2b552bbd241d0fa0f.jpeg\" alt=\"\"\/><br \/>Matys Tel a inscrit deux buts depuis le d\u00e9but de l&rsquo;Euro (photo Daniel DERAJINSKI \/ ICON SPORT).<\/p>\n<p>R\u00e9sultats et calendrier<\/p>\n<p><strong>Groupe C<\/strong><\/p>\n<p>&#8211; Mercredi 11 juin 2025 :<\/p>\n<ul>\n<li>Portugal &#8211; <strong>France <\/strong><a href=\"https:\/\/www.fff.fr\/article\/14900-les-bleuets-tiennent-le-choc.html\" target=\"_blank\" rel=\"noopener nofollow\">0-0<\/a><\/li>\n<li>Pologne &#8211; G\u00e9orgie 1-2<\/li>\n<\/ul>\n<p>&#8211; Samedi 14 juin 2025 :<\/p>\n<ul>\n<li><strong>France<\/strong> &#8211; G\u00e9orgie <a href=\"https:\/\/www.fff.fr\/article\/14906-a-l-arrache-contre-la-georgie-3-2-.html\" target=\"_blank\" rel=\"noopener nofollow\">3-2<\/a><\/li>\n<li>Portugal &#8211; Pologne 5-0<\/li>\n<\/ul>\n<p>&#8211; Mardi 17 juin 2025 :<\/p>\n<ul>\n<li><strong>France<\/strong> &#8211; Pologne <a href=\"https:\/\/www.fff.fr\/article\/14932-les-bleuets-au-quart-de-tour.html\" target=\"_blank\" rel=\"noopener nofollow\">4-1<\/a><\/li>\n<li>G\u00e9orgie &#8211; Portugal 0-4<\/li>\n<\/ul>\n<p>Classement : 1. Portugal, 7 pts (+ 9) ; 2.<strong> France, <\/strong>7 pts (+ 4) ; 3. G\u00e9orgie, 3 pts (- 4) ; 4. Pologne, 0 pt (- 9).<\/p>\n<p class=\"light\"><strong>&#8211; Quarts de finale<\/strong> :<\/p>\n<ul>\n<li class=\"light\">Portugal &#8211; <strong>Pays-Bas<\/strong> 0-1<\/li>\n<li class=\"light\">Espagne &#8211; <strong>Angleterre<\/strong> 1-3<\/li>\n<li class=\"light\">Danemark &#8211; <strong>France<\/strong> 2-3<\/li>\n<li class=\"light\"><strong>Allemagne<\/strong> &#8211; Italie 3-2 a.p.<\/li>\n<\/ul>\n<p class=\"light\"><strong>&#8211; Demi-finales<\/strong> :<\/p>\n<ul>\n<li class=\"light\">Pays-Bas &#8211; Angleterre, mercredi 25 juin (18h00), \u00e0 Bratislava<\/li>\n<li class=\"light\">Allemagne &#8211; <strong>France<\/strong>, mercredi 25 juin (21h00, W9 et beIN Sports 1), \u00e0 Kosice<\/li>\n<\/ul>\n<p class=\"light\"><strong>&#8211; Finale<\/strong><\/p>\n<ul>\n<li class=\"light\">Samedi 28 juin 2025 (21h00), au National Football Stadium de Bratislava<\/li>\n<\/ul>\n<p><a href=\"https:\/\/www.fff.fr\/selection\/4-equipe-de-france-espoirs\/index.html\" target=\"_blank\" rel=\"noopener nofollow\">Toute l&rsquo;actualit\u00e9 de l&rsquo;\u00c9quipe de France Espoirs<\/a>    <script async src=\"https:\/\/platform.twitter.com\/widgets.js\" charset=\"utf-8\"><\/script><\/p>\n","protected":false},"excerpt":{"rendered":"Mercredi 25 juin (21h00, sur W9 et BeIN Sports 1), les Bleuets, oppos\u00e9s \u00e0 l&rsquo;Allemagne en demi-finale, auront&hellip;\n","protected":false},"author":2,"featured_media":341438,"comment_status":"","ping_status":"","sticky":false,"template":"","format":"standard","meta":{"footnotes":""},"categories":[1587],"tags":[11,672,1804,1805,1803,1777,674,85,1801,12,1802],"class_list":{"0":"post-341437","1":"post","2":"type-post","3":"status-publish","4":"format-standard","5":"has-post-thumbnail","7":"category-allemagne","8":"tag-actualites","9":"tag-allemagne","10":"tag-bundesrepublik-deutschland","11":"tag-de","12":"tag-deutschland","13":"tag-eu","14":"tag-europe","15":"tag-fff","16":"tag-germany","17":"tag-news","18":"tag-republique-federale-dallemagne"},"share_on_mastodon":{"url":"https:\/\/pubeurope.com\/@fr\/115085877340757117","error":""},"_links":{"self":[{"href":"https:\/\/www.europesays.com\/fr\/wp-json\/wp\/v2\/posts\/341437","targetHints":{"allow":["GET"]}}],"collection":[{"href":"https:\/\/www.europesays.com\/fr\/wp-json\/wp\/v2\/posts"}],"about":[{"href":"https:\/\/www.europesays.com\/fr\/wp-json\/wp\/v2\/types\/post"}],"author":[{"embeddable":true,"href":"https:\/\/www.europesays.com\/fr\/wp-json\/wp\/v2\/users\/2"}],"replies":[{"embeddable":true,"href":"https:\/\/www.europesays.com\/fr\/wp-json\/wp\/v2\/comments?post=341437"}],"version-history":[{"count":0,"href":"https:\/\/www.europesays.com\/fr\/wp-json\/wp\/v2\/posts\/341437\/revisions"}],"wp:featuredmedia":[{"embeddable":true,"href":"https:\/\/www.europesays.com\/fr\/wp-json\/wp\/v2\/media\/341438"}],"wp:attachment":[{"href":"https:\/\/www.europesays.com\/fr\/wp-json\/wp\/v2\/media?parent=341437"}],"wp:term":[{"taxonomy":"category","embeddable":true,"href":"https:\/\/www.europesays.com\/fr\/wp-json\/wp\/v2\/categories?post=341437"},{"taxonomy":"post_tag","embeddable":true,"href":"https:\/\/www.europesays.com\/fr\/wp-json\/wp\/v2\/tags?post=341437"}],"curies":[{"name":"wp","href":"https:\/\/api.w.org\/{rel}","templated":true}]}}