{"id":341441,"date":"2025-08-24T21:32:23","date_gmt":"2025-08-24T21:32:23","guid":{"rendered":"https:\/\/www.europesays.com\/fr\/341441\/"},"modified":"2025-08-24T21:32:23","modified_gmt":"2025-08-24T21:32:23","slug":"geneve-le-plaidoyer-pour-les-liens-avec-lunion-europeenne-du-conseiller-federal-suisse-beat-jans","status":"publish","type":"post","link":"https:\/\/www.europesays.com\/fr\/341441\/","title":{"rendered":"Gen\u00e8ve. Le plaidoyer pour les liens avec l\u2019Union europ\u00e9enne du conseiller f\u00e9d\u00e9ral suisse Beat Jans"},"content":{"rendered":"<p>Si, dans le <a href=\"https:\/\/www.ledauphine.com\/economie\/2025\/08\/21\/pourquoi-geneve-mise-sur-les-biotechs-le-numerique-et-les-industries-creatives\" target=\"_blank\" rel=\"noopener\">plan strat\u00e9gique<\/a> de l\u2019\u00e9conomie genevoise, le Grand Gen\u00e8ve n\u2019est que peu cit\u00e9, comme le reste de la Suisse ou Lausanne, le conseiller f\u00e9d\u00e9ral Beat Jans l\u2019a \u00e9voqu\u00e9 cette semaine \u00e0 la rentr\u00e9e de la F\u00e9d\u00e9ration des entreprises romandes, dans son plaidoyer pour resserrer les liens avec l\u2019UE.<\/p>\n<p>\u00ab\u00a0Avec le Grand Gen\u00e8ve, cette r\u00e9alit\u00e9 se ressent au quotidien. Pr\u00e9server des relations de bon voisinage est d\u00e9j\u00e0 un motif suffisant pour d\u00e9velopper nos relations bilat\u00e9rales [\u2026] Nos entreprises ne peuvent pas se passer d\u2019un acc\u00e8s au march\u00e9 int\u00e9rieur de l\u2019UE, qui reste, et de loin, notre principal partenaire. Elle repr\u00e9sente 60\u00a0% de notre volume commercial et 70\u00a0% de nos importations. [\u2026] La p\u00e9nurie de main-d\u2019\u0153uvre va s\u2019accentuer ces prochaines ann\u00e9es, pour des raisons d\u00e9mographiques. La Banque nationale suisse parle de 400\u00a0000 employ\u00e9s qui manqueraient d\u2019ici \u00e0 dix ans. En plus, sans les frontaliers europ\u00e9ens et les travailleurs d\u00e9tach\u00e9s, notre \u00e9conomie et notre syst\u00e8me de sant\u00e9 ne pourraient tout simplement pas fonctionner.\u00a0Et puis, dans un monde o\u00f9 la loi du plus fort cherche \u00e0 s\u2019imposer, la Suisse a besoin d\u2019alli\u00e9s [\u2026] Certes, l\u2019UE n\u2019est pas toujours un partenaire facile, car elle aussi d\u00e9fend en priorit\u00e9 ses propres int\u00e9r\u00eats. Mais elle a d\u00e9montr\u00e9 \u00e0 plusieurs reprises par le pass\u00e9 qu\u2019elle est un partenaire fiable\u00a0\u00bb.<\/p>\n","protected":false},"excerpt":{"rendered":"Si, dans le plan strat\u00e9gique de l\u2019\u00e9conomie genevoise, le Grand Gen\u00e8ve n\u2019est que peu cit\u00e9, comme le reste&hellip;\n","protected":false},"author":2,"featured_media":341442,"comment_status":"","ping_status":"","sticky":false,"template":"","format":"standard","meta":{"footnotes":""},"categories":[1586],"tags":[11,4634,4636,33,4637,1777,674,1779,1011,27,10382,4638,12,25,1778,364],"class_list":{"0":"post-341441","1":"post","2":"type-post","3":"status-publish","4":"format-standard","5":"has-post-thumbnail","7":"category-europe","8":"tag-actualites","9":"tag-annemasse","10":"tag-annemasse-bassin","11":"tag-economie","12":"tag-edition-grand-geneve-chablais-ain","13":"tag-eu","14":"tag-europe","15":"tag-european-union","16":"tag-fr","17":"tag-france","18":"tag-frontaliers","19":"tag-haute-savoie","20":"tag-news","21":"tag-republique-francaise","22":"tag-ue","23":"tag-union-europeenne"},"share_on_mastodon":{"url":"https:\/\/pubeurope.com\/@fr\/115085885070109468","error":""},"_links":{"self":[{"href":"https:\/\/www.europesays.com\/fr\/wp-json\/wp\/v2\/posts\/341441","targetHints":{"allow":["GET"]}}],"collection":[{"href":"https:\/\/www.europesays.com\/fr\/wp-json\/wp\/v2\/posts"}],"about":[{"href":"https:\/\/www.europesays.com\/fr\/wp-json\/wp\/v2\/types\/post"}],"author":[{"embeddable":true,"href":"https:\/\/www.europesays.com\/fr\/wp-json\/wp\/v2\/users\/2"}],"replies":[{"embeddable":true,"href":"https:\/\/www.europesays.com\/fr\/wp-json\/wp\/v2\/comments?post=341441"}],"version-history":[{"count":0,"href":"https:\/\/www.europesays.com\/fr\/wp-json\/wp\/v2\/posts\/341441\/revisions"}],"wp:featuredmedia":[{"embeddable":true,"href":"https:\/\/www.europesays.com\/fr\/wp-json\/wp\/v2\/media\/341442"}],"wp:attachment":[{"href":"https:\/\/www.europesays.com\/fr\/wp-json\/wp\/v2\/media?parent=341441"}],"wp:term":[{"taxonomy":"category","embeddable":true,"href":"https:\/\/www.europesays.com\/fr\/wp-json\/wp\/v2\/categories?post=341441"},{"taxonomy":"post_tag","embeddable":true,"href":"https:\/\/www.europesays.com\/fr\/wp-json\/wp\/v2\/tags?post=341441"}],"curies":[{"name":"wp","href":"https:\/\/api.w.org\/{rel}","templated":true}]}}