{"id":341447,"date":"2025-08-24T21:35:12","date_gmt":"2025-08-24T21:35:12","guid":{"rendered":"https:\/\/www.europesays.com\/fr\/341447\/"},"modified":"2025-08-24T21:35:12","modified_gmt":"2025-08-24T21:35:12","slug":"la-france-convoque-lambassadeur-americain-apres-ses-accusations-inacceptables","status":"publish","type":"post","link":"https:\/\/www.europesays.com\/fr\/341447\/","title":{"rendered":"la France convoque l&rsquo;ambassadeur am\u00e9ricain apr\u00e8s ses accusations \u00ab\u00a0inacceptables\u00a0\u00bb"},"content":{"rendered":"<p>La France a convoqu\u00e9 lundi 25 ao\u00fbt l&rsquo;ambassadeur am\u00e9ricain \u00e0 Paris Charles Kushner <a href=\"https:\/\/www.laprovence.com\/article\/politique\/4054726454423414\/antisemitisme-lambassadeur-americain-en-france-denonce-labsence-daction-suffisante-demmanuel-macron\" target=\"_blank\" rel=\"noopener\">apr\u00e8s ses commentaires \u00ab\u00a0inacceptables\u00a0\u00bb<\/a> visant le pr\u00e9sident fran\u00e7ais Emmanuel Macron, accus\u00e9 par le diplomate d'\u00a0\u00bbabsence d&rsquo;action suffisante\u00a0\u00bb dans la lutte contre l&rsquo;antis\u00e9mitisme.<\/p>\n<p>\u00ab\u00a0Elles vont \u00e0 l&rsquo;encontre du droit international\u00a0\u00bb<\/p>\n<p>\u00ab\u00a0Les all\u00e9gations de l&rsquo;ambassadeur sont inacceptables. Elles vont \u00e0 l&rsquo;encontre du droit international, en particulier du devoir de ne pas s&rsquo;immiscer dans les affaires int\u00e9rieures des Etats pr\u00e9vu par la Convention de Vienne de 1961 qui r\u00e9git les relations diplomatiques\u00a0\u00bb, a soulign\u00e9 dimanche le minist\u00e8re des Affaires \u00e9trang\u00e8res.<\/p>\n","protected":false},"excerpt":{"rendered":"La France a convoqu\u00e9 lundi 25 ao\u00fbt l&rsquo;ambassadeur am\u00e9ricain \u00e0 Paris Charles Kushner apr\u00e8s ses commentaires \u00ab\u00a0inacceptables\u00a0\u00bb visant&hellip;\n","protected":false},"author":2,"featured_media":341448,"comment_status":"","ping_status":"","sticky":false,"template":"","format":"standard","meta":{"footnotes":""},"categories":[4],"tags":[17,11,7204,6155,150,40199,1011,27,47783,12,316,25,2407],"class_list":{"0":"post-341447","1":"post","2":"type-post","3":"status-publish","4":"format-standard","5":"has-post-thumbnail","7":"category-france","8":"tag-17","9":"tag-actualites","10":"tag-americain","11":"tag-antisemitisme","12":"tag-apres","13":"tag-convoque","14":"tag-fr","15":"tag-france","16":"tag-lambassadeur","17":"tag-news","18":"tag-politique","19":"tag-republique-francaise","20":"tag-ses"},"share_on_mastodon":{"url":"https:\/\/pubeurope.com\/@fr\/115085897106957607","error":""},"_links":{"self":[{"href":"https:\/\/www.europesays.com\/fr\/wp-json\/wp\/v2\/posts\/341447","targetHints":{"allow":["GET"]}}],"collection":[{"href":"https:\/\/www.europesays.com\/fr\/wp-json\/wp\/v2\/posts"}],"about":[{"href":"https:\/\/www.europesays.com\/fr\/wp-json\/wp\/v2\/types\/post"}],"author":[{"embeddable":true,"href":"https:\/\/www.europesays.com\/fr\/wp-json\/wp\/v2\/users\/2"}],"replies":[{"embeddable":true,"href":"https:\/\/www.europesays.com\/fr\/wp-json\/wp\/v2\/comments?post=341447"}],"version-history":[{"count":0,"href":"https:\/\/www.europesays.com\/fr\/wp-json\/wp\/v2\/posts\/341447\/revisions"}],"wp:featuredmedia":[{"embeddable":true,"href":"https:\/\/www.europesays.com\/fr\/wp-json\/wp\/v2\/media\/341448"}],"wp:attachment":[{"href":"https:\/\/www.europesays.com\/fr\/wp-json\/wp\/v2\/media?parent=341447"}],"wp:term":[{"taxonomy":"category","embeddable":true,"href":"https:\/\/www.europesays.com\/fr\/wp-json\/wp\/v2\/categories?post=341447"},{"taxonomy":"post_tag","embeddable":true,"href":"https:\/\/www.europesays.com\/fr\/wp-json\/wp\/v2\/tags?post=341447"}],"curies":[{"name":"wp","href":"https:\/\/api.w.org\/{rel}","templated":true}]}}