{"id":341451,"date":"2025-08-24T21:38:10","date_gmt":"2025-08-24T21:38:10","guid":{"rendered":"https:\/\/www.europesays.com\/fr\/341451\/"},"modified":"2025-08-24T21:38:10","modified_gmt":"2025-08-24T21:38:10","slug":"isabelle-ithurburu-evoque-la-coupe-du-monde-feminine-sur-tf1-ce-nest-pas-forcement-un-echange-gagnant-gagnant-mais","status":"publish","type":"post","link":"https:\/\/www.europesays.com\/fr\/341451\/","title":{"rendered":"Isabelle Ithurburu \u00e9voque la Coupe du monde f\u00e9minine sur TF1 : \u00ab\u00a0Ce n\u2019est pas forc\u00e9ment un \u00e9change gagnant-gagnant mais&#8230;\u00a0\u00bb"},"content":{"rendered":"<p>Quelques jours seulement apr\u00e8s avoir quitt\u00e9 le 13h de TF1, Isabelle Ithurburu replonge d\u00e9j\u00e0 dans le rugby.<\/p>\n<p>La journaliste animera le magazine autour des rencontres du XV de France f\u00e9minin lors de la Coupe du monde en Angleterre, dont les plus grandes affiches seront diffus\u00e9es sur TF1.<\/p>\n<p><strong>\u00ab C\u2019est g\u00e9nial d\u2019avoir toutes les grandes rencontres en exclusivit\u00e9 \u00bb<\/strong><\/p>\n<p>La Paloise savoure cette nouvelle aventure.<\/p>\n<p><strong>Elle s\u2019est longuement confi\u00e9e via <a href=\"https:\/\/www.rugbyrama.fr\/2025\/08\/20\/coupe-du-monde-feminine-je-suis-vraiment-hyper-gatee-isabelle-ithurburu-se-livre-sur-sa-nouvelle-vie-avant-de-travailler-sur-le-mondial-12885582.php\" rel=\"nofollow noopener\" target=\"_blank\">Midi Olympique<\/a> :<\/strong><\/p>\n<p>\u00ab Pour moi, c\u2019est un petit bonus, mais le plus important, c\u2019est que nous aurons sur TF1 toutes les plus grandes rencontres des Bleues. D\u00e9j\u00e0, rien que \u00e7a, c\u2019est g\u00e9nial. L\u2019id\u00e9e, c\u2019est aussi de mettre en avant le sport f\u00e9minin, en l\u2019occurrence le rugby. \u00bb<\/p>\n<p>Contrairement \u00e0 la Coupe du monde masculine en 2023, o\u00f9 elle \u00e9tait en plateau, elle se r\u00e9jouit d\u2019\u00eatre cette fois en bord de terrain : \u00ab J\u2019avais \u00e9t\u00e9 un peu frustr\u00e9e. Donc l\u00e0, je suis vraiment contente. \u00bb<\/p>\n<p><strong>Un parfum de fra\u00eecheur<\/strong><\/p>\n<p><strong>L\u2019ancienne figure de Canal+ note une atmosph\u00e8re particuli\u00e8re autour du rugby f\u00e9minin :<\/strong><\/p>\n<p>\u00ab Je trouve qu\u2019il y a quand m\u00eame un parfum diff\u00e9rent chez les filles, un parfum que l\u2019on pouvait trouver au d\u00e9but des ann\u00e9es 2000 chez les gar\u00e7ons. Clairement, le rugby f\u00e9minin est au d\u00e9but de sa professionnalisation. Il y a une forme de fra\u00eecheur. \u00bb<\/p>\n<p><strong>Elle ne cache pas non plus la mission qui l\u2019anime :<\/strong><\/p>\n<p>\u00ab L\u2019objectif, c\u2019est que cette comp\u00e9tition soit vue par le plus grand nombre. Quand TF1 retransmet ces \u00e9quipes, \u00e7a contribue forc\u00e9ment au d\u00e9veloppement du sport f\u00e9minin. En rugby, c\u2019est surtout vrai pour le XV. J\u2019ai le sentiment que la m\u00e9diatisation du rugby f\u00e9minin passait jusque-l\u00e0 par le rugby \u00e0 7. Pour moi, c\u2019est essentiel quand on conna\u00eet l\u2019\u00e9conomie du sport f\u00e9minin et plus particuli\u00e8rement du rugby. Et \u00e0 TF1, on est assez fiers de pouvoir contribuer \u00e0 cet essor. \u00bb<\/p>\n<p><strong>Un pari m\u00e9diatique assum\u00e9<\/strong><\/p>\n<p><strong>Isabelle Ithurburu insiste :<\/strong><\/p>\n<p>\u00ab Mais on sait aussi que l\u2019audience ne sera probablement pas celle que l\u2019on peut faire sur une coupe du monde de rugby masculin. Ce n\u2019est pas forc\u00e9ment un \u00e9change gagnant-gagnant. Mais TF1 se lance quand m\u00eame avec beaucoup de moyens parce que le rugby f\u00e9minin en a besoin. Les filles de l\u2019\u00e9quipe de France aussi. \u00bb La cha\u00eene mise sur des matchs en prime time, avec un dispositif proche de celui mis en place pour les gar\u00e7ons.<\/p>\n<p><strong>Pour la journaliste, l\u2019essentiel sera de raconter des histoires accessibles au grand public :<\/strong><\/p>\n<p>\u00ab Si moi, je ne connais pas toutes les joueuses, le plus grand nombre ne les conna\u00eet pas non plus. C\u2019est \u00e0 nous de raconter les histoires de telle ou telle mani\u00e8re pour qu\u2019on s\u2019y attache, jusqu\u2019\u00e0 donner envie de regarder le match suivant. \u00bb<\/p>\n<p><strong>L\u2019ambiance anglaise comme catalyseur<\/strong><\/p>\n<p><strong>Elle croit \u00e0 un succ\u00e8s populaire :<\/strong><\/p>\n<p>\u00ab D\u2019abord, en Angleterre, les stades vont \u00eatre pleins. L\u2019ambiance sera folle, j\u2019en suis s\u00fbre. Et puis, l\u2019\u00e9quipe de France est quatri\u00e8me mondiale. On sent qu\u2019elle n\u2019est pas loin de bousculer la hi\u00e9rarchie. \u00bb<\/p>\n<p><strong>Pour conclure, Isabelle Ithurburu livre son approche avec simplicit\u00e9 :<\/strong><\/p>\n<p>\u00ab Pour nous, c\u2019est un \u00e9v\u00e9nement majeur, cette diffusion du Mondial f\u00e9minin. On ne fera pas de palettes techniques mais on veut vivre et partager une \u00e9motion avec le plus grand nombre de Fran\u00e7ais possibles. \u00bb<\/p>\n","protected":false},"excerpt":{"rendered":"Quelques jours seulement apr\u00e8s avoir quitt\u00e9 le 13h de TF1, Isabelle Ithurburu replonge d\u00e9j\u00e0 dans le rugby. La&hellip;\n","protected":false},"author":2,"featured_media":341452,"comment_status":"","ping_status":"","sticky":false,"template":"","format":"standard","meta":{"footnotes":""},"categories":[1416],"tags":[1011,27,479,1468,60],"class_list":{"0":"post-341451","1":"post","2":"type-post","3":"status-publish","4":"format-standard","5":"has-post-thumbnail","7":"category-rugby","8":"tag-fr","9":"tag-france","10":"tag-rugby","11":"tag-rugby-football","12":"tag-sports"},"share_on_mastodon":{"url":"https:\/\/pubeurope.com\/@fr\/115085908651687329","error":""},"_links":{"self":[{"href":"https:\/\/www.europesays.com\/fr\/wp-json\/wp\/v2\/posts\/341451","targetHints":{"allow":["GET"]}}],"collection":[{"href":"https:\/\/www.europesays.com\/fr\/wp-json\/wp\/v2\/posts"}],"about":[{"href":"https:\/\/www.europesays.com\/fr\/wp-json\/wp\/v2\/types\/post"}],"author":[{"embeddable":true,"href":"https:\/\/www.europesays.com\/fr\/wp-json\/wp\/v2\/users\/2"}],"replies":[{"embeddable":true,"href":"https:\/\/www.europesays.com\/fr\/wp-json\/wp\/v2\/comments?post=341451"}],"version-history":[{"count":0,"href":"https:\/\/www.europesays.com\/fr\/wp-json\/wp\/v2\/posts\/341451\/revisions"}],"wp:featuredmedia":[{"embeddable":true,"href":"https:\/\/www.europesays.com\/fr\/wp-json\/wp\/v2\/media\/341452"}],"wp:attachment":[{"href":"https:\/\/www.europesays.com\/fr\/wp-json\/wp\/v2\/media?parent=341451"}],"wp:term":[{"taxonomy":"category","embeddable":true,"href":"https:\/\/www.europesays.com\/fr\/wp-json\/wp\/v2\/categories?post=341451"},{"taxonomy":"post_tag","embeddable":true,"href":"https:\/\/www.europesays.com\/fr\/wp-json\/wp\/v2\/tags?post=341451"}],"curies":[{"name":"wp","href":"https:\/\/api.w.org\/{rel}","templated":true}]}}