{"id":341455,"date":"2025-08-24T21:41:10","date_gmt":"2025-08-24T21:41:10","guid":{"rendered":"https:\/\/www.europesays.com\/fr\/341455\/"},"modified":"2025-08-24T21:41:10","modified_gmt":"2025-08-24T21:41:10","slug":"un-enorme-pas-en-avant","status":"publish","type":"post","link":"https:\/\/www.europesays.com\/fr\/341455\/","title":{"rendered":"\u00ab Un \u00e9norme pas en avant \u00bb"},"content":{"rendered":"<p>&#13;<\/p>\n<p><strong>Parti 16e, Jorge Martin a r\u00e9alis\u00e9 un belle remont\u00e9e pour d\u00e9crocher son meilleur r\u00e9sultat depuis son arriv\u00e9e chez Aprilia.<\/strong><\/p>\n<p>\u00ab J\u2019ai beaucoup appris aujourd\u2019hui et je continue \u00e0 progresser \u00bb, a r\u00e9sum\u00e9 Martin. Ce n\u2019\u00e9tait pas une situation facile en partant 16e, mais j\u2019avais une strat\u00e9gie claire pour le d\u00e9part, notamment dans les premiers virages. Apr\u00e8s quelques tours, j\u2019\u00e9tais d\u00e9j\u00e0 sixi\u00e8me. \u00c0 partir de l\u00e0, j\u2019ai juste essay\u00e9 de maintenir un bon rythme. Le r\u00e9sultat est excellent, surtout pour l\u2019\u00e9quipe, qui est vraiment contente et motiv\u00e9e. On a fait un \u00e9norme pas en avant. \u00bb<\/p>\n<p>Un sentiment partag\u00e9 par Massimo Rivola, patron d\u2019Aprilia Racing : \u00ab C\u2019est un week-end tr\u00e8s positif, sur un trac\u00e9 qui, sur le papier, ne correspondait pas aux caract\u00e9ristiques de notre moto. On a clairement souffert vendredi, mais c\u2019\u00e9tait fantastique de voir l\u2019\u00e9quipe se mobiliser et travailler dur (&#8230;) Jorge a tellement progress\u00e9 dans son feeling avec la moto qu\u2019il a pu faire une course spectaculaire, franchement au-del\u00e0 de toutes nos attentes. \u00bb<\/p>\n<p>Photo : Aprilia<\/p>\n<p>&#13;<br \/>\n           &#13;<br \/>\n&#13;<br \/>\n    &#13;<br \/>\n    &#13;<\/p>\n","protected":false},"excerpt":{"rendered":"&#13; Parti 16e, Jorge Martin a r\u00e9alis\u00e9 un belle remont\u00e9e pour d\u00e9crocher son meilleur r\u00e9sultat depuis son arriv\u00e9e&hellip;\n","protected":false},"author":2,"featured_media":341456,"comment_status":"","ping_status":"","sticky":false,"template":"","format":"standard","meta":{"footnotes":""},"categories":[1413],"tags":[1011,27,1457,1456,60],"class_list":{"0":"post-341455","1":"post","2":"type-post","3":"status-publish","4":"format-standard","5":"has-post-thumbnail","7":"category-moto","8":"tag-fr","9":"tag-france","10":"tag-moto","11":"tag-motocycle","12":"tag-sports"},"share_on_mastodon":{"url":"https:\/\/pubeurope.com\/@fr\/115085920430031793","error":""},"_links":{"self":[{"href":"https:\/\/www.europesays.com\/fr\/wp-json\/wp\/v2\/posts\/341455","targetHints":{"allow":["GET"]}}],"collection":[{"href":"https:\/\/www.europesays.com\/fr\/wp-json\/wp\/v2\/posts"}],"about":[{"href":"https:\/\/www.europesays.com\/fr\/wp-json\/wp\/v2\/types\/post"}],"author":[{"embeddable":true,"href":"https:\/\/www.europesays.com\/fr\/wp-json\/wp\/v2\/users\/2"}],"replies":[{"embeddable":true,"href":"https:\/\/www.europesays.com\/fr\/wp-json\/wp\/v2\/comments?post=341455"}],"version-history":[{"count":0,"href":"https:\/\/www.europesays.com\/fr\/wp-json\/wp\/v2\/posts\/341455\/revisions"}],"wp:featuredmedia":[{"embeddable":true,"href":"https:\/\/www.europesays.com\/fr\/wp-json\/wp\/v2\/media\/341456"}],"wp:attachment":[{"href":"https:\/\/www.europesays.com\/fr\/wp-json\/wp\/v2\/media?parent=341455"}],"wp:term":[{"taxonomy":"category","embeddable":true,"href":"https:\/\/www.europesays.com\/fr\/wp-json\/wp\/v2\/categories?post=341455"},{"taxonomy":"post_tag","embeddable":true,"href":"https:\/\/www.europesays.com\/fr\/wp-json\/wp\/v2\/tags?post=341455"}],"curies":[{"name":"wp","href":"https:\/\/api.w.org\/{rel}","templated":true}]}}