{"id":341457,"date":"2025-08-24T21:42:20","date_gmt":"2025-08-24T21:42:20","guid":{"rendered":"https:\/\/www.europesays.com\/fr\/341457\/"},"modified":"2025-08-24T21:42:20","modified_gmt":"2025-08-24T21:42:20","slug":"laurent-mekies-impressionne-des-ses-debuts-chez-red-bull-selon-helmut-marko","status":"publish","type":"post","link":"https:\/\/www.europesays.com\/fr\/341457\/","title":{"rendered":"Laurent Mekies impressionne d\u00e8s ses d\u00e9buts chez Red Bull selon Helmut Marko\u2028"},"content":{"rendered":"<p>Fra\u00eechement nomm\u00e9 Team Principal, Laurent Mekies a impressionn\u00e9 par sa capacit\u00e9 \u00e0 s\u2019impliquer pleinement dans ses nouvelles fonctions. Selon Marko, il a encha\u00een\u00e9 les journ\u00e9es de plus de 14 heures \u00e0 l\u2019usine de Milton Keynes, multipliant les \u00e9changes avec les ing\u00e9nieurs et les responsables de d\u00e9partement.<\/p>\n<blockquote>\n<p>\u201cMekies a fait de tr\u00e8s bons d\u00e9buts et a utilis\u00e9 son temps de mani\u00e8re intensive. Il a \u00e9t\u00e9 actif \u00e0 Milton Keynes pendant au moins 14 heures ou plus par jour, a cherch\u00e9 \u00e0 \u00e9tablir des contacts avec les figures de proue de l\u2019\u00e9quipe et a \u00e9galement men\u00e9 des discussions pertinentes. Ce qui le distingue ou le rend diff\u00e9rent, c\u2019est qu\u2019il est un excellent ing\u00e9nieur, et les discussions sont davantage ax\u00e9es sur la technologie, ce qui \u00e9tait aussi notre objectif avec ce poste.\u201d D\u00e9clare Marko, source : <a href=\"http:\/\/nextgen-auto.com\" rel=\"nofollow noopener\" target=\"_blank\">nextgen-auto.com<\/a>\u00a0<\/p>\n<\/blockquote>\n<p><b>Une approche technique assum\u00e9e<\/b><\/p>\n<p>Ancien ing\u00e9nieur pass\u00e9 par Toro Rosso et Ferrari, Mekies a apport\u00e9 son expertise technique d\u00e8s ses premiers jours. Contrairement \u00e0 Christian Horner, davantage tourn\u00e9 vers la gestion globale, il se concentre sur l\u2019aspect sportif et technologique de l\u2019\u00e9quipe, laissant le commercial et le marketing aux autres dirigeants.<\/p>\n<p>Avec cet engagement et une approche m\u00e9thodique, Mekies s\u2019impose progressivement comme un leader respect\u00e9. Red Bull aborde ainsi une nouvelle \u00e9tape de son histoire, sans rupture brutale mais avec une continuit\u00e9 solide dans la gestion sportive.<\/p>\n<p>    Partagez cette info avec vos amis et vos proches en cliquant ici  <\/p>\n<p> Podcasts \u00e0 la une MEN LIFE <\/p>\n<p>    F1 : Marko impressionn\u00e9 par les d\u00e9buts de Mekies<\/p>\n<p>Helmut Marko a salu\u00e9 l\u2019investissement de Laurent Mekies, nouveau Team Principal de Red Bull Racing. Pr\u00e9sent plus de 14 heures par jour \u00e0 l\u2019usine de Milton Keynes, le Fran\u00e7ais a rapidement marqu\u00e9 les esprits par son approche technique et sa capacit\u00e9 \u00e0 s\u2019int\u00e9grer. Une implication qui confirme sa volont\u00e9 d\u2019imposer sa patte tout en assurant la continuit\u00e9 dans la gestion sportive de l\u2019\u00e9quipe.<\/p>\n<p>R\u00e9dacteur<\/p>\n<p><img decoding=\"async\" width=\"76\" height=\"76\" loading=\"lazy\" src=\"https:\/\/www.europesays.com\/fr\/wp-content\/uploads\/2025\/04\/avatar-sport-am.png\" alt=\"Victor Teyssier\"\/><\/p>\n","protected":false},"excerpt":{"rendered":"Fra\u00eechement nomm\u00e9 Team Principal, Laurent Mekies a impressionn\u00e9 par sa capacit\u00e9 \u00e0 s\u2019impliquer pleinement dans ses nouvelles fonctions.&hellip;\n","protected":false},"author":2,"featured_media":341458,"comment_status":"","ping_status":"","sticky":false,"template":"","format":"standard","meta":{"footnotes":""},"categories":[1412],"tags":[1451,1452,1453,1454,1455,1011,27,60],"class_list":{"0":"post-341457","1":"post","2":"type-post","3":"status-publish","4":"format-standard","5":"has-post-thumbnail","7":"category-f1","8":"tag-f1","9":"tag-formula-1","10":"tag-formula1","11":"tag-formule-1","12":"tag-formule1","13":"tag-fr","14":"tag-france","15":"tag-sports"},"share_on_mastodon":{"url":"https:\/\/pubeurope.com\/@fr\/115085924437640389","error":""},"_links":{"self":[{"href":"https:\/\/www.europesays.com\/fr\/wp-json\/wp\/v2\/posts\/341457","targetHints":{"allow":["GET"]}}],"collection":[{"href":"https:\/\/www.europesays.com\/fr\/wp-json\/wp\/v2\/posts"}],"about":[{"href":"https:\/\/www.europesays.com\/fr\/wp-json\/wp\/v2\/types\/post"}],"author":[{"embeddable":true,"href":"https:\/\/www.europesays.com\/fr\/wp-json\/wp\/v2\/users\/2"}],"replies":[{"embeddable":true,"href":"https:\/\/www.europesays.com\/fr\/wp-json\/wp\/v2\/comments?post=341457"}],"version-history":[{"count":0,"href":"https:\/\/www.europesays.com\/fr\/wp-json\/wp\/v2\/posts\/341457\/revisions"}],"wp:featuredmedia":[{"embeddable":true,"href":"https:\/\/www.europesays.com\/fr\/wp-json\/wp\/v2\/media\/341458"}],"wp:attachment":[{"href":"https:\/\/www.europesays.com\/fr\/wp-json\/wp\/v2\/media?parent=341457"}],"wp:term":[{"taxonomy":"category","embeddable":true,"href":"https:\/\/www.europesays.com\/fr\/wp-json\/wp\/v2\/categories?post=341457"},{"taxonomy":"post_tag","embeddable":true,"href":"https:\/\/www.europesays.com\/fr\/wp-json\/wp\/v2\/tags?post=341457"}],"curies":[{"name":"wp","href":"https:\/\/api.w.org\/{rel}","templated":true}]}}