{"id":341459,"date":"2025-08-24T21:43:15","date_gmt":"2025-08-24T21:43:15","guid":{"rendered":"https:\/\/www.europesays.com\/fr\/341459\/"},"modified":"2025-08-24T21:43:15","modified_gmt":"2025-08-24T21:43:15","slug":"cyclisme-tour-poitou-charentes-parcours-profil-favoris-le-tour-poitou-charentes-2025","status":"publish","type":"post","link":"https:\/\/www.europesays.com\/fr\/341459\/","title":{"rendered":"Cyclisme. Tour Poitou-Charentes &#8211; Parcours, profil, favoris&#8230; le Tour Poitou-Charentes 2025"},"content":{"rendered":"<p> Lire la suite de l&rsquo;article&#13;<\/p>\n<p>\u00a0<\/p>\n<p>&#13;<br \/>\nLes favoris&#13;<\/p>\n<p>L&rsquo;\u00e9quipe <strong>Uno-X Mobility<\/strong> du double tenant du titre\u00a0<strong>S\u00f8ren W\u00e6renskjold<\/strong> n&rsquo;ayant pas fait le d\u00e9placement en\u00a0Poitou-Charentes cette ann\u00e9e, la succession du Norv\u00e9gien s&rsquo;annonce tr\u00e8s ouverte ! Il faut bien entendu comme chaque ann\u00e9e regarder du c\u00f4te des meilleurs rouleurs du plateau, avec notamment les Fran\u00e7ais <strong>Thibault Guernalec<\/strong> (Ark\u00e9a &#8211; B&amp;B Hotels),\u00a0<strong>Benjamin Thomas<\/strong> (Cofidis), <strong>Pierre Latour, Alexys Brunel, Samuel Leroux<\/strong>\u00a0(TotalEnergies), <strong>Dorian Godon<\/strong> (Decathlon AG2R La Mondiale), <strong>Cl\u00e9ment Davy, Enzo Paleni<\/strong> (Groupama-FDJ)&#8230; <\/p>\n<p>&#13;<\/p>\n<p>De quoi voir une premi\u00e8re victoire tricolore sur l&rsquo;\u00e9preuve depuis 2020 et <strong>Arnaud D\u00e9mare<\/strong> ? Le sprinteur picard d&rsquo;<strong>Ark\u00e9a-B&amp;B Hotels<\/strong> sera en tout cas lui aussi de la partie et comptera parmi les principaux sprinteurs au d\u00e9part, avec <strong>Milan Fretin<\/strong> (Cofidis) et <strong>Sam Bennett<\/strong> (Decathlon AG2R La Mondiale), mais aussi <strong>Jason Tesson<\/strong> (TotalEnergies), <strong>Giovanni Lonardi<\/strong> (Polti VisitMalta)&#8230;<\/p>\n<p>&#13;<br \/>\n&#13;<br \/>\nLe parcours du Tour Poitou-Charentes en Nouvelle-Aquitaine 2025&#13;<\/p>\n<p>Mardi 26 ao\u00fbt \u2013<strong> Etape 1<\/strong> \u2013 Sauz\u00e9-Vaussais &gt; La G\u00e9n\u00e9touze \/ 193.3 km<\/p>\n<p>&#13;<\/p>\n<p><img decoding=\"async\" src=\"https:\/\/www.total-velo.com\/wp-content\/uploads\/2022\/07\/1e-etape-tour-du-poitou-charentes-2025.png\" style=\"max-width:100%;max-height:100%;\" alt=\"image\" loading=\"lazy\"\/><\/p>\n<p>&#13;<\/p>\n<p>Mercredi 27 ao\u00fbt \u2013 <strong>Etape 2<\/strong> \u2013 Jonzac &gt; Le Gond-Pontouvre \/ 175.5 km<\/p>\n<p>&#13;<\/p>\n<p><img decoding=\"async\" src=\"https:\/\/www.total-velo.com\/wp-content\/uploads\/2022\/07\/2e-etape-tour-du-poitou-charentes-2025.png\" style=\"max-width:100%;max-height:100%;\" alt=\"image\" loading=\"lazy\"\/><\/p>\n<p>&#13;<\/p>\n<p>Jeudi 28 ao\u00fbt \u2013 <strong>Etape 3<\/strong> \u2013 Chauvigny &gt; Jardres \/ 27.3 km<\/p>\n<p>&#13;<\/p>\n<p><img decoding=\"async\" src=\"https:\/\/www.total-velo.com\/wp-content\/uploads\/2022\/07\/3e-etape-tour-du-poitou-charentes-2025.png\" style=\"max-width:100%;max-height:100%;\" alt=\"image\" loading=\"lazy\"\/><\/p>\n<p>&#13;<\/p>\n<p>Vendredi 29 ao\u00fbt \u2013 <strong>Etape 4<\/strong> \u2013 La Rochefoucauld &gt; Poitiers \/ 185.9 km<img decoding=\"async\" src=\"https:\/\/www.total-velo.com\/wp-content\/uploads\/2022\/07\/4e-etape-tour-du-poitou-charentes-2025.png\" style=\"max-width:100%;max-height:100%;\" alt=\"image\" loading=\"lazy\"\/><\/p>\n<p>&#13;<\/p>\n<p>\u00a0<\/p>\n<p>&#13;<br \/>\nLa liste de d\u00e9part provisoire&#13;<\/p>\n<p><strong>ARKEA-B&amp;B HOTELS<\/strong><br \/>1 DELAPLACE Anthony<br \/>2 D\u00c9MARE Arnaud<br \/>3 GUERNALEC Thibault<br \/>4 GILLET Baptiste<br \/>5 HOUCOU Emmanuel<br \/>6 MILESI Nicolas<br \/>7 POULARD Baptiste<\/p>\n<p>&#13;<\/p>\n<p><strong>COFIDIS<\/strong><br \/>11 FRETIN Milan<br \/>12 IZAGIRRE Ion<br \/>13 MAHOUDO Nolann<br \/>14 PEREZ Anthony<br \/>15 THOMAS Benjamin<br \/>16 DATI Tommaso<br \/>17 HUCK L\u00e9andre<\/p>\n<p>&#13;<\/p>\n<p><strong>DECATHLON AG2R LA MONDIALE<\/strong><br \/>21 BLAISE Arthur<br \/>22 CHAMBERLAIN Oscar<br \/>23 GAUTHERAT Pierre<br \/>24 HAUGLAND Kasper<br \/>25 LAFAY Victor<br \/>26 PARET-PEINTRE Aur\u00e9lien<br \/>27 POLLEFLIET Gianluca<\/p>\n<p>&#13;<\/p>\n<p><strong>GROUPAMA-FDJ<\/strong><br \/>31 BOWER Lewis<br \/>32 DAVY Cl\u00e9ment<br \/>33 LE HUITOUZE Eddy<br \/>34 PALENI Enzo<br \/>35 WALLS Matthew<br \/>36 AGNOLETTO Blake<br \/>37 BOULET Eliott<\/p>\n<p>&#13;<\/p>\n<p><strong>TEAM TOTALENERGIES<\/strong><br \/>41 BONIFACE Lucas<br \/>42 BONNET Thomas<br \/>43 BRUNEL Alexys<br \/>44 LATOUR Pierre<br \/>45 LEROUX Samuel<br \/>46 MARCEROU Nicola<br \/>47 TESSON Jason<\/p>\n<p>&#13;<\/p>\n<p><strong>UNIBET TIETEMA ROCKETS<\/strong><br \/>51 MOURIS Wessel<br \/>52 PAIGE Charlie<br \/>53 BLOEM Joren<br \/>54 NIELSEN Sebastian<br \/>55 KYFFIN Zeb<br \/>56 SAVIOZ Colin<\/p>\n<p>&#13;<\/p>\n<p><strong>TEAM POLTI VISITMALTA<\/strong><br \/>61 BAIS Davide<br \/>62 BUTTIGIEG Aidan<br \/>63 LONARDI Giovanni<br \/>64 MAESTRI Mirco<br \/>65 MU\u00d1OZ Francisco<br \/>66 PE\u00d1ALVER Manuel<br \/>67 RACCAGNI Gabriele<\/p>\n<p>&#13;<\/p>\n<p><strong>VF GROUP-BARDIANI CSF-FAIZAN\u00c8<\/strong><br \/>71 COLNAGHI Luca<br \/>72 CETTOLIN Filippo<br \/>73 FIORELLI Filippo<br \/>74 MARCELLUSI Martin<br \/>75 MONTAGNER Andrea<br \/>76 PINAZZI Mattia<br \/>77 ZANONCELLO Enrico<\/p>\n<p>&#13;<\/p>\n<p><strong>TEAM NOVO NORDISK<\/strong><br \/>81 ARMITT Hamish<br \/>82 KOPECKY Matyas<br \/>83 LOZANO David<br \/>84 MULLER Anton<br \/>85 PERON Andrea<br \/>86 POLGA Antonio<br \/>87 RIDOLFO Filippo<\/p>\n<p>&#13;<\/p>\n<p><strong>LIDL-TREK FUTURE RACING<\/strong><br \/>91 \u00c1LVAREZ H\u00e9ctor<br \/>92 BESSEGA Andrea<br \/>93 MILAN Matteo<br \/>94 PEDERSEN Martin<br \/>95 ROGERS Cameron<br \/>96 VERBNJAK Paul<\/p>\n<p>&#13;<\/p>\n<p><strong>PARKHOTEL VALKENBURG<\/strong><br \/>101 AVONDTS Mathis<br \/>102 VOOGT Niek<br \/>103 DORENBOS Yanne<br \/>104 HOPPEZAK Vincent<br \/>105 RASCH Jesper<br \/>106 SINSCHEK Nils<br \/>107 VERBURG Luke<\/p>\n<p>&#13;<\/p>\n<p><strong>CIC U NANTES<\/strong><br \/>111 AUG\u00c9 Ronan<br \/>112 DEVROUTE Corentin<br \/>113 DUCRET Justin<br \/>114 GU\u00c9GAN Ma\u00ebl<br \/>115 HAMON Similien<br \/>116 HUE Antoine<br \/>117 LANGELLA Lenaic<\/p>\n<p>&#13;<\/p>\n<p><strong>NICE M\u00c9TROPOLE C\u00d4TE D&rsquo;AZUR<\/strong><br \/>121 H\u00c4NNINEN Jaakko<br \/>122 KONIJN Alexander<br \/>123 MIFSUD Andrea<br \/>124 KNECHT Noah<br \/>125 MASSA Dylan<br \/>126 BARRILLOT Boh\u00e9mond<br \/>127 GUICHARD Carter<\/p>\n<p>&#13;<\/p>\n<p><strong>ST MICHEL-PREFERENCE HOME-AUBER 93<\/strong><br \/>131 CARDIS Romain<br \/>132 CORKERY Dillon<br \/>133 DELACROIX Th\u00e9o<br \/>134 LECROQ J\u00e9r\u00e9my<br \/>135 RIOU Alan<br \/>136 VAN NIEKERK Morne<br \/>137 JEAN Victor<\/p>\n<p>&#13;<\/p>\n<p><strong>VAN RYSEL-ROUBAIX<\/strong><br \/>141 \u00c4RM Rait<br \/>142 ARNES Daniel<br \/>143 AVOINE K\u00e9vin<br \/>144 MORIN Emmanuel<br \/>145 PLANCKAERT Baptiste<br \/>146 TH\u00c9OT Killian<\/p>\n","protected":false},"excerpt":{"rendered":"Lire la suite de l&rsquo;article&#13; \u00a0 &#13; Les favoris&#13; L&rsquo;\u00e9quipe Uno-X Mobility du double tenant du titre\u00a0S\u00f8ren W\u00e6renskjold&hellip;\n","protected":false},"author":2,"featured_media":341460,"comment_status":"","ping_status":"","sticky":false,"template":"","format":"standard","meta":{"footnotes":""},"categories":[1411],"tags":[1154,207,211,1011,27,209,60,210,21932,212,208,213],"class_list":{"0":"post-341459","1":"post","2":"type-post","3":"status-publish","4":"format-standard","5":"has-post-thumbnail","7":"category-cyclisme","8":"tag-cycling","9":"tag-cyclisme","10":"tag-ffc","11":"tag-fr","12":"tag-france","13":"tag-route","14":"tag-sports","15":"tag-tour-de-france","16":"tag-tour-poitou-charentes","17":"tag-uci","18":"tag-velo","19":"tag-world-tour"},"share_on_mastodon":{"url":"https:\/\/pubeurope.com\/@fr\/115085928560791925","error":""},"_links":{"self":[{"href":"https:\/\/www.europesays.com\/fr\/wp-json\/wp\/v2\/posts\/341459","targetHints":{"allow":["GET"]}}],"collection":[{"href":"https:\/\/www.europesays.com\/fr\/wp-json\/wp\/v2\/posts"}],"about":[{"href":"https:\/\/www.europesays.com\/fr\/wp-json\/wp\/v2\/types\/post"}],"author":[{"embeddable":true,"href":"https:\/\/www.europesays.com\/fr\/wp-json\/wp\/v2\/users\/2"}],"replies":[{"embeddable":true,"href":"https:\/\/www.europesays.com\/fr\/wp-json\/wp\/v2\/comments?post=341459"}],"version-history":[{"count":0,"href":"https:\/\/www.europesays.com\/fr\/wp-json\/wp\/v2\/posts\/341459\/revisions"}],"wp:featuredmedia":[{"embeddable":true,"href":"https:\/\/www.europesays.com\/fr\/wp-json\/wp\/v2\/media\/341460"}],"wp:attachment":[{"href":"https:\/\/www.europesays.com\/fr\/wp-json\/wp\/v2\/media?parent=341459"}],"wp:term":[{"taxonomy":"category","embeddable":true,"href":"https:\/\/www.europesays.com\/fr\/wp-json\/wp\/v2\/categories?post=341459"},{"taxonomy":"post_tag","embeddable":true,"href":"https:\/\/www.europesays.com\/fr\/wp-json\/wp\/v2\/tags?post=341459"}],"curies":[{"name":"wp","href":"https:\/\/api.w.org\/{rel}","templated":true}]}}