{"id":34146,"date":"2025-04-18T13:20:08","date_gmt":"2025-04-18T13:20:08","guid":{"rendered":"https:\/\/www.europesays.com\/fr\/34146\/"},"modified":"2025-04-18T13:20:08","modified_gmt":"2025-04-18T13:20:08","slug":"alain-berset-nous-devons-reflechir-a-la-securite-democratique-du-continent-europeen","status":"publish","type":"post","link":"https:\/\/www.europesays.com\/fr\/34146\/","title":{"rendered":"Alain Berset: \u00abNous devons r\u00e9fl\u00e9chir \u00e0 la s\u00e9curit\u00e9 d\u00e9mocratique du continent europ\u00e9en\u00bb"},"content":{"rendered":"<p>\n                                                Cette semaine, nous recevons Alain Berset, Secr\u00e9taire g\u00e9n\u00e9ral du Conseil de l&rsquo;Europe. D\u00e9fense de la d\u00e9mocratie, reconstruction de l\u2019Ukraine, r\u00e9silience face aux ing\u00e9rences \u00e9trang\u00e8res\u00a0: il commente les missions men\u00e9es par son organisation.                    <\/p>\n<p>Le Conseil de l&rsquo;Europe, organisation internationale institu\u00e9e en 1949, compte 46 pays signataires de la Convention europ\u00e9enne des droits de l&rsquo;homme. L\u2019institution est garante de l&rsquo;\u00c9tat de droit sur le continent. Face \u00e0 la guerre en Ukraine et aux conflits dans d\u2019autres r\u00e9gions du monde, son Secr\u00e9taire g\u00e9n\u00e9ral, <strong><a href=\"https:\/\/www.rfi.fr\/fr\/tag\/alain-berset\/\" target=\"_self\" class=\"gtm-add-suggested-tag\" rel=\"noopener\">Alain Berset<\/a><\/strong>, explique qu&rsquo;\u00ab\u00a0aujourd&rsquo;hui, la force, la violence, la destruction, la guerre et l&rsquo;impunit\u00e9 semblent dominer l&rsquo;agenda \u00bb.<\/p>\n<p>\u00ab\u00a0Nous devons r\u00e9fl\u00e9chir \u00e0 la cr\u00e9ation d&rsquo;un tribunal d\u00e9di\u00e9\u00a0\u00bb<\/p>\n<p>Au chapitre de la guerre en <strong><a href=\"https:\/\/www.rfi.fr\/fr\/tag\/ukraine\/\" target=\"_self\" class=\"gtm-add-suggested-tag\" rel=\"noopener\">Ukraine<\/a><\/strong>, Alain Berset, \u00e9galement ancien conseiller f\u00e9d\u00e9ral et pr\u00e9sident de la Conf\u00e9d\u00e9ration suisse en 2018 et 2023, confirme la volont\u00e9 du Conseil de l\u2019Europe de se battre contre l\u2019impunit\u00e9\u00a0: \u00ab\u00a0Nous avons cr\u00e9\u00e9 un registre des dommages pour enregistrer les destructions des maisons priv\u00e9es. Nous enregistrons aussi maintenant les d\u00e9c\u00e8s des proches et les cons\u00e9quences de la guerre. L\u2019id\u00e9e est d\u2019avoir la plus haute qualit\u00e9 possible d&rsquo;enregistrement pour pouvoir un jour envisager la r\u00e9paration et la reconstruction.\u00a0\u00bb\u00a0\u00a0<\/p>\n<p>Le Secr\u00e9taire g\u00e9n\u00e9ral du Conseil de l&rsquo;Europe explique qu\u2019il \u00ab\u00a0n\u2019y a pas de cour internationale comp\u00e9tente pour se saisir du sujet de l\u2019impunit\u00e9 \u00bb.\u00a0 \u00ab\u00a0Si nous ne voulons pas que l&rsquo;impunit\u00e9 l&#8217;emporte, nous devons r\u00e9fl\u00e9chir \u00e0 la cr\u00e9ation d&rsquo;un tribunal d\u00e9di\u00e9. Avec le Conseil de l&rsquo;Europe, nous sommes pr\u00eats \u00e0 mettre tout cela en place si cela est souhait\u00e9 par les \u00c9tats membres du Conseil \u00bb, poursuit-il.\u00a0<\/p>\n<p>\u00ab\u00a0La libert\u00e9 d&rsquo;expression est absolument garantie en Europe\u00a0\u00bb<\/p>\n<p>Face \u00e0 la mont\u00e9e du populisme, de l\u2019autoritarisme et de la d\u00e9sinformation, Alain Berset estime que \u00ab\u00a0la d\u00e9mocratie recule un peu partout \u00bb. Alors que les r\u00e9seaux sociaux et l\u2019intelligence artificielle sont parfois accus\u00e9s de nourrir la d\u00e9sinformation, il appelle \u00e0 \u00ab\u00a0adapter le fonctionnement de nos d\u00e9mocraties \u00e0 ce monde dans lequel la diffusion de l&rsquo;information, la mani\u00e8re de mener le d\u00e9bat a compl\u00e8tement chang\u00e9 \u00bb. \u00ab\u00a0C&rsquo;est un monde dans lequel il y a beaucoup plus de fragmentation et de polarisation qu\u2019avant \u00bb, ajoute-t-il. \u00ab\u00a0Nous devons r\u00e9fl\u00e9chir ensemble \u00e0 une architecture de s\u00e9curit\u00e9 d\u00e9mocratique sur le continent europ\u00e9en. Pas seulement dans l&rsquo;<strong><a href=\"https:\/\/www.rfi.fr\/fr\/tag\/union-europ\u00e9enne\/\" target=\"_self\" class=\"gtm-add-suggested-tag\" rel=\"noopener\">Union europ\u00e9enne<\/a><\/strong>, mais avec les 46 membres du Conseil de l&rsquo;Europe, ce qui repr\u00e9sente une immense diversit\u00e9.\u00a0\u00bb<\/p>\n<p>En ce qui concerne les r\u00e9seaux sociaux, les g\u00e9ants du num\u00e9rique am\u00e9ricains refusent toute r\u00e9glementation europ\u00e9enne au nom de la libert\u00e9 d\u2019expression. \u00ab\u00a0La libert\u00e9 d&rsquo;expression est absolument garantie en Europe ainsi que la diversit\u00e9 des opinions. Nous devons toujours faire attention \u00e0 ce que cela ne recule pas. Mais la libert\u00e9 d&rsquo;expression, ce n&rsquo;est pas la libert\u00e9 \u00e0 dessein, avec des objectifs politiques, comme faire expr\u00e8s de diffuser des fausses informations. Donc \u00e9videmment, il faut un certain contr\u00f4le. Celles et ceux qui dirigent ces entreprises [du num\u00e9rique] doivent \u00eatre attentifs, sinon, nous minons les conditions m\u00eame d&rsquo;exercice de la d\u00e9mocratie \u00bb, d\u00e9taille le Secr\u00e9taire g\u00e9n\u00e9ral du Conseil de l&rsquo;Europe.\u00a0<\/p>\n<p>\u00ab\u00a0Les ing\u00e9rences \u00e9trang\u00e8res sont de plus en plus courantes\u00a0\u00bb<\/p>\n<p>Le Conseil de l\u2019Europe a \u00e9galement pour objectif de renforcer la r\u00e9silience du continent face aux ing\u00e9rences \u00e9trang\u00e8res. \u00ab\u00a0La d\u00e9mocratie, c&rsquo;est vivant. Nous votons souvent, mais c&rsquo;est un syst\u00e8me qui est tr\u00e8s fragile. Ce syst\u00e8me, parce qu&rsquo;il fait participer les masses \u00e0 des d\u00e9cisions communes, est tr\u00e8s sensible aux manipulations de l&rsquo;opinion ou de l&rsquo;information. Nous devons nous adapter. Nous devons \u00eatre capables de poser des conditions pour que la d\u00e9mocratie fonctionne dans un monde qui n&rsquo;est plus celui d&rsquo;il y a 30 ans \u00bb, note Alain Berset. \u00ab\u00a0Les ing\u00e9rences \u00e9trang\u00e8res sont de plus en plus courantes \u00bb, poursuit-il.<\/p>\n<p>\u00ab\u00a0Il ne faut pas se laisser d\u00e9stabiliser\u00a0\u00bb<\/p>\n<p>Au sujet des multiples volte-face de <strong><a href=\"https:\/\/www.rfi.fr\/fr\/tag\/donald-trump\/\" target=\"_self\" class=\"gtm-add-suggested-tag\" rel=\"noopener\">Donald Trump<\/a><\/strong> concernant l\u2019instauration de droits de douane suppl\u00e9mentaires, Alain Berset critique la \u00ab\u00a0cr\u00e9ation d\u2019incertitude \u00bb de la part de l\u2019administration am\u00e9ricaine. \u00ab\u00a0Il ne faut pas se laisser d\u00e9stabiliser par cela. C&rsquo;est tr\u00e8s n\u00e9gatif pour tout le monde et je pense que les premiers concern\u00e9s seraient les consommateurs am\u00e9ricains \u00bb, estime le Secr\u00e9taire g\u00e9n\u00e9ral du Conseil de l&rsquo;Europe. Face \u00e0 cette situation d\u2019instabilit\u00e9, il appelle \u00e0 \u00ab\u00a0penser \u00e0 long-terme \u00bb : \u00ab\u00a0Nous devons penser pour les g\u00e9n\u00e9rations qui vont nous suivre \u00bb, conclut-il.<\/p>\n","protected":false},"excerpt":{"rendered":"Cette semaine, nous recevons Alain Berset, Secr\u00e9taire g\u00e9n\u00e9ral du Conseil de l&rsquo;Europe. D\u00e9fense de la d\u00e9mocratie, reconstruction de&hellip;\n","protected":false},"author":2,"featured_media":34147,"comment_status":"","ping_status":"","sticky":false,"template":"","format":"standard","meta":{"footnotes":""},"categories":[1586],"tags":[11,11216,75,33,73,1777,674,1011,27,7248,12,25,220,364],"class_list":{"0":"post-34146","1":"post","2":"type-post","3":"status-publish","4":"format-standard","5":"has-post-thumbnail","7":"category-europe","8":"tag-actualites","9":"tag-alain-berset","10":"tag-donald-trump","11":"tag-economie","12":"tag-etats-unis","13":"tag-eu","14":"tag-europe","15":"tag-fr","16":"tag-france","17":"tag-ici-leurope","18":"tag-news","19":"tag-republique-francaise","20":"tag-ukraine","21":"tag-union-europeenne"},"share_on_mastodon":{"url":"https:\/\/pubeurope.com\/@fr\/114359174736277087","error":""},"_links":{"self":[{"href":"https:\/\/www.europesays.com\/fr\/wp-json\/wp\/v2\/posts\/34146","targetHints":{"allow":["GET"]}}],"collection":[{"href":"https:\/\/www.europesays.com\/fr\/wp-json\/wp\/v2\/posts"}],"about":[{"href":"https:\/\/www.europesays.com\/fr\/wp-json\/wp\/v2\/types\/post"}],"author":[{"embeddable":true,"href":"https:\/\/www.europesays.com\/fr\/wp-json\/wp\/v2\/users\/2"}],"replies":[{"embeddable":true,"href":"https:\/\/www.europesays.com\/fr\/wp-json\/wp\/v2\/comments?post=34146"}],"version-history":[{"count":0,"href":"https:\/\/www.europesays.com\/fr\/wp-json\/wp\/v2\/posts\/34146\/revisions"}],"wp:featuredmedia":[{"embeddable":true,"href":"https:\/\/www.europesays.com\/fr\/wp-json\/wp\/v2\/media\/34147"}],"wp:attachment":[{"href":"https:\/\/www.europesays.com\/fr\/wp-json\/wp\/v2\/media?parent=34146"}],"wp:term":[{"taxonomy":"category","embeddable":true,"href":"https:\/\/www.europesays.com\/fr\/wp-json\/wp\/v2\/categories?post=34146"},{"taxonomy":"post_tag","embeddable":true,"href":"https:\/\/www.europesays.com\/fr\/wp-json\/wp\/v2\/tags?post=34146"}],"curies":[{"name":"wp","href":"https:\/\/api.w.org\/{rel}","templated":true}]}}