{"id":341461,"date":"2025-08-24T21:44:14","date_gmt":"2025-08-24T21:44:14","guid":{"rendered":"https:\/\/www.europesays.com\/fr\/341461\/"},"modified":"2025-08-24T21:44:14","modified_gmt":"2025-08-24T21:44:14","slug":"emanuel-emegha-je-veux-le-meilleur-pour-la-carriere-de-dilane-bakwa-alsasports","status":"publish","type":"post","link":"https:\/\/www.europesays.com\/fr\/341461\/","title":{"rendered":"Emanuel Emegha : \u00ab\u00a0Je veux le meilleur pour la carri\u00e8re de Dilane Bakwa\u00a0\u00bb \u2014 Alsa&rsquo;Sports"},"content":{"rendered":"<p><strong>Interrog\u00e9 en zone mixte sur l\u2019\u00e9ventuel d\u00e9part de son co\u00e9quipier Dilane Bakwa apr\u00e8s le succ\u00e8s contre Nantes (1-0), Emanuel Emegha a assur\u00e9 vouloir le meilleur pour sa carri\u00e8re.<\/strong><\/p>\n<p>Unique buteur du succ\u00e8s strasbourgeois face au FC Nantes ce dimanche pour la deuxi\u00e8me journ\u00e9e de Ligue 1, l\u2019attaquant Emanuel Emegha a \u00e9voqu\u00e9 l\u2019\u00e9ventuel d\u00e9part de l\u2019ailier Dilane Bakwa, que les rumeurs annoncent en Premier League. \u00ab\u00a0S\u2019il doit rester ? Ce n\u2019est pas mon job mais celui de Marc Keller (il sourit). Je veux le meilleur pour la carri\u00e8re de Dilane, c\u2019est un co\u00e9quipier mais c\u2019est aussi mon ami. Et pour tout le monde dans le groupe, je veux le meilleur pour leur carri\u00e8re. Dilane est trop fort, c\u2019est un joueur exceptionnel. On est contents de l\u2019avoir\u00a0\u00bb. <\/p>\n","protected":false},"excerpt":{"rendered":"Interrog\u00e9 en zone mixte sur l\u2019\u00e9ventuel d\u00e9part de son co\u00e9quipier Dilane Bakwa apr\u00e8s le succ\u00e8s contre Nantes (1-0),&hellip;\n","protected":false},"author":2,"featured_media":341462,"comment_status":"","ping_status":"","sticky":false,"template":"","format":"standard","meta":{"footnotes":""},"categories":[1410],"tags":[63,1011,27,4448,60],"class_list":{"0":"post-341461","1":"post","2":"type-post","3":"status-publish","4":"format-standard","5":"has-post-thumbnail","7":"category-football","8":"tag-football","9":"tag-fr","10":"tag-france","11":"tag-rc-strasbourg","12":"tag-sports"},"share_on_mastodon":{"url":"https:\/\/pubeurope.com\/@fr\/115085932279452328","error":""},"_links":{"self":[{"href":"https:\/\/www.europesays.com\/fr\/wp-json\/wp\/v2\/posts\/341461","targetHints":{"allow":["GET"]}}],"collection":[{"href":"https:\/\/www.europesays.com\/fr\/wp-json\/wp\/v2\/posts"}],"about":[{"href":"https:\/\/www.europesays.com\/fr\/wp-json\/wp\/v2\/types\/post"}],"author":[{"embeddable":true,"href":"https:\/\/www.europesays.com\/fr\/wp-json\/wp\/v2\/users\/2"}],"replies":[{"embeddable":true,"href":"https:\/\/www.europesays.com\/fr\/wp-json\/wp\/v2\/comments?post=341461"}],"version-history":[{"count":0,"href":"https:\/\/www.europesays.com\/fr\/wp-json\/wp\/v2\/posts\/341461\/revisions"}],"wp:featuredmedia":[{"embeddable":true,"href":"https:\/\/www.europesays.com\/fr\/wp-json\/wp\/v2\/media\/341462"}],"wp:attachment":[{"href":"https:\/\/www.europesays.com\/fr\/wp-json\/wp\/v2\/media?parent=341461"}],"wp:term":[{"taxonomy":"category","embeddable":true,"href":"https:\/\/www.europesays.com\/fr\/wp-json\/wp\/v2\/categories?post=341461"},{"taxonomy":"post_tag","embeddable":true,"href":"https:\/\/www.europesays.com\/fr\/wp-json\/wp\/v2\/tags?post=341461"}],"curies":[{"name":"wp","href":"https:\/\/api.w.org\/{rel}","templated":true}]}}