{"id":341465,"date":"2025-08-24T21:46:13","date_gmt":"2025-08-24T21:46:13","guid":{"rendered":"https:\/\/www.europesays.com\/fr\/341465\/"},"modified":"2025-08-24T21:46:13","modified_gmt":"2025-08-24T21:46:13","slug":"pinterest-devoile-les-tendances-deco-qui-vont-cartonner","status":"publish","type":"post","link":"https:\/\/www.europesays.com\/fr\/341465\/","title":{"rendered":"Pinterest d\u00e9voile les tendances d\u00e9co qui vont cartonner"},"content":{"rendered":"\n<p class=\"p1\">\u00c0 l\u2019approche de l\u2019automne 2025, les <strong>envies de renouveau<\/strong> se ressentent jusque dans nos int\u00e9rieurs. Les journ\u00e9es plus courtes et les temp\u00e9ratures plus fra\u00eeches donnent envie de cocooner, mais aussi de repenser les espaces o\u00f9 nous passons le plus de temps. Si vous \u00eates g\u00e9n\u00e9ralement <a href=\"https:\/\/www.lejournaldelamaison.fr\/le-journal-de-la-maison\/actus-deco\/balcon-etroit-cet-ensemble-pliable-est-lastuce-parfaite-pour-gagner-de-la-place-et-teletravailler-au-soleil-506588.html\" target=\"_blank\" rel=\"noopener nofollow\">en t\u00e9l\u00e9travail<\/a>, votre bureau est s\u00fbrement devenu <strong>la pi\u00e8ce dans laquelle vous vous asseyez le plus d\u2019heures dans la semaine<\/strong>. Alors pourquoi ne pas lui donner un vrai coup de frais ? La plateforme Pinterest, v\u00e9ritable vitrine d\u2019inspirations, a r\u00e9cemment r\u00e9v\u00e9l\u00e9 les tendances d\u00e9co qui explosent cette saison\u2026 Et le moins que l\u2019on puisse dire, c\u2019est que vos bureaux vont radicalement changer\u2026<\/p>\n<p>    \u00c0 quoi vont ressembler nos espaces bureaux durant l\u2019automne 2025, selon Pinterest ? <\/p>\n<p class=\"p1\">Les chiffres parlent d\u2019eux-m\u00eames : la simple table blanche et la chaise sans \u00e2me, c\u2019est termin\u00e9. Place, \u00e0 pr\u00e9sent, <a href=\"https:\/\/www.lejournaldelamaison.fr\/le-journal-de-la-maison\/avant-apres\/avant-apres-difficilement-reconnaissables-ces-anciens-bureaux-ont-ete-transformes-en-un-vaste-appartement-lumineux-et-accueillant-504341.html\" target=\"_blank\" rel=\"noopener nofollow\">aux bureaux<\/a> qui respirent le style et la personnalit\u00e9 de son propri\u00e9taire. Selon Pinterest, la recherche <strong>\u00ab d\u00e9coration chic de bureau \u00bb<\/strong> bondit de <strong>+1 543 %<\/strong> et la <strong>\u00ab r\u00e9novation de bureau \u00bb<\/strong> grimpe de <strong>+2 652 %<\/strong>.<\/p>\n<p class=\"p1\">Rien que \u00e7a ! Autrement dit, l\u2019envie de <strong>repenser totalement son espace de travail<\/strong> est plus forte que jamais. Les bureaux se transforment en <strong>lieux inspirants, cosy, voire luxueux<\/strong>, o\u00f9 l\u2019on aime passer du temps. Suivez le mouvement et r\u00e9novez cette pi\u00e8ce de votre maison en vous laissant influencer par les <a href=\"https:\/\/www.lejournaldelamaison.fr\/le-journal-de-la-maison\/nouveautes\/tendances\/tendances-deco\/voici-plus-belles-tendances-deco-automne-2025-nouvelle-collection-sostrene-grene-517398.html\" target=\"_blank\" rel=\"noopener nofollow\">tendances \u00e0 venir<\/a>.<\/p>\n<p>    Les diff\u00e9rentes inspirations qui s\u2019invitent dans vos bureaux <\/p>\n<p class=\"p1\">Les inspirations sont multiples et s\u2019entrem\u00ealent pour donner vie \u00e0 des ambiances uniques. <strong>L\u2019Art D\u00e9co<\/strong> des ann\u00e9es 20 conna\u00eet un retour fulgurant (+745 %). Les bureaux se recouvrent de lignes g\u00e9om\u00e9triques, de dorures et de mati\u00e8res nobles, <strong>que ce soit sur les murs ou sur les objets de d\u00e9coration<\/strong> qui les parent.<\/p>\n<p class=\"p1\">De la m\u00eame fa\u00e7on, <strong>le vintage<\/strong> s\u2019impose avec des \u00e9l\u00e9ments qui rappellent l\u2019int\u00e9rieur de <a href=\"https:\/\/www.lejournaldelamaison.fr\/le-journal-de-la-maison\/piece-par-piece\/cuisine-salle-a-manger-le-journal-de-la-maison\/cuisine\/actus-cuisine\/tous-vue-chez-grands-meres-vaisselle-duralex-fait-carton-revient-enfin-stock-510383.html\" target=\"_blank\" rel=\"noopener nofollow\">chez nos grands-m\u00e8res<\/a>. <strong>La d\u00e9co de seconde main<\/strong> progresse aussi fortement (+283 %). Pas besoin donc de d\u00e9penser des mille et des cents pour se <strong>cr\u00e9er un nouvel espace bureau<\/strong>.<\/p>\n<blockquote class=\"tiktok-embed\" cite=\"https:\/\/www.tiktok.com\/@isawstars\/video\/7453980427259252014\" data-video-id=\"7453980427259252014\" data-embed-from=\"oembed\" style=\"max-width:605px; min-width:325px;\"><p>  <a target=\"_blank\" title=\"@isawstars\" href=\"https:\/\/www.tiktok.com\/@isawstars?refer=embed\" rel=\"nofollow noopener\">@isawstars<\/a>  <\/p>\n<p>i\u2019m convinced this will motivate me to study <a title=\"roomdecor\" target=\"_blank\" href=\"https:\/\/www.tiktok.com\/tag\/roomdecor?refer=embed\" rel=\"nofollow noopener\">#roomdecor<\/a> <a title=\"roomtour\" target=\"_blank\" href=\"https:\/\/www.tiktok.com\/tag\/roomtour?refer=embed\" rel=\"nofollow noopener\">#roomtour<\/a> <a title=\"gilmoregirls\" target=\"_blank\" href=\"https:\/\/www.tiktok.com\/tag\/gilmoregirls?refer=embed\" rel=\"nofollow noopener\">#gilmoregirls<\/a> <a title=\"antiques\" target=\"_blank\" href=\"https:\/\/www.tiktok.com\/tag\/antiques?refer=embed\" rel=\"nofollow noopener\">#antiques<\/a> <a title=\"secretarydesk\" target=\"_blank\" href=\"https:\/\/www.tiktok.com\/tag\/secretarydesk?refer=embed\" rel=\"nofollow noopener\">#secretarydesk<\/a> <a title=\"vintage\" target=\"_blank\" href=\"https:\/\/www.tiktok.com\/tag\/vintage?refer=embed\" rel=\"nofollow noopener\">#vintage<\/a> <a title=\"physicalmedia\" target=\"_blank\" href=\"https:\/\/www.tiktok.com\/tag\/physicalmedia?refer=embed\" rel=\"nofollow noopener\">#physicalmedia<\/a> <\/p>\n<p> <a target=\"_blank\" title=\"\u266c Angel - Elvis Presley\" href=\"https:\/\/www.tiktok.com\/music\/Angel-6735958219828496386?refer=embed\" rel=\"nofollow noopener\">\u266c Angel &#8211; Elvis Presley<\/a> <\/p>\n<\/blockquote>\n<p>    Quels sont les \u00e9l\u00e9ments \u00e0 int\u00e9grer dans vos bureaux pour \u00eatre au top des tendances, d\u2019apr\u00e8s Pinterest ? <\/p>\n<p class=\"p1\">Pour donner du caract\u00e8re \u00e0 votre bureau, Pinterest met en avant quatre \u00e9l\u00e9ments phares. Les carrelages textur\u00e9s, parfaits en cr\u00e9dence ou en petite touche murale, apportent du relief et une <a href=\"https:\/\/www.lejournaldelamaison.fr\/le-journal-de-la-maison\/nouveautes\/tendances\/tendances-deco\/fauteuil-vintage-robuste-siecle-vaut-petite-fortune-signature-verifier-avant-vendre-518884.html\" target=\"_blank\" rel=\"noopener nofollow\">note vintage<\/a>. Le mobilier chin\u00e9 reste aussi incontournable.<\/p>\n<p class=\"p1\">Misez sur <strong>un bureau en bois massif ou une chaise r\u00e9tro<\/strong>. Ces deux choix suffisent \u00e0 transformer l\u2019ambiance. Les mati\u00e8res brutes, comme le bois, le m\u00e9tal et la pierre, renforcent \u00e9galement cette <strong>atmosph\u00e8re authentique<\/strong>. Les patchworks injectent de la couleur et de la personnalit\u00e9 \u00e0 votre espace. \u00c0 vous de choisir les \u00e9l\u00e9ments qui vous ressemblent !<\/p>\n<p>                <script async src=\"\/\/www.tiktok.com\/embed.js\"><\/script><\/p>\n","protected":false},"excerpt":{"rendered":"\u00c0 l\u2019approche de l\u2019automne 2025, les envies de renouveau se ressentent jusque dans nos int\u00e9rieurs. Les journ\u00e9es plus&hellip;\n","protected":false},"author":2,"featured_media":341466,"comment_status":"","ping_status":"","sticky":false,"template":"","format":"standard","meta":{"footnotes":""},"categories":[1358],"tags":[1348,1384,1385,1386,58,59,1011,27],"class_list":{"0":"post-341465","1":"post","2":"type-post","3":"status-publish","4":"format-standard","5":"has-post-thumbnail","7":"category-arts-et-design","8":"tag-arts","9":"tag-arts-and-design","10":"tag-arts-et-design","11":"tag-design","12":"tag-divertissement","13":"tag-entertainment","14":"tag-fr","15":"tag-france"},"share_on_mastodon":{"url":"https:\/\/pubeurope.com\/@fr\/115085940057849905","error":""},"_links":{"self":[{"href":"https:\/\/www.europesays.com\/fr\/wp-json\/wp\/v2\/posts\/341465","targetHints":{"allow":["GET"]}}],"collection":[{"href":"https:\/\/www.europesays.com\/fr\/wp-json\/wp\/v2\/posts"}],"about":[{"href":"https:\/\/www.europesays.com\/fr\/wp-json\/wp\/v2\/types\/post"}],"author":[{"embeddable":true,"href":"https:\/\/www.europesays.com\/fr\/wp-json\/wp\/v2\/users\/2"}],"replies":[{"embeddable":true,"href":"https:\/\/www.europesays.com\/fr\/wp-json\/wp\/v2\/comments?post=341465"}],"version-history":[{"count":0,"href":"https:\/\/www.europesays.com\/fr\/wp-json\/wp\/v2\/posts\/341465\/revisions"}],"wp:featuredmedia":[{"embeddable":true,"href":"https:\/\/www.europesays.com\/fr\/wp-json\/wp\/v2\/media\/341466"}],"wp:attachment":[{"href":"https:\/\/www.europesays.com\/fr\/wp-json\/wp\/v2\/media?parent=341465"}],"wp:term":[{"taxonomy":"category","embeddable":true,"href":"https:\/\/www.europesays.com\/fr\/wp-json\/wp\/v2\/categories?post=341465"},{"taxonomy":"post_tag","embeddable":true,"href":"https:\/\/www.europesays.com\/fr\/wp-json\/wp\/v2\/tags?post=341465"}],"curies":[{"name":"wp","href":"https:\/\/api.w.org\/{rel}","templated":true}]}}