{"id":341467,"date":"2025-08-24T21:47:28","date_gmt":"2025-08-24T21:47:28","guid":{"rendered":"https:\/\/www.europesays.com\/fr\/341467\/"},"modified":"2025-08-24T21:47:28","modified_gmt":"2025-08-24T21:47:28","slug":"les-fleuves-du-ciel-delif-shafak-la-memoire-liquide","status":"publish","type":"post","link":"https:\/\/www.europesays.com\/fr\/341467\/","title":{"rendered":"\u00ab Les fleuves du ciel \u00bb d\u2019Elif Shafak : la m\u00e9moire liquide"},"content":{"rendered":"<p>      Trois vies au fil de l\u2019eau<\/p>\n<p style=\"font-weight: 400;\">Un enfant sur les rives de la Tamise en 1840, m\u00e9moire prodigieuse et mains tach\u00e9es d\u2019encre, qui d\u00e9couvre dans une imprimerie que les mots peuvent transporter plus loin que les bateaux. Une fillette y\u00e9zidie et sa grand-m\u00e8re, en 2014, forc\u00e9es de quitter leur village de Turquie, marchant au milieu de terres ravag\u00e9es par la guerre pour rejoindre une vall\u00e9e sacr\u00e9e en Irak, ultime refuge de leur peuple. Une hydrologue londonienne en 2018, c\u0153ur fissur\u00e9, install\u00e9e sur une p\u00e9niche pour \u00e9chapper \u00e0 la ruine de son mariage, et \u00e0 qui un livre myst\u00e9rieux rend soudain ses racines visibles. Trois destins s\u00e9par\u00e9s par les si\u00e8cles et les continents, mais li\u00e9s par un m\u00eame courant, celui de l\u2019eau, qui traverse le temps, porte les m\u00e9moires, relie les disparus aux vivants.<\/p>\n<p><strong>Magie sans artifice<\/strong><\/p>\n<p style=\"font-weight: 400;\">Lire Les fleuves du ciel, c\u2019est se laisser happer par un sortil\u00e8ge. Cinq cents pages qui se boivent comme cent, une prose qui coule avec l\u2019\u00e9vidence des fleuves qu\u2019elle invoque : fluide, limpide, parfois souterraine, parfois torrentielle. Elif Shafak ne raconte pas seulement une histoire, elle redonne cette sensation perdue de l\u2019enfance, quand un livre ouvrait un passage secret vers d\u2019autres mondes. Elle \u00e9crit \u00e0 la mani\u00e8re des magiciennes, des devineresses qui hantent ses pages : en redonnant souffle \u00e0 ce qui paraissait enfoui, en rendant palpables les \u00e9chos entre mythes antiques et br\u00fblures du pr\u00e9sent.<br data-start=\"1856\" data-end=\"1859\"\/>On sort de cette travers\u00e9e avec une envie folle de tatouer sur sa peau quelques signes en \u00e9criture cun\u00e9iforme, comme si la litt\u00e9rature laissait en nous une cicatrice volontaire. Mais il reste aussi un regret, intime et doux-amer : ne pas pouvoir tendre ce livre \u00e0 ma Grandma \u00e0 moi. Elle aurait souri de voir que j\u2019avais trouv\u00e9 encore plus forte que Christian Jacq\u2026 !<\/p>\n","protected":false},"excerpt":{"rendered":"Trois vies au fil de l\u2019eau Un enfant sur les rives de la Tamise en 1840, m\u00e9moire prodigieuse&hellip;\n","protected":false},"author":2,"featured_media":341468,"comment_status":"","ping_status":"","sticky":false,"template":"","format":"standard","meta":{"footnotes":""},"categories":[1357],"tags":[1379,58,59,1011,27,1380],"class_list":{"0":"post-341467","1":"post","2":"type-post","3":"status-publish","4":"format-standard","5":"has-post-thumbnail","7":"category-livres","8":"tag-books","9":"tag-divertissement","10":"tag-entertainment","11":"tag-fr","12":"tag-france","13":"tag-livres"},"share_on_mastodon":{"url":"https:\/\/pubeurope.com\/@fr\/115085944110605486","error":""},"_links":{"self":[{"href":"https:\/\/www.europesays.com\/fr\/wp-json\/wp\/v2\/posts\/341467","targetHints":{"allow":["GET"]}}],"collection":[{"href":"https:\/\/www.europesays.com\/fr\/wp-json\/wp\/v2\/posts"}],"about":[{"href":"https:\/\/www.europesays.com\/fr\/wp-json\/wp\/v2\/types\/post"}],"author":[{"embeddable":true,"href":"https:\/\/www.europesays.com\/fr\/wp-json\/wp\/v2\/users\/2"}],"replies":[{"embeddable":true,"href":"https:\/\/www.europesays.com\/fr\/wp-json\/wp\/v2\/comments?post=341467"}],"version-history":[{"count":0,"href":"https:\/\/www.europesays.com\/fr\/wp-json\/wp\/v2\/posts\/341467\/revisions"}],"wp:featuredmedia":[{"embeddable":true,"href":"https:\/\/www.europesays.com\/fr\/wp-json\/wp\/v2\/media\/341468"}],"wp:attachment":[{"href":"https:\/\/www.europesays.com\/fr\/wp-json\/wp\/v2\/media?parent=341467"}],"wp:term":[{"taxonomy":"category","embeddable":true,"href":"https:\/\/www.europesays.com\/fr\/wp-json\/wp\/v2\/categories?post=341467"},{"taxonomy":"post_tag","embeddable":true,"href":"https:\/\/www.europesays.com\/fr\/wp-json\/wp\/v2\/tags?post=341467"}],"curies":[{"name":"wp","href":"https:\/\/api.w.org\/{rel}","templated":true}]}}