{"id":341469,"date":"2025-08-24T21:48:18","date_gmt":"2025-08-24T21:48:18","guid":{"rendered":"https:\/\/www.europesays.com\/fr\/341469\/"},"modified":"2025-08-24T21:48:18","modified_gmt":"2025-08-24T21:48:18","slug":"le-scenario-qui-se-dessine-cest-quon-ne-passe-pas-noel-la-rentree-sous-tension-de-francois-bayrou","status":"publish","type":"post","link":"https:\/\/www.europesays.com\/fr\/341469\/","title":{"rendered":"\u00ab\u00a0Le sc\u00e9nario qui se dessine, c&rsquo;est qu&rsquo;on ne passe pas No\u00ebl\u00a0\u00bb : la rentr\u00e9e sous tension de Fran\u00e7ois Bayrou"},"content":{"rendered":"<ul class=\"jsx-862013697 ArticleChapo__List\">\n<li class=\"jsx-862013697 ArticleChapo__List_Item flex\">Ce lundi 25 ao\u00fbt \u00e0 16 heures, Fran\u00e7ois Bayrou va tenir une conf\u00e9rence de presse pour lancer la rentr\u00e9e politique.<\/li>\n<li class=\"jsx-862013697 ArticleChapo__List_Item flex\">Cette derni\u00e8re s&rsquo;annonce p\u00e9rilleuse pour le gouvernement et son projet de budget.<\/li>\n<li class=\"jsx-862013697 ArticleChapo__List_Item flex\">Alors que le Premier ministre appelle les partis \u00e0 la responsabilit\u00e9, la grogne monte et les appels aux blocage le 10 septembre se multiplient.<\/li>\n<\/ul>\n<p><a href=\"https:\/\/www.tf1info.fr\/emissions\/tf1\/jt-we-20h-11000\/\" rel=\"noopener\" class=\"jsx-484472199 Link jsx-1428418400 jsx-640816507\" target=\"_blank\"><\/p>\n<p style=\"font-weight:400\" class=\"jsx-1837267516\">Suivez la couverture compl\u00e8te<\/p>\n<p style=\"font-weight:800\" class=\"jsx-1837267516\">LE WE 20H<\/p>\n<p><\/a><\/p>\n<p data-module=\"article-paragraph\" class=\"jsx-3046738180 Paragraph\">Il n&rsquo;a presque pas quitt\u00e9 son bureau de l&rsquo;\u00e9t\u00e9. Pas de repos pour Fran\u00e7ois Bayrou, occup\u00e9 \u00e0 pr\u00e9parer le budget 2026 avec ses vid\u00e9os publi\u00e9es sur sa nouvelle cha\u00eene YouTube, avec l&rsquo;objectif affich\u00e9 de faire de la p\u00e9dagogie. D\u00e8s ce lundi 25 ao\u00fbt \u00e0 16 heures, le Premier ministre <a href=\"https:\/\/www.tf1info.fr\/politique\/francois-bayrou-tiendra-une-conference-de-presse-lundi-avec-le-budget-2026-en-ligne-de-mire-2390337.html\" target=\"_blank\" rel=\"noopener\">tiendra une conf\u00e9rence de presse<\/a> dans la lign\u00e9e de celle du 15 juillet dernier, quand il a pr\u00e9sent\u00e9 ses <a href=\"https:\/\/www.tf1info.fr\/societe\/budget-2026-rentree-sociale-preavis-de-greve-de-fo-a-compter-du-1er-septembre-mouvement-du-10-septembre-la-rentree-s-annonce-sous-haute-tension-2386712.html\" target=\"_blank\" rel=\"noopener\">orientations budg\u00e9taires controvers\u00e9es<\/a>.\u00a0<\/p>\n<p data-module=\"article-paragraph\" class=\"jsx-3046738180 Paragraph Paragraph__End\">L&rsquo;h\u00f4te de Matignon, en plus de faire de la p\u00e9dagogie, veut aussi appeler les partis \u00e0 la responsabilit\u00e9. \u00ab\u00a0Le but, c&rsquo;est de leur dire : &lsquo;si le plan Bayrou ne vous pla\u00eet pas, qu&rsquo;est-ce que vous proposez ?'\u00a0\u00bb, explique au 20H de TF1 un conseiller minist\u00e9riel.<\/p>\n<blockquote class=\"jsx-2786790838 Quote__Text\"><p>On est assis sur un baril de poudre o\u00f9 une \u00e9tincelle peut faire repartir des grands mouvements sociaux<\/p><\/blockquote>\n<p>Camille Bedock, politologue \u00e0 Sciences Po Bordeaux<\/p>\n<p data-module=\"article-paragraph\" class=\"jsx-3046738180 Paragraph\">Le gouvernement pr\u00e9voit ensuite deux semaines de consultation avec les syndicats et les pr\u00e9sidents de groupes parlementaires. Une rentr\u00e9e sous tension, alors que les appels aux blocages du pays le 10 septembre se multiplient. \u00ab\u00a0On est un peu assis sur un baril de poudre o\u00f9 une \u00e9tincelle peut faire repartir des grands mouvements sociaux, des grandes manifestations\u00a0\u00bb, analyse Camille Bedock, politologue \u00e0 Sciences Po Bordeaux.<\/p>\n<p data-module=\"article-paragraph\" class=\"jsx-3046738180 Paragraph Paragraph__End\">Le risque pour le gouvernement est avant tout la <a href=\"https:\/\/www.tf1info.fr\/politique\/budget-2026-assemblee-annonces-de-bayrou-interview-sur-tf1-eric-coquerel-appelle-toute-la-gauche-a-censurer-2383602.html\" target=\"_blank\" rel=\"noopener\">censure<\/a>, et notamment celle d\u00e9pos\u00e9e par La France insoumise, qui esp\u00e8re l&rsquo;avoir vot\u00e9e d\u00e8s la rentr\u00e9e parlementaire. \u00ab\u00a0Je ne vais pas cr\u00e9er l&rsquo;illusion qu&rsquo;il y a quelque chose \u00e0 n\u00e9gocier avec M. Bayrou. Notre objectif, c&rsquo;est de le faire tomber, de le faire chuter et de mettre un terme \u00e0 la politique qui veut \u00e0 nouveau nous imposer\u00a0\u00bb, souligne Manuel Bompard, coordinateur national de La France insoumise.<\/p>\n<p><a href=\"https:\/\/www.tf1info.fr\/politique\/francois-bayrou-tiendra-une-conference-de-presse-lundi-avec-le-budget-2026-en-ligne-de-mire-2390337.html\" rel=\"noopener\" class=\"jsx-3308031228 Link flex\" target=\"_blank\"><img decoding=\"async\" src=\"https:\/\/www.europesays.com\/fr\/wp-content\/uploads\/2025\/08\/conference-de-presse-de-francois-bayrou-le-15-juillet-2025-e1605d-2@1x.jpeg\" alt=\"Thomas SAMSON \/ AFP\" loading=\"lazy\" importance=\"low\" fetchpriority=\"low\" class=\"\" aria-hidden=\"true\"\/><\/p>\n<p class=\"jsx-3657663356 ReadMoreArticle__Title\">Lire aussi<\/p>\n<p class=\"jsx-3657663356\">Fran\u00e7ois Bayrou : une conf\u00e9rence de presse pour lancer une rentr\u00e9e politique \u00e0 haut risque <\/p>\n<p><\/a><\/p>\n<p data-module=\"article-paragraph\" class=\"jsx-3046738180 Paragraph\">Les autres forces de gauche, comme le Parti socialiste, pourraient \u00e9galement la voter. Tout reposerait alors sur le Rassemblement national, qui envisage plut\u00f4t d&rsquo;attendre le budget, examin\u00e9 \u00e0 partir du mois d&rsquo;octobre \u00e0 l&rsquo;Assembl\u00e9e nationale. Selon un d\u00e9put\u00e9 Rassemblement national, \u00ab\u00a0c&rsquo;est quasiment certain qu&rsquo;il sera censur\u00e9, mais au moment du budget. Il faut accepter d&rsquo;\u00eatre vu comme des vendus pour obtenir des victoires derri\u00e8re\u00a0\u00bb.\u00a0<\/p>\n<p data-module=\"article-paragraph\" class=\"jsx-3046738180 Paragraph Paragraph__End\">Des menaces qui sont prises au s\u00e9rieux par le gouvernement. \u00ab\u00a0Le sc\u00e9nario qui se dessine de plus en plus, c&rsquo;est qu&rsquo;on ne passe pas No\u00ebl encore une fois\u00a0\u00bb, confie avec pessimisme un ministre.<\/p>\n<p>F.R | Reportage TF1 Thibault Petit<\/p>\n","protected":false},"excerpt":{"rendered":"Ce lundi 25 ao\u00fbt \u00e0 16 heures, Fran\u00e7ois Bayrou va tenir une conf\u00e9rence de presse pour lancer la&hellip;\n","protected":false},"author":2,"featured_media":341470,"comment_status":"","ping_status":"","sticky":false,"template":"","format":"standard","meta":{"footnotes":""},"categories":[1356],"tags":[1111,11,1921,58,1073,59,1011,27,431,1922,47784,2338,47720,2948,17852,3541,4144,1078,252,1364,133,4530,14843],"class_list":{"0":"post-341469","1":"post","2":"type-post","3":"status-publish","4":"format-standard","5":"has-post-thumbnail","7":"category-television","8":"tag-actu","9":"tag-actualites","10":"tag-article-video","11":"tag-divertissement","12":"tag-emmanuel-macron","13":"tag-entertainment","14":"tag-fr","15":"tag-france","16":"tag-francois-bayrou","17":"tag-info","18":"tag-lopinion-politique","19":"tag-la-france-insoumise","20":"tag-la-politique","21":"tag-le-we-20h","22":"tag-manuel-bompard","23":"tag-parti-socialiste","24":"tag-politique-du-gouvernement","25":"tag-rassemblement-national","26":"tag-television","27":"tag-tv","28":"tag-video","29":"tag-video-politique","30":"tag-vie-politique-francaise"},"share_on_mastodon":{"url":"https:\/\/pubeurope.com\/@fr\/115085948054380342","error":""},"_links":{"self":[{"href":"https:\/\/www.europesays.com\/fr\/wp-json\/wp\/v2\/posts\/341469","targetHints":{"allow":["GET"]}}],"collection":[{"href":"https:\/\/www.europesays.com\/fr\/wp-json\/wp\/v2\/posts"}],"about":[{"href":"https:\/\/www.europesays.com\/fr\/wp-json\/wp\/v2\/types\/post"}],"author":[{"embeddable":true,"href":"https:\/\/www.europesays.com\/fr\/wp-json\/wp\/v2\/users\/2"}],"replies":[{"embeddable":true,"href":"https:\/\/www.europesays.com\/fr\/wp-json\/wp\/v2\/comments?post=341469"}],"version-history":[{"count":0,"href":"https:\/\/www.europesays.com\/fr\/wp-json\/wp\/v2\/posts\/341469\/revisions"}],"wp:featuredmedia":[{"embeddable":true,"href":"https:\/\/www.europesays.com\/fr\/wp-json\/wp\/v2\/media\/341470"}],"wp:attachment":[{"href":"https:\/\/www.europesays.com\/fr\/wp-json\/wp\/v2\/media?parent=341469"}],"wp:term":[{"taxonomy":"category","embeddable":true,"href":"https:\/\/www.europesays.com\/fr\/wp-json\/wp\/v2\/categories?post=341469"},{"taxonomy":"post_tag","embeddable":true,"href":"https:\/\/www.europesays.com\/fr\/wp-json\/wp\/v2\/tags?post=341469"}],"curies":[{"name":"wp","href":"https:\/\/api.w.org\/{rel}","templated":true}]}}