{"id":341473,"date":"2025-08-24T21:50:29","date_gmt":"2025-08-24T21:50:29","guid":{"rendered":"https:\/\/www.europesays.com\/fr\/341473\/"},"modified":"2025-08-24T21:50:29","modified_gmt":"2025-08-24T21:50:29","slug":"tom-holland-porte-t-il-une-vraie-moustache-dans-le-film-de-james-gray","status":"publish","type":"post","link":"https:\/\/www.europesays.com\/fr\/341473\/","title":{"rendered":"Tom Holland porte-t-il une vraie moustache dans le film de James Gray ?"},"content":{"rendered":"<p>Diffus\u00e9 ce dimanche 24 ao\u00fbt 2025 \u00e0 21h sur Arte, The Lost City of Z est un r\u00e9cit d&rsquo;aventure \u00e9pique sign\u00e9 James Gray. Au casting, on retrouve Charlie Hunnam, Robert Pattinson ou encore le jeune Tom Holland, qui arbore une jolie moustache pour les besoins du film&#8230;<\/p>\n<p>Au fil des ann\u00e9es, <a href=\"https:\/\/www.programme-tv.net\/news\/cinema\/45618-james-gray-the-immigrant-le-cineaste-americain-adore-des-francais\/\" data-api-deeplink=\"teleloisirs:\/\/news\/45618\" target=\"_blank\" rel=\"noopener\">James Gray s&rsquo;est impos\u00e9 comme une figure majeure du cin\u00e9ma d&rsquo;auteur am\u00e9ricain<\/a>. Et ce, gr\u00e2ce \u00e0 des films souvent introspectifs, \u00e0 l&rsquo;image de ses trois derni\u00e8res sortie en date : <a href=\"https:\/\/www.programme-tv.net\/news\/cinema\/378289-armageddon-time-cette-touchante-chronique-familiale-est-elle-inspiree-dune-histoire-vraie\/\" data-api-deeplink=\"teleloisirs:\/\/news\/378289\" target=\"_blank\" rel=\"noopener\">Armageddon Time<\/a> (2022), <a href=\"https:\/\/www.programme-tv.net\/news\/cinema\/286044-ad-astra-france-2-que-veut-dire-le-titre-de-cette-odyssee-spatiale-avec-brad-pitt\/\" data-api-deeplink=\"teleloisirs:\/\/news\/286044\" target=\"_blank\" rel=\"noopener\">Ad Astra <\/a>(2019) et enfin <a href=\"https:\/\/www.programme-tv.net\/news\/cinema\/111060-the-lost-city-of-z-l-incroyable-destin-de-l-explorateur-percy-fawcett-video\/\" data-api-deeplink=\"teleloisirs:\/\/news\/111060\" target=\"_blank\" rel=\"noopener\">The Lost City of Z <\/a>(2017), qu&rsquo;Arte diffuse ce dimanche 24 ao\u00fbt 2025 \u00e0 21h. Un long-m\u00e9trage \u00e9galement disponible sur la plateforme <a href=\"https:\/\/www.arte.tv\/fr\/\" target=\"_blank\" rel=\"noopener\">Arte.tv<\/a>. Cette impressionnante fresque, aussi \u00e9pique qu&rsquo;intime, retrace la vie de l&rsquo;explorateur britannique Percy Fawcett, interpr\u00e9t\u00e9 par Charlie Hunnam. \u00c0 ses c\u00f4t\u00e9s, on retrouve du beau monde comme Robert Pattinson ou encore Tom Holland, qui incarne son fils Jack, et alors tout juste r\u00e9v\u00e9l\u00e9 \u00e0 l&rsquo;international suite \u00e0 sa premi\u00e8re apparition en<a href=\"https:\/\/www.programme-tv.net\/news\/cinema\/81600-captain-america-civil-war-le-nouveau-spider-man-est-la-et-il-divise-deja-les-internautes-video\/\" data-api-deeplink=\"teleloisirs:\/\/news\/81600\" target=\"_blank\" rel=\"noopener\"> Spider-Man dans le MCU dans Captain America : Civil War<\/a>.<\/p>\n<p>                        The Lost City of Z : une histoire vraie ?<\/p>\n<p>Le film de <a href=\"https:\/\/www.programme-tv.net\/biographie\/11235-gray-james\/\" data-link-people=\"150d0470-37b8-41a3-b26e-543e99e1dee6\" target=\"_blank\" rel=\"noopener\">James Gray<\/a> est bas\u00e9 sur le livre La Cit\u00e9 perdue de Z du journaliste am\u00e9ricain David Grann qui revient sur la myst\u00e9rieuse disparition de Percy Fawcett. Ce dernier est un militaire, topographe et cartographe respect\u00e9, envoy\u00e9 en Amazonie au d\u00e9but du XXe si\u00e8cle pour tracer les fronti\u00e8res entre le Br\u00e9sil et la Bolivie. Une fois sur place, voil\u00e0 qu&rsquo;il se passionne pour les l\u00e9gendes indig\u00e8nes et est fermement convaincu de l&rsquo;existence d&rsquo;une ancienne cit\u00e9 perdue qu&rsquo;il nomme Z, au c\u0153ur de l&rsquo;Amazonie br\u00e9silienne. En 1925, Fawcett part pour ce qu&rsquo;il pense \u00eatre l&rsquo;exp\u00e9dition de la r\u00e9v\u00e9lation. Il est accompagn\u00e9 de son fils Jack (Tom Holland dans le film) et d&rsquo;un ami. Ils disparaissent tous les trois, sans laisser de traces. Aujourd&rsquo;hui, leur sort demeure un myst\u00e8re, alors qu&rsquo;aucune d\u00e9pouille n&rsquo;a \u00e9t\u00e9 encore retrouv\u00e9e.<\/p>\n<p>            Un Tom Holland moustachu dans The Lost City of Z<\/p>\n<p>Non, Tom Holland n&rsquo;est uniquement Spider-Man du MCU ! Si ce r\u00f4le l&rsquo;a fait conna\u00eetre mondialement, l&rsquo;acteur britannique sait s&rsquo;illustrer dans des registres plus dramatiques et moins grand public \u00e0 l&rsquo;image de son personnage dans The Lost City of Z.  Ainsi, vous remarquerez certainement sa belle moustache \u00e0 l&rsquo;\u00e9cran. Un accessoire purement factice ! En effet, Tom Holland, n\u00e9 en 1996 et alors \u00e2g\u00e9 de 20 ans \u00e0 l&rsquo;\u00e9poque, \u00e9tait encore trop jeune pour se laisser pousser une moustache aussi fournie !<\/p>\n","protected":false},"excerpt":{"rendered":"Diffus\u00e9 ce dimanche 24 ao\u00fbt 2025 \u00e0 21h sur Arte, The Lost City of Z est un r\u00e9cit&hellip;\n","protected":false},"author":2,"featured_media":341474,"comment_status":"","ping_status":"","sticky":false,"template":"","format":"standard","meta":{"footnotes":""},"categories":[1354],"tags":[15610,47785,244,58,59,1346,1011,27,47786,1360,10395,22562,129,47788,35103,47787],"class_list":{"0":"post-341473","1":"post","2":"type-post","3":"status-publish","4":"format-standard","5":"has-post-thumbnail","7":"category-films","8":"tag-arte-tv","9":"tag-charlie-hunnam","10":"tag-commentaire","11":"tag-divertissement","12":"tag-entertainment","13":"tag-films","14":"tag-fr","15":"tag-france","16":"tag-guid_5751708909001","17":"tag-movies","18":"tag-pub-streaming","19":"tag-robert-pattinson","20":"tag-svod","21":"tag-the-lost-city-of-z","22":"tag-tom-holland","23":"tag-uuid_c6d4e457-06d4-4886-be3b-e9bf8154289f"},"share_on_mastodon":{"url":"https:\/\/pubeurope.com\/@fr\/115085955799760340","error":""},"_links":{"self":[{"href":"https:\/\/www.europesays.com\/fr\/wp-json\/wp\/v2\/posts\/341473","targetHints":{"allow":["GET"]}}],"collection":[{"href":"https:\/\/www.europesays.com\/fr\/wp-json\/wp\/v2\/posts"}],"about":[{"href":"https:\/\/www.europesays.com\/fr\/wp-json\/wp\/v2\/types\/post"}],"author":[{"embeddable":true,"href":"https:\/\/www.europesays.com\/fr\/wp-json\/wp\/v2\/users\/2"}],"replies":[{"embeddable":true,"href":"https:\/\/www.europesays.com\/fr\/wp-json\/wp\/v2\/comments?post=341473"}],"version-history":[{"count":0,"href":"https:\/\/www.europesays.com\/fr\/wp-json\/wp\/v2\/posts\/341473\/revisions"}],"wp:featuredmedia":[{"embeddable":true,"href":"https:\/\/www.europesays.com\/fr\/wp-json\/wp\/v2\/media\/341474"}],"wp:attachment":[{"href":"https:\/\/www.europesays.com\/fr\/wp-json\/wp\/v2\/media?parent=341473"}],"wp:term":[{"taxonomy":"category","embeddable":true,"href":"https:\/\/www.europesays.com\/fr\/wp-json\/wp\/v2\/categories?post=341473"},{"taxonomy":"post_tag","embeddable":true,"href":"https:\/\/www.europesays.com\/fr\/wp-json\/wp\/v2\/tags?post=341473"}],"curies":[{"name":"wp","href":"https:\/\/api.w.org\/{rel}","templated":true}]}}