{"id":341475,"date":"2025-08-24T21:51:19","date_gmt":"2025-08-24T21:51:19","guid":{"rendered":"https:\/\/www.europesays.com\/fr\/341475\/"},"modified":"2025-08-24T21:51:19","modified_gmt":"2025-08-24T21:51:19","slug":"en-aout-adoptez-ces-gestes-simples-pour-multiplier-vos-poires-et-prunes-cet-automne-sans-effort","status":"publish","type":"post","link":"https:\/\/www.europesays.com\/fr\/341475\/","title":{"rendered":"En ao\u00fbt, adoptez ces gestes simples pour multiplier vos poires et prunes cet automne sans effort"},"content":{"rendered":"<p>Le mois d&rsquo;ao\u00fbt s&rsquo;installe, et avec lui cette sensation que le meilleur du verger reste \u00e0 venir. Pourtant, nombreux sont ceux qui voient leurs poiriers et pruniers promettre beaucoup en \u00e9t\u00e9, mais offrir un spectacle d\u00e9cevant \u00e0 l&rsquo;automne : fruits avachis, r\u00e9colte maigre, voire branches \u00e9puis\u00e9es. \u00c0 l&rsquo;origine de ces d\u00e9ceptions, quelques habitudes simples, souvent sous-estim\u00e9es. Pourtant, en adoptant certains <strong>gestes sp\u00e9cifiques<\/strong> d\u00e8s les beaux jours, il est possible de transformer son verger sans effort et de r\u00e9colter \u00e0 profusion. Pr\u00eat \u00e0 d\u00e9couvrir comment pr\u00e9parer une explosion de poires et de prunes cet automne ? Laissez-vous surprendre par l&rsquo;efficacit\u00e9 de ces astuces faciles \u00e0 appliquer, parfaites pour tout amoureux du potager et des beaux fruits.<\/p>\n<p>D\u00e9marrer l&rsquo;\u00e9t\u00e9 en beaut\u00e9 : pourquoi ao\u00fbt est le mois cl\u00e9 pour booster vos poiriers et pruniers<br \/>\n Comprendre le cycle naturel et la fen\u00eatre d&rsquo;action id\u00e9ale<\/p>\n<p><strong>Le c\u0153ur de l&rsquo;\u00e9t\u00e9<\/strong> correspond \u00e0 un tournant d\u00e9cisif pour les arbres fruitiers : la p\u00e9riode de croissance ralentit, la mont\u00e9e des sucres s&rsquo;intensifie, et les r\u00e9serves en eau deviennent cruciales. En ao\u00fbt, les poiriers et pruniers pr\u00e9parent d\u00e9j\u00e0 la r\u00e9colte future en capitalisant sur l&rsquo;\u00e9nergie engrang\u00e9e au fil des semaines. C&rsquo;est justement l\u00e0 que tout se joue : de petits gestes peuvent faire pencher la balance vers l&rsquo;abondance ou la d\u00e9ception.<\/p>\n<p> Les erreurs fr\u00e9quentes \u00e0 \u00e9viter \u00e0 la sortie de l&rsquo;\u00e9t\u00e9<\/p>\n<p>Laisser tra\u00eener des fruits au sol, n\u00e9gliger l&rsquo;\u00e9tat du paillage ou arroser \u00e0 contretemps figurent parmi les <strong>erreurs les plus courantes<\/strong> au jardin et au verger. Un verger mal entretenu \u00e0 la sortie de l&rsquo;\u00e9t\u00e9 est souvent synonyme de maladies et de parasites \u00e0 l&rsquo;approche de l&rsquo;automne. Or, bonne nouvelle ! il ne s&rsquo;agit pas de se lancer dans des travaux d&rsquo;envergure : des gestes simples suffisent \u00e0 faire toute la diff\u00e9rence.<\/p>\n<p>Ne laissez rien au hasard : ramasser t\u00f4t les fruits tomb\u00e9s, le bon geste sant\u00e9 pour vos arbres<br \/>\nLes risques cach\u00e9s des fruits abandonn\u00e9s : maladies, parasites et d\u00e9clin<\/p>\n<p>Laisser les poires ou prunes tomb\u00e9es \u00e0 terre, c&rsquo;est comme dresser la table pour les nuisibles : <strong>gu\u00eapes, limaces, mouches et autres ind\u00e9sirables<\/strong> s&rsquo;en r\u00e9jouissent, favorisant la propagation de maladies parfois discr\u00e8tes mais d\u00e9vastatrices. Le danger est double : vos arbres s&rsquo;\u00e9puisent \u00e0 lutter contre les attaques, et le sol du potager s&rsquo;appauvrit, s&rsquo;exposant \u00e0 des probl\u00e8mes de pourriture ou de champignons \u00e0 l&rsquo;automne.<\/p>\n<p> Comment et quand ramasser pour maximiser la vitalit\u00e9 du verger<\/p>\n<p>Pas besoin d&rsquo;y passer des heures chaque jour : un ramassage r\u00e9gulier, tous les deux \u00e0 trois jours en ao\u00fbt, suffit \u00e0 garder un verger sain. Un simple seau, un panier, et en quelques minutes, le tour est jou\u00e9 ! Les fruits sains peuvent \u00eatre consomm\u00e9s rapidement ou transform\u00e9s, tandis que les ab\u00eem\u00e9s serviront au compost. <strong>Ramasser t\u00f4t, c&rsquo;est garantir la vitalit\u00e9 de ses arbres<\/strong> et leur offrir une pr\u00e9paration optimale pour la saison suivante.<\/p>\n<p>Le secret des pros : pailler intelligemment pour nourrir et prot\u00e9ger vos arbres<br \/>\n Quels mat\u00e9riaux choisir pour un paillage efficace et naturel<\/p>\n<p>Le paillage est l&rsquo;atout des jardiniers malins. Il prot\u00e8ge le sol de la chaleur, retient l&rsquo;humidit\u00e9, nourrit la terre\u2026 mais gare aux erreurs de choix ! Privil\u00e9giez <strong>des mati\u00e8res naturelles et locales<\/strong> :<\/p>\n<ul>\n<li>Foin ou paille sans graines : favorisent l&rsquo;humidit\u00e9 tout en limitant les mauvaises herbes.<\/li>\n<li>\u00c9corces ou copeaux de bois non trait\u00e9s : parfaits autour de la base des arbres.<\/li>\n<li>Feuilles mortes s\u00e9ch\u00e9es : riches en nutriments, elles recyclent les ressources du jardin.<\/li>\n<li>Compost m\u00fbr : en fine couche, il dynamise l&rsquo;activit\u00e9 du sol.<\/li>\n<\/ul>\n<p>\u00c9vitez absolument les mat\u00e9riaux trop \u00e9pais ou humides qui pourraient asphyxier le sol.<\/p>\n<p> Les \u00e9tapes pour pailler sans se tromper et pr\u00e9parer le terrain \u00e0 l&rsquo;abondance<\/p>\n<p>Avant de pailler, <strong>nettoyez soigneusement le tour du tronc<\/strong> : \u00f4tez herbes ind\u00e9sirables, restes de fruits ou feuilles malades. \u00c9talez ensuite votre paillage sur 5 \u00e0 10 centim\u00e8tres d&rsquo;\u00e9paisseur, en laissant une marge de quelques centim\u00e8tres autour du tronc pour \u00e9viter l&rsquo;humidit\u00e9 excessive sur l&rsquo;\u00e9corce. Arrosez l\u00e9g\u00e8rement apr\u00e8s installation, m\u00eame si le sol n&rsquo;est pas sec, pour bien tasser le paillage. R\u00e9sultat : un sol vivant, prot\u00e9g\u00e9, pr\u00eat \u00e0 soutenir une belle fructification.<\/p>\n<p>Pr\u00e9parer l&rsquo;automne sans effort : des arbres robustes et une r\u00e9colte g\u00e9n\u00e9reuse en perspective<br \/>\nLes b\u00e9n\u00e9fices imm\u00e9diats : moins de maladies, des fruits plus beaux<\/p>\n<p>Adopter ces gestes simples en ao\u00fbt, c&rsquo;est offrir \u00e0 ses arbres une <strong>vraie cure de jouvence<\/strong> : moins de tavelures, de pourritures, moins de branches fragilis\u00e9es. Le r\u00e9sultat ne se fait pas attendre : les fruits restants grossissent, m\u00fbrissent mieux, et affichent une peau plus lisse et un go\u00fbt bien sucr\u00e9. <strong>Un petit effort maintenant, un grand plaisir \u00e0 la r\u00e9colte<\/strong> !<\/p>\n<p>R\u00e9sultat sur le long terme : multiplication naturelle et vitalit\u00e9 retrouv\u00e9e<\/p>\n<p>En adoptant le bon rythme d&rsquo;entretien et de stimulation, <strong>les poiriers et pruniers sont pr\u00eats \u00e0 produire davantage, ann\u00e9e apr\u00e8s ann\u00e9e<\/strong>. Des arbres vigoureux r\u00e9sistent mieux au froid hivernal, d\u00e9veloppent leur syst\u00e8me racinaire et offrent davantage de jeunes pousses au printemps. L&rsquo;abondance devient la norme, et votre verger s&rsquo;anime au fil des saisons, pour le plaisir des yeux et du palais.<\/p>\n<p>Retenir l&rsquo;essentiel : des gestes simples qui transforment votre verger tout l&rsquo;automne<br \/>\n R\u00e9sum\u00e9 des actions \u00e0 mener en ao\u00fbt<\/p>\n<p>Pour faciliter la vie de votre verger et pr\u00e9parer une r\u00e9colte g\u00e9n\u00e9reuse sans se compliquer l&rsquo;existence, n&rsquo;oubliez pas :<\/p>\n<ul>\n<li><strong>Ramasser pr\u00e9cocement tous les fruits tomb\u00e9s<\/strong>, y compris les petits ou ab\u00eem\u00e9s.<\/li>\n<li><strong>Pailler soigneusement le pied des arbres<\/strong> sans \u00e9touffer le tronc.<\/li>\n<li><strong>Observer l&rsquo;\u00e9tat du sol<\/strong> apr\u00e8s chaque arrosage pour ajuster au besoin.<\/li>\n<li><strong>\u00c9liminer rapidement les branches trop encombr\u00e9es<\/strong> ou malades si besoin.<\/li>\n<\/ul>\n<p> Astuces suppl\u00e9mentaires pour accompagner la reprise et anticiper l&rsquo;ann\u00e9e prochaine<\/p>\n<p>Un dernier conseil : Profitez du ramassage pour effectuer un tour d&rsquo;horizon du verger. Notez les zones o\u00f9 le paillage a mieux tenu, l\u00e0 o\u00f9 les fruits tombent davantage, ou encore l&rsquo;apparition de nouvelles fleurs tardives. <strong>Anticiper, c&rsquo;est gagner du temps<\/strong> et de la tranquillit\u00e9 pour la suite ! Enfin, gardez \u00e0 l&rsquo;esprit qu&rsquo;un verger productif est une ressource pr\u00e9cieuse : les surplus de prunes ou de poires peuvent \u00eatre transform\u00e9s en d\u00e9licieuses confitures maison ou enrichir votre compost pour l&rsquo;ann\u00e9e suivante.<\/p>\n<p>Avec quelques gestes strat\u00e9giques et peu de mat\u00e9riel, ao\u00fbt devient le mois de tous les possibles pour le jardinier urbain ou rural. <strong>Votre verger n&rsquo;attend que votre attention<\/strong> pour exprimer tout son potentiel&#8230; Quelles surprises vos arbres vous r\u00e9serveront-ils pour cet automne ?<\/p>\n","protected":false},"excerpt":{"rendered":"Le mois d&rsquo;ao\u00fbt s&rsquo;installe, et avec lui cette sensation que le meilleur du verger reste \u00e0 venir. Pourtant,&hellip;\n","protected":false},"author":2,"featured_media":341476,"comment_status":"","ping_status":"","sticky":false,"template":"","format":"standard","meta":{"footnotes":""},"categories":[10],"tags":[1011,27,72,56,71],"class_list":{"0":"post-341475","1":"post","2":"type-post","3":"status-publish","4":"format-standard","5":"has-post-thumbnail","7":"category-sante","8":"tag-fr","9":"tag-france","10":"tag-health","11":"tag-push","12":"tag-sante"},"share_on_mastodon":{"url":"https:\/\/pubeurope.com\/@fr\/115085959735468711","error":""},"_links":{"self":[{"href":"https:\/\/www.europesays.com\/fr\/wp-json\/wp\/v2\/posts\/341475","targetHints":{"allow":["GET"]}}],"collection":[{"href":"https:\/\/www.europesays.com\/fr\/wp-json\/wp\/v2\/posts"}],"about":[{"href":"https:\/\/www.europesays.com\/fr\/wp-json\/wp\/v2\/types\/post"}],"author":[{"embeddable":true,"href":"https:\/\/www.europesays.com\/fr\/wp-json\/wp\/v2\/users\/2"}],"replies":[{"embeddable":true,"href":"https:\/\/www.europesays.com\/fr\/wp-json\/wp\/v2\/comments?post=341475"}],"version-history":[{"count":0,"href":"https:\/\/www.europesays.com\/fr\/wp-json\/wp\/v2\/posts\/341475\/revisions"}],"wp:featuredmedia":[{"embeddable":true,"href":"https:\/\/www.europesays.com\/fr\/wp-json\/wp\/v2\/media\/341476"}],"wp:attachment":[{"href":"https:\/\/www.europesays.com\/fr\/wp-json\/wp\/v2\/media?parent=341475"}],"wp:term":[{"taxonomy":"category","embeddable":true,"href":"https:\/\/www.europesays.com\/fr\/wp-json\/wp\/v2\/categories?post=341475"},{"taxonomy":"post_tag","embeddable":true,"href":"https:\/\/www.europesays.com\/fr\/wp-json\/wp\/v2\/tags?post=341475"}],"curies":[{"name":"wp","href":"https:\/\/api.w.org\/{rel}","templated":true}]}}