{"id":34148,"date":"2025-04-18T13:21:14","date_gmt":"2025-04-18T13:21:14","guid":{"rendered":"https:\/\/www.europesays.com\/fr\/34148\/"},"modified":"2025-04-18T13:21:14","modified_gmt":"2025-04-18T13:21:14","slug":"le-proces-a-eu-raison-de-notre-vie-de-famille-explique-le-fils-de-gisele-pelicot","status":"publish","type":"post","link":"https:\/\/www.europesays.com\/fr\/34148\/","title":{"rendered":"le proc\u00e8s a eu \u00ab\u00a0raison de notre vie de famille\u00a0\u00bb, explique le fils de Gis\u00e8le Pelicot"},"content":{"rendered":"<p class=\"article-p mdl\">Le traumatisme provoqu\u00e9 par l\u2019affaire des viols de Mazan a laiss\u00e9 des s\u00e9quelles profondes au sein de la famille Pelicot. L&rsquo;un des fils de Dominique et Gis\u00e8le Pelicot, David Pelicot, s&rsquo;est exprim\u00e9 ce jeudi 17 avril, sur BFMTV, pour expliquer l\u2019ampleur des d\u00e9g\u00e2ts caus\u00e9s par ce proc\u00e8s retentissant qualifi\u00e9 par lui de \u00ab\u00a0tsunami\u00a0\u00bb : \u00ab\u00a0Cette famille a \u00e9t\u00e9 an\u00e9antie, elle essaie de se reconstruire jour apr\u00e8s jour\u00a0\u00bb, a-t-il d\u00e9clar\u00e9.<\/p>\n<p class=\"article-p mdl\">Il confie \u00e9galement que cette trag\u00e9die <strong>a mis fin \u00e0 leur \u00e9quilibre familial <\/strong>: \u00ab\u00a0le proc\u00e8s a eu raison de notre vie de famille\u00a0\u00bb. Si\u00a0<a class=\"link\" href=\"https:\/\/www.rtl.fr\/actu\/debats-societe\/gisele-pelicot-pourquoi-l-icone-feministe-va-porter-plainte-contre-le-magazine-paris-match-7900495545\" title=\"Gis\u00e8le Pelicot : pourquoi l&#039;ic\u00f4ne f\u00e9ministe va porter plainte contre le magazine &quot;Paris Match&quot;\" target=\"_blank\" rel=\"noopener\">Gis\u00e8le Pelicot<\/a>\u00a0et ses enfants \u00e9taient unis au d\u00e9but des audiences, cette unit\u00e9 n\u2019a pas tenu. \u00ab\u00a0On s\u2019est retrouv\u00e9 seuls \u00e0 sortir du tribunal, sans notre maman. \u00c7a a \u00e9t\u00e9 extr\u00eamement compliqu\u00e9\u00a0\u00bb, relate-t-il.\u00a0<\/p>\n<p class=\"article-p mdl\">Il avoue m\u00eame ne plus avoir \u00ab\u00a0de nouvelles\u00a0\u00bb depuis \u00ab\u00a0un petit moment de sa m\u00e8re\u00a0\u00bb. Outre les mesures de s\u00e9curit\u00e9 qui ne permettaient pas \u00e0 Gis\u00e8le Pelicot de rejoindre ses enfants apr\u00e8s le proc\u00e8s,\u00a0<a class=\"link\" href=\"https:\/\/www.rtl.fr\/actu\/justice-faits-divers\/viols-de-mazan-ce-proces-doit-etre-un-testament-pour-les-generations-futures-estime-david-pelicot-fils-aine-de-gisele-7900453385\" title=\"INVIT\u00c9 RTL - Viols de Mazan : &quot;Ce proc\u00e8s doit \u00eatre un testament pour les g\u00e9n\u00e9rations futures&quot;, estime David Pelicot, fils a\u00een\u00e9 de Gis\u00e8le\" target=\"_blank\" rel=\"noopener\">David Pelicot<\/a>\u00a0explique que <strong>la plainte d\u00e9pos\u00e9e par sa s\u0153ur, Caroline Darian, contre leur p\u00e8re<\/strong>, qu\u2019elle accuse \u00e9galement de l\u2019avoir drogu\u00e9e puis viol\u00e9e, <strong>a peut-\u00eatre jou\u00e9 sur les dissensions dans la famille<\/strong>. Il estime que leur m\u00e8re \u00ab\u00a0n\u2019a peut-\u00eatre pas les armes pour affronter cela\u00a0\u00bb.<\/p>\n<p>Lors du\u00a0<a class=\"link\" href=\"https:\/\/www.rtl.fr\/actu\/justice-faits-divers\/invite-rtl-proces-des-viols-de-mazan-comment-le-combat-de-gisele-pelicot-peut-il-etre-desormais-perpetue-7900453612\" title=\"INVIT\u00c9 RTL - Proc\u00e8s des viols de Mazan : comment le combat de Gis\u00e8le Pelicot peut-il \u00eatre d\u00e9sormais perp\u00e9tu\u00e9 ?\" target=\"_blank\" rel=\"noopener\">proc\u00e8s des viols de Mazan<\/a>, Dominique Pelicot, jug\u00e9 entre septembre et d\u00e9cembre 2024 dans le Vaucluse, a \u00e9t\u00e9 condamn\u00e9 \u00e0 20 ans de r\u00e9clusion pour avoir drogu\u00e9 son \u00e9pouse, Gis\u00e8le, pendant de longues ann\u00e9es, <strong>afin de la violer puis de livrer \u00e0 de nombreux agresseurs recrut\u00e9s en ligne<\/strong>.<\/p>\n<p>    La r\u00e9daction vous recommande<\/p>\n<p class=\"s-newsletter__title\">\n                L\u2019actualit\u00e9 par la r\u00e9daction de RTL dans votre bo\u00eete mail.\n            <\/p>\n<p class=\"s-newsletter__subtitle\">\n                Gr\u00e2ce \u00e0 votre compte RTL abonnez-vous \u00e0 la newsletter RTL info pour suivre toute l&rsquo;actualit\u00e9 au quotidien\n            <\/p>\n<p>\n                                    Lire la suite\n                                <\/p>\n","protected":false},"excerpt":{"rendered":"Le traumatisme provoqu\u00e9 par l\u2019affaire des viols de Mazan a laiss\u00e9 des s\u00e9quelles profondes au sein de la&hellip;\n","protected":false},"author":2,"featured_media":34149,"comment_status":"","ping_status":"","sticky":false,"template":"","format":"standard","meta":{"footnotes":""},"categories":[1586],"tags":[11,1777,674,1779,1011,27,303,12,1072,11218,25,11217,1778,364],"class_list":{"0":"post-34148","1":"post","2":"type-post","3":"status-publish","4":"format-standard","5":"has-post-thumbnail","7":"category-europe","8":"tag-actualites","9":"tag-eu","10":"tag-europe","11":"tag-european-union","12":"tag-fr","13":"tag-france","14":"tag-justice","15":"tag-news","16":"tag-police","17":"tag-proces-des-viols-de-mazan","18":"tag-republique-francaise","19":"tag-rse-femme","20":"tag-ue","21":"tag-union-europeenne"},"share_on_mastodon":{"url":"https:\/\/pubeurope.com\/@fr\/114359178702771505","error":""},"_links":{"self":[{"href":"https:\/\/www.europesays.com\/fr\/wp-json\/wp\/v2\/posts\/34148","targetHints":{"allow":["GET"]}}],"collection":[{"href":"https:\/\/www.europesays.com\/fr\/wp-json\/wp\/v2\/posts"}],"about":[{"href":"https:\/\/www.europesays.com\/fr\/wp-json\/wp\/v2\/types\/post"}],"author":[{"embeddable":true,"href":"https:\/\/www.europesays.com\/fr\/wp-json\/wp\/v2\/users\/2"}],"replies":[{"embeddable":true,"href":"https:\/\/www.europesays.com\/fr\/wp-json\/wp\/v2\/comments?post=34148"}],"version-history":[{"count":0,"href":"https:\/\/www.europesays.com\/fr\/wp-json\/wp\/v2\/posts\/34148\/revisions"}],"wp:featuredmedia":[{"embeddable":true,"href":"https:\/\/www.europesays.com\/fr\/wp-json\/wp\/v2\/media\/34149"}],"wp:attachment":[{"href":"https:\/\/www.europesays.com\/fr\/wp-json\/wp\/v2\/media?parent=34148"}],"wp:term":[{"taxonomy":"category","embeddable":true,"href":"https:\/\/www.europesays.com\/fr\/wp-json\/wp\/v2\/categories?post=34148"},{"taxonomy":"post_tag","embeddable":true,"href":"https:\/\/www.europesays.com\/fr\/wp-json\/wp\/v2\/tags?post=34148"}],"curies":[{"name":"wp","href":"https:\/\/api.w.org\/{rel}","templated":true}]}}