{"id":341483,"date":"2025-08-24T21:55:12","date_gmt":"2025-08-24T21:55:12","guid":{"rendered":"https:\/\/www.europesays.com\/fr\/341483\/"},"modified":"2025-08-24T21:55:12","modified_gmt":"2025-08-24T21:55:12","slug":"italie-trop-lourd-pour-voler-un-avion-debarque-20-passagers-avant-le-decollage-actualites","status":"publish","type":"post","link":"https:\/\/www.europesays.com\/fr\/341483\/","title":{"rendered":"Italie : Trop lourd pour voler, un avion d\u00e9barque 20 passagers avant le d\u00e9collage : Actualit\u00e9s"},"content":{"rendered":"<p class=\"lead \"><strong>En cette p\u00e9riode estivale, un avion devant effectuer un vol entre Florence et Londres a d\u00fb charger davantage de k\u00e9ros\u00e8ne en raison des fortes chaleurs. Une surcharge qui a eu pour cons\u00e9quence le d\u00e9barquement de 20 passagers.<\/strong><\/p>\n<p class=\"lead \">Une sc\u00e8ne surr\u00e9aliste. Alors qu\u2019un avion devait effectuer un vol entre Florence (Italie) et Londres (Angleterre), il n\u2019a pas pu emmener avec lui l\u2019int\u00e9gralit\u00e9 des passagers pr\u00e9vus pour ce trajet. En effet, sur ce vol British Airways, 20 passagers n\u2019ont finalement pas pu monter dans l\u2019appareil, comme le rapportent nos confr\u00e8res anglais du Sun.<\/p>\n<p class=\"lead \">La raison : un compl\u00e9ment de carburant. Effectivement, en raison des fortes chaleurs en cette p\u00e9riode estivale, l\u2019avion, un Embraer ERJ-190, a r\u00e9alis\u00e9 un plein compl\u00e9mentaire en carburant pour compenser ces fortes temp\u00e9ratures (35 \u00b0C). En prenant en compte les conditions climatiques, mais aussi la courte piste de d\u00e9collage de l\u2019a\u00e9roport Amerigo Vespucci de Florence, ce compl\u00e9ment apparaissait n\u00e9cessaire, puisque la consommation en k\u00e9ros\u00e8ne a \u00e9t\u00e9 plus importante.<\/p>\n<p>                                                                                                Des excuses et une solution propos\u00e9es par la compagnie<\/p>\n<p class=\"lead \">Pour compenser ce poids suppl\u00e9mentaire, \u00ab\u00a0le pilote a indiqu\u00e9 que les gens devaient descendre \u00e0 cause de la chaleur extr\u00eame\u00a0\u00bb, a relat\u00e9 une passag\u00e8re, avant d\u2019ajouter : \u00ab\u00a0Le personnel a dit qu\u2019il faudrait d\u00e9charger 36 personnes, mais seulement une vingtaine de personnes ont finalement d\u00fb descendre\u00a0\u00bb.<\/p>\n<p class=\"lead \">Une situation qui a contraint British Airways \u00e0 pr\u00e9senter ses excuses aux passagers ne pouvant pas prendre part \u00e0 ce vol. La compagnie a annonc\u00e9 que ses \u00e9quipes se sont mobilis\u00e9es pour que ces personnes concern\u00e9es puissent rallier la destination (Londres) le plus rapidement possible. Cette situation, contraignante, pourrait se reproduire de plus en plus fr\u00e9quemment, en raison du r\u00e9chauffement climatique.<\/p>\n<p class=\"small font-weight-bold text-gray3 \"> publi\u00e9 le 24 ao\u00fbt \u00e0 22h26, Nathan Giordana, 6M\u00e9dias<\/p>\n<p>                             Partager<\/p>\n","protected":false},"excerpt":{"rendered":"En cette p\u00e9riode estivale, un avion devant effectuer un vol entre Florence et Londres a d\u00fb charger davantage&hellip;\n","protected":false},"author":2,"featured_media":341484,"comment_status":"","ping_status":"","sticky":false,"template":"","format":"standard","meta":{"footnotes":""},"categories":[6],"tags":[35,33,34,1011,27],"class_list":{"0":"post-341483","1":"post","2":"type-post","3":"status-publish","4":"format-standard","5":"has-post-thumbnail","7":"category-economie","8":"tag-business","9":"tag-economie","10":"tag-economy","11":"tag-fr","12":"tag-france"},"share_on_mastodon":{"url":"","error":""},"_links":{"self":[{"href":"https:\/\/www.europesays.com\/fr\/wp-json\/wp\/v2\/posts\/341483","targetHints":{"allow":["GET"]}}],"collection":[{"href":"https:\/\/www.europesays.com\/fr\/wp-json\/wp\/v2\/posts"}],"about":[{"href":"https:\/\/www.europesays.com\/fr\/wp-json\/wp\/v2\/types\/post"}],"author":[{"embeddable":true,"href":"https:\/\/www.europesays.com\/fr\/wp-json\/wp\/v2\/users\/2"}],"replies":[{"embeddable":true,"href":"https:\/\/www.europesays.com\/fr\/wp-json\/wp\/v2\/comments?post=341483"}],"version-history":[{"count":0,"href":"https:\/\/www.europesays.com\/fr\/wp-json\/wp\/v2\/posts\/341483\/revisions"}],"wp:featuredmedia":[{"embeddable":true,"href":"https:\/\/www.europesays.com\/fr\/wp-json\/wp\/v2\/media\/341484"}],"wp:attachment":[{"href":"https:\/\/www.europesays.com\/fr\/wp-json\/wp\/v2\/media?parent=341483"}],"wp:term":[{"taxonomy":"category","embeddable":true,"href":"https:\/\/www.europesays.com\/fr\/wp-json\/wp\/v2\/categories?post=341483"},{"taxonomy":"post_tag","embeddable":true,"href":"https:\/\/www.europesays.com\/fr\/wp-json\/wp\/v2\/tags?post=341483"}],"curies":[{"name":"wp","href":"https:\/\/api.w.org\/{rel}","templated":true}]}}