{"id":341485,"date":"2025-08-24T21:56:11","date_gmt":"2025-08-24T21:56:11","guid":{"rendered":"https:\/\/www.europesays.com\/fr\/341485\/"},"modified":"2025-08-24T21:56:11","modified_gmt":"2025-08-24T21:56:11","slug":"en-italie-matteo-salvini-charge-a-nouveau-la-politique-demmanuel-macron","status":"publish","type":"post","link":"https:\/\/www.europesays.com\/fr\/341485\/","title":{"rendered":"En Italie, Matteo Salvini charge \u00e0 nouveau la politique d\u2019Emmanuel Macron"},"content":{"rendered":"<p>                         <img loading=\"lazy\" decoding=\"async\" src=\"https:\/\/www.europesays.com\/fr\/wp-content\/uploads\/2025\/08\/4aa82eb_upload-1-pos5aq3uuoqf-2025-08-07t000000z-853982321-mt1sipa000ao1loj-rtrmadp-3-sipa-usa.JPG\" alt=\"Le vice-pr\u00e9sident du conseil italien et ministre des transports et des infrastructures, Matteo Salvini, \u00e0 Villa San Giovanni (Italie), le 7\u00a0ao\u00fbt 2025.\"   width=\"664\" height=\"443\"\/>    Le vice-pr\u00e9sident du conseil italien et ministre des transports et des infrastructures, Matteo Salvini, \u00e0 Villa San Giovanni (Italie), le 7\u00a0ao\u00fbt 2025.  IPA\/SIPA VIA REUTERS                 <\/p>\n<p class=\"article__paragraph  \">Matteo Salvini persiste et signe, passant du dossier ukrainien \u00e0 la politique int\u00e9rieure fran\u00e7aise. Les diplomates esp\u00e8rent pouvoir tourner la page en l\u2019\u00e9tat. Giorgia Meloni, la cheffe de l\u2019ex\u00e9cutif italien, garde le silence. Dimanche 24\u00a0ao\u00fbt, le climat tendu cr\u00e9\u00e9 par les propos du vice-pr\u00e9sident du conseil italien \u00e0 l\u2019encontre d\u2019Emmanuel Macron continuait de planer sur la relation entre Paris et Rome. Une nouvelle crise diplomatique franco-italienne a en effet \u00e9t\u00e9 provoqu\u00e9e par les propos, \u00ab\u00a0inacceptables\u00a0\u00bb selon Paris, que Matteo Salvini a tenus mercredi sur la volont\u00e9 attribu\u00e9e au pr\u00e9sident fran\u00e7ais d\u2019ouvrir la voie au d\u00e9ploiement de troupes en Ukraine.<\/p>\n<p class=\"article__paragraph  \">Le leader d\u2019extr\u00eame droite qui occupe aussi le poste de ministre des transports et des infrastructures avait alors invit\u00e9 Emmanuel Macron \u00e0 \u00ab\u00a0s\u2019accrocher au tram\u00a0\u00bb en r\u00e9ponse \u00e0 la question d\u2019un journaliste. Il utilisait ainsi une expression locale que l\u2019on pourrait traduire par \u00ab\u00a0va te faire voir\u00a0\u00bb ou \u00ab\u00a0d\u00e9merde-toi\u00a0\u00bb en r\u00e9f\u00e9rence aux vell\u00e9it\u00e9s suppos\u00e9es de la France en Ukraine. \u00ab\u00a0Vas-y toi, si tu veux. Tu mets le casque, le gilet pare-balles, le fusil et tu pars\u00a0\u00bb, avait lanc\u00e9 M. Salvini \u00e0\u00a0l\u2019attention du pr\u00e9sident fran\u00e7ais qu\u2019il avait d\u00e9j\u00e0 trait\u00e9 de \u00ab\u00a0fou\u00a0\u00bb en mars.<\/p>\n<p class=\"reading-mode-only \"><strong>Il vous reste 79.08% de cet article \u00e0 lire. La suite est r\u00e9serv\u00e9e aux abonn\u00e9s.<\/strong><\/p>\n","protected":false},"excerpt":{"rendered":"Le vice-pr\u00e9sident du conseil italien et ministre des transports et des infrastructures, Matteo Salvini, \u00e0 Villa San Giovanni&hellip;\n","protected":false},"author":2,"featured_media":341486,"comment_status":"","ping_status":"","sticky":false,"template":"","format":"standard","meta":{"footnotes":""},"categories":[5],"tags":[11,1011,27,14,12,28],"class_list":{"0":"post-341485","1":"post","2":"type-post","3":"status-publish","4":"format-standard","5":"has-post-thumbnail","7":"category-international","8":"tag-actualites","9":"tag-fr","10":"tag-france","11":"tag-international","12":"tag-news","13":"tag-world"},"share_on_mastodon":{"url":"https:\/\/pubeurope.com\/@fr\/115085979482406418","error":""},"_links":{"self":[{"href":"https:\/\/www.europesays.com\/fr\/wp-json\/wp\/v2\/posts\/341485","targetHints":{"allow":["GET"]}}],"collection":[{"href":"https:\/\/www.europesays.com\/fr\/wp-json\/wp\/v2\/posts"}],"about":[{"href":"https:\/\/www.europesays.com\/fr\/wp-json\/wp\/v2\/types\/post"}],"author":[{"embeddable":true,"href":"https:\/\/www.europesays.com\/fr\/wp-json\/wp\/v2\/users\/2"}],"replies":[{"embeddable":true,"href":"https:\/\/www.europesays.com\/fr\/wp-json\/wp\/v2\/comments?post=341485"}],"version-history":[{"count":0,"href":"https:\/\/www.europesays.com\/fr\/wp-json\/wp\/v2\/posts\/341485\/revisions"}],"wp:featuredmedia":[{"embeddable":true,"href":"https:\/\/www.europesays.com\/fr\/wp-json\/wp\/v2\/media\/341486"}],"wp:attachment":[{"href":"https:\/\/www.europesays.com\/fr\/wp-json\/wp\/v2\/media?parent=341485"}],"wp:term":[{"taxonomy":"category","embeddable":true,"href":"https:\/\/www.europesays.com\/fr\/wp-json\/wp\/v2\/categories?post=341485"},{"taxonomy":"post_tag","embeddable":true,"href":"https:\/\/www.europesays.com\/fr\/wp-json\/wp\/v2\/tags?post=341485"}],"curies":[{"name":"wp","href":"https:\/\/api.w.org\/{rel}","templated":true}]}}