{"id":341490,"date":"2025-08-24T21:59:20","date_gmt":"2025-08-24T21:59:20","guid":{"rendered":"https:\/\/www.europesays.com\/fr\/341490\/"},"modified":"2025-08-24T21:59:20","modified_gmt":"2025-08-24T21:59:20","slug":"lengagement-cest-jour-et-nuit-ca-ma-toujours-passionne-de-rendre-service","status":"publish","type":"post","link":"https:\/\/www.europesays.com\/fr\/341490\/","title":{"rendered":"\u00ab\u00a0L\u2019engagement, c\u2019est jour et nuit. \u00c7a m\u2019a toujours passionn\u00e9 de rendre service\u00a0\u00bb"},"content":{"rendered":"<blockquote class=\"question\"><p>Quelles ont \u00e9t\u00e9 les raisons de votre engagement\u00a0?<\/p><\/blockquote>\n<p>\u00ab\u00a0Mon engagement a commenc\u00e9 par la vie associative o\u00f9 j\u2019\u00e9tais directeur b\u00e9n\u00e9vole \u00e0 la Maison des jeunes et de la culture \u00e0 la fin des ann\u00e9es 1960. C\u2019est le maire de l\u2019\u00e9poque, P\u00e9trus Faure, qui m\u2019a dit \u201cOn aurait besoin d\u2019un petit jeune comme vous au conseil municipal\u201d. J\u2019ai \u00e9t\u00e9 \u00e9lu dans cette liste apolitique. Durant ces six ann\u00e9es, comme conseiller municipal, j\u2019ai pu mettre en place le jumelage avec la ville allemande d\u2019Herzebrock-Clarholz en 1973. Ensuite, je n\u2019ai plus \u00e9t\u00e9 \u00e9lu pendant six ans. Je reviens aux affaires en 1982, sur la liste d\u2019Andr\u00e9 Cognet, comme adjoint aux affaires culturelles. En cours de mandat, j\u2019ai remplac\u00e9 l\u2019adjoint aux travaux et \u00e0 l\u2019urbanisme. \u00c7a m\u2019a permis de me familiariser avec ce domaine.\u00a0\u00bb<\/p>\n<p>\u00ab\u00a0Il faut savoir dire \u201coui\u201d et \u201cnon\u201d mais toujours l\u2019expliquer\u00a0\u00bb<\/p>\n<p>\u00ab\u00a0Puis,&#8230;<\/p>\n","protected":false},"excerpt":{"rendered":"Quelles ont \u00e9t\u00e9 les raisons de votre engagement\u00a0? \u00ab\u00a0Mon engagement a commenc\u00e9 par la vie associative o\u00f9 j\u2019\u00e9tais&hellip;\n","protected":false},"author":2,"featured_media":341491,"comment_status":"","ping_status":"","sticky":false,"template":"","format":"standard","meta":{"footnotes":""},"categories":[9653],"tags":[1111,11,2430,12162,7539,4188,1777,674,1011,27,12161,12,316,25,4001],"class_list":{"0":"post-341490","1":"post","2":"type-post","3":"status-publish","4":"format-standard","5":"has-post-thumbnail","7":"category-saint-etienne","8":"tag-actu","9":"tag-actualites","10":"tag-auvergne-rhone-alpes","11":"tag-chambon-feugerolles-ville","12":"tag-edition-loire-sud","13":"tag-elections-municipales","14":"tag-eu","15":"tag-europe","16":"tag-fr","17":"tag-france","18":"tag-le-chambon-feugerolles","19":"tag-news","20":"tag-politique","21":"tag-republique-francaise","22":"tag-saint-etienne"},"share_on_mastodon":{"url":"https:\/\/pubeurope.com\/@fr\/115085991194808325","error":""},"_links":{"self":[{"href":"https:\/\/www.europesays.com\/fr\/wp-json\/wp\/v2\/posts\/341490","targetHints":{"allow":["GET"]}}],"collection":[{"href":"https:\/\/www.europesays.com\/fr\/wp-json\/wp\/v2\/posts"}],"about":[{"href":"https:\/\/www.europesays.com\/fr\/wp-json\/wp\/v2\/types\/post"}],"author":[{"embeddable":true,"href":"https:\/\/www.europesays.com\/fr\/wp-json\/wp\/v2\/users\/2"}],"replies":[{"embeddable":true,"href":"https:\/\/www.europesays.com\/fr\/wp-json\/wp\/v2\/comments?post=341490"}],"version-history":[{"count":0,"href":"https:\/\/www.europesays.com\/fr\/wp-json\/wp\/v2\/posts\/341490\/revisions"}],"wp:featuredmedia":[{"embeddable":true,"href":"https:\/\/www.europesays.com\/fr\/wp-json\/wp\/v2\/media\/341491"}],"wp:attachment":[{"href":"https:\/\/www.europesays.com\/fr\/wp-json\/wp\/v2\/media?parent=341490"}],"wp:term":[{"taxonomy":"category","embeddable":true,"href":"https:\/\/www.europesays.com\/fr\/wp-json\/wp\/v2\/categories?post=341490"},{"taxonomy":"post_tag","embeddable":true,"href":"https:\/\/www.europesays.com\/fr\/wp-json\/wp\/v2\/tags?post=341490"}],"curies":[{"name":"wp","href":"https:\/\/api.w.org\/{rel}","templated":true}]}}