{"id":341494,"date":"2025-08-24T22:07:12","date_gmt":"2025-08-24T22:07:12","guid":{"rendered":"https:\/\/www.europesays.com\/fr\/341494\/"},"modified":"2025-08-24T22:07:12","modified_gmt":"2025-08-24T22:07:12","slug":"toulon-virginie-grimaldi-les-heures-fragiles","status":"publish","type":"post","link":"https:\/\/www.europesays.com\/fr\/341494\/","title":{"rendered":"TOULON : Virginie GRIMALDI &#8211; Les heures fragiles"},"content":{"rendered":"<p><strong>Avec plus de 8 millions de livres vendus, des traductions dans pr\u00e8s de 20 langues, et un roman sacr\u00e9 \u00ab Livre pr\u00e9f\u00e9r\u00e9 des Fran\u00e7ais \u00bb, Virginie Grimaldi n\u2019est plus \u00e0 pr\u00e9senter.<\/strong><br \/>Ses Heures fragiles (Flammarion), caracolent d\u00e9j\u00e0 en t\u00eate des ventes : un roman tendre et intime sur les liens entre une m\u00e8re et une fille, et sur les larmes de l\u2019adolescence.<\/p>\n<p><a href=\"https:\/\/t.communication.libraires-ensemble.com\/l2\/81AafUs0d21\/358228\/4129938739.html?s=20\" rel=\"nofollow noopener\" target=\"_blank\">En savoir plus<\/a><\/p>\n<p>Source : Librairie Charlemagne Toulon.<\/p>\n","protected":false},"excerpt":{"rendered":"Avec plus de 8 millions de livres vendus, des traductions dans pr\u00e8s de 20 langues, et un roman&hellip;\n","protected":false},"author":2,"featured_media":341495,"comment_status":"","ping_status":"","sticky":false,"template":"","format":"standard","meta":{"footnotes":""},"categories":[9619],"tags":[1111,11,1777,674,1011,27,12,882,25,2310],"class_list":{"0":"post-341494","1":"post","2":"type-post","3":"status-publish","4":"format-standard","5":"has-post-thumbnail","7":"category-toulon","8":"tag-actu","9":"tag-actualites","10":"tag-eu","11":"tag-europe","12":"tag-fr","13":"tag-france","14":"tag-news","15":"tag-provence-alpes-cote-dazur","16":"tag-republique-francaise","17":"tag-toulon"},"share_on_mastodon":{"url":"https:\/\/pubeurope.com\/@fr\/115086022550813167","error":""},"_links":{"self":[{"href":"https:\/\/www.europesays.com\/fr\/wp-json\/wp\/v2\/posts\/341494","targetHints":{"allow":["GET"]}}],"collection":[{"href":"https:\/\/www.europesays.com\/fr\/wp-json\/wp\/v2\/posts"}],"about":[{"href":"https:\/\/www.europesays.com\/fr\/wp-json\/wp\/v2\/types\/post"}],"author":[{"embeddable":true,"href":"https:\/\/www.europesays.com\/fr\/wp-json\/wp\/v2\/users\/2"}],"replies":[{"embeddable":true,"href":"https:\/\/www.europesays.com\/fr\/wp-json\/wp\/v2\/comments?post=341494"}],"version-history":[{"count":0,"href":"https:\/\/www.europesays.com\/fr\/wp-json\/wp\/v2\/posts\/341494\/revisions"}],"wp:featuredmedia":[{"embeddable":true,"href":"https:\/\/www.europesays.com\/fr\/wp-json\/wp\/v2\/media\/341495"}],"wp:attachment":[{"href":"https:\/\/www.europesays.com\/fr\/wp-json\/wp\/v2\/media?parent=341494"}],"wp:term":[{"taxonomy":"category","embeddable":true,"href":"https:\/\/www.europesays.com\/fr\/wp-json\/wp\/v2\/categories?post=341494"},{"taxonomy":"post_tag","embeddable":true,"href":"https:\/\/www.europesays.com\/fr\/wp-json\/wp\/v2\/tags?post=341494"}],"curies":[{"name":"wp","href":"https:\/\/api.w.org\/{rel}","templated":true}]}}