{"id":341496,"date":"2025-08-24T22:09:12","date_gmt":"2025-08-24T22:09:12","guid":{"rendered":"https:\/\/www.europesays.com\/fr\/341496\/"},"modified":"2025-08-24T22:09:12","modified_gmt":"2025-08-24T22:09:12","slug":"handball-montpellier-et-gyor-triomphent-a-leuropa-cup","status":"publish","type":"post","link":"https:\/\/www.europesays.com\/fr\/341496\/","title":{"rendered":"Handball. Montpellier et Gy\u00f6r triomphent \u00e0 l\u2019Europ\u2019A Cup"},"content":{"rendered":"<p>Il flottait un doux parfum de Ligue des champions ce dimanche au Rhenus. Plus pr\u00e9cis\u00e9ment de Final Four de Ligue des champions.<\/p>\n<p>Les affiches des finales de la premi\u00e8re \u00e9dition de l\u2019Europ\u2019A Cup ont d\u00e9j\u00e0 \u00e9t\u00e9 et pourraient \u00eatre un jour celles de la plus prestigieuse coupe d\u2019Europe.<\/p>\n<p>Montpellier 32<br \/>Nantes 28<\/p>\n<p>\u25b6 Mi-temps\u200a: 17-10. Rhenus. 3\u200a500 spectateurs. Arbitres\u200a: MM. Picard et Vauchez.<br \/><strong>\u25b6 Montpellier\u200a:<\/strong> Bolzinger\u00a0 (1-30e, 8 arr\u00eats dont 1 pen.)\u00a0 et Desbonnet (31e-60e,\u00a0 4 arr\u00eats) au but. Thurin 4\/6 dont 2\/2 pen., Villeminot 3\/5, Simonet 1\/3, A. Lenne 2\/3, Dubois, Prat 3\/4, Guigon, Monte 10\/12, Porte (cap.) 1\/2, Plantin 1\/1, Caille, Srna 2\/3, Balaguer 3\/5, Moraes 2\/2.<br \/><strong>\u25b6 Nantes\u200a:<\/strong> Pesic (1-30e,\u00a0 5 arr\u00eats) et Biosca (31e-60e,\u00a0 3 arr\u00eats) au but. Lagarde 1\/4, Minne 5\/7, Yoshida, Nyateu, Tarrafeta 5\/7, Rivera (cap.) 2\/6 dont 0\/1 pen., Avelange-Demouge, Ovnicek, Bos 3\/4, Tournat 4\/6, Gaber 1\/1, Leopold 5\/5 dont 2\/2 pen., Abdi 2\/2, Odriozola.<\/p>\n<p>Metz 28<br \/>Gy\u00f6r&#8230;                        <\/p>\n","protected":false},"excerpt":{"rendered":"Il flottait un doux parfum de Ligue des champions ce dimanche au Rhenus. Plus pr\u00e9cis\u00e9ment de Final Four&hellip;\n","protected":false},"author":2,"featured_media":341497,"comment_status":"","ping_status":"","sticky":false,"template":"","format":"standard","meta":{"footnotes":""},"categories":[9599],"tags":[1111,11,1777,674,107,1011,27,1792,2208,12,2680,25,517],"class_list":{"0":"post-341496","1":"post","2":"type-post","3":"status-publish","4":"format-standard","5":"has-post-thumbnail","7":"category-montpellier","8":"tag-actu","9":"tag-actualites","10":"tag-eu","11":"tag-europe","12":"tag-fil-info","13":"tag-fr","14":"tag-france","15":"tag-handball","16":"tag-montpellier","17":"tag-news","18":"tag-occitanie","19":"tag-republique-francaise","20":"tag-sport"},"share_on_mastodon":{"url":"https:\/\/pubeurope.com\/@fr\/115086030443692695","error":""},"_links":{"self":[{"href":"https:\/\/www.europesays.com\/fr\/wp-json\/wp\/v2\/posts\/341496","targetHints":{"allow":["GET"]}}],"collection":[{"href":"https:\/\/www.europesays.com\/fr\/wp-json\/wp\/v2\/posts"}],"about":[{"href":"https:\/\/www.europesays.com\/fr\/wp-json\/wp\/v2\/types\/post"}],"author":[{"embeddable":true,"href":"https:\/\/www.europesays.com\/fr\/wp-json\/wp\/v2\/users\/2"}],"replies":[{"embeddable":true,"href":"https:\/\/www.europesays.com\/fr\/wp-json\/wp\/v2\/comments?post=341496"}],"version-history":[{"count":0,"href":"https:\/\/www.europesays.com\/fr\/wp-json\/wp\/v2\/posts\/341496\/revisions"}],"wp:featuredmedia":[{"embeddable":true,"href":"https:\/\/www.europesays.com\/fr\/wp-json\/wp\/v2\/media\/341497"}],"wp:attachment":[{"href":"https:\/\/www.europesays.com\/fr\/wp-json\/wp\/v2\/media?parent=341496"}],"wp:term":[{"taxonomy":"category","embeddable":true,"href":"https:\/\/www.europesays.com\/fr\/wp-json\/wp\/v2\/categories?post=341496"},{"taxonomy":"post_tag","embeddable":true,"href":"https:\/\/www.europesays.com\/fr\/wp-json\/wp\/v2\/tags?post=341496"}],"curies":[{"name":"wp","href":"https:\/\/api.w.org\/{rel}","templated":true}]}}