{"id":341508,"date":"2025-08-24T22:22:20","date_gmt":"2025-08-24T22:22:20","guid":{"rendered":"https:\/\/www.europesays.com\/fr\/341508\/"},"modified":"2025-08-24T22:22:20","modified_gmt":"2025-08-24T22:22:20","slug":"la-resilience-ukrainienne-se-manifeste-aussi-a-nantes-maville-nantes","status":"publish","type":"post","link":"https:\/\/www.europesays.com\/fr\/341508\/","title":{"rendered":"La \u00ab r\u00e9silience \u00bb ukrainienne se manifeste aussi \u00e0 Nantes &#8211; Maville Nantes"},"content":{"rendered":"<ol>\n<li><a href=\"https:\/\/news.google.com\/rss\/articles\/CBMitwFBVV95cUxNUm04U3VZV3UwVWIwb21sX3ZTeHBuRDlTV0JTNEgxbm9tdThTV2pYNVRUQWk5Q2ktT1ZMSnQxYW8tTlVldDVyVTBia2JIRHVJTkticzhYYnVraEUtS3hrOHNtMll2Z0ZodGE4dzhzclpfOWlsQjBQU3ZuWHRVZzdHcTc4dmZXeGJtUEhNRVhoU0dFWGVPTUpYVE9BN3hsSnE5MXVVclh0NWNINlBKaWFZYi1JcmhxTjQ?oc=5\" target=\"_blank\" rel=\"nofollow noopener\">La \u00ab r\u00e9silience \u00bb ukrainienne se manifeste aussi \u00e0 Nantes<\/a>&nbsp;&nbsp;Maville Nantes<\/li>\n<li><a href=\"https:\/\/news.google.com\/rss\/articles\/CBMi-gFBVV95cUxNZ1V6SHotWGw1Q001ZTN0NnZuY29TT0J5LVdneURiaTFaeWVhMEVCcUhGM3hCbVIyLUpoOVhvdW5HU3lrdlhKVkUya0JidHJkWkFkNVhxWnlNaFprVWpfSlU1NWp2NDY5aENyQ3lWWjNlaWl6NGU4VjRaS0E3V1p0TkcxSF8ydTZueVpHLVlyYVpEN0FEVms5S01SM2J0QTM4YTJabHF5c1g0ZEwydjN4Sl9ZTW9KbUFEbmE2ZlAzUTk1d2ZmNDhsd2NqOXBzUFUzaDEzU0NvZ3pzR1Bpc0w3aURrVmluSU02LUlvQzFPeDh3dmNCaWVUSUdn?oc=5\" target=\"_blank\" rel=\"nofollow noopener\">En direct, guerre en Ukraine : la pr\u00e9sence de troupes occidentales en cas de cessez-le-feu est \u00ab importante \u00bb pour Kiev, affirme Volodymyr Zelensky<\/a>&nbsp;&nbsp;Le Monde.fr<\/li>\n<li><a href=\"https:\/\/news.google.com\/rss\/articles\/CBMi9gFBVV95cUxQYkRwamtpNTZjdlpJYnVGb1JPRk5ZdWhvUUVGeUR2clBGVzl5YkkzQlF5RTdscGtHbXV5QjhTYk51TmwxcVZ1NFFvZHRzdzU2RVpCZ253SGJVMTVGTGZCRkNiZzdyMTZZRnB0OC1KZGZIcGZLdkhsOXEyX0s1QVEyQnZSci10eHNHWFhwRG45OFR1Zm0yQzlXMS0xdFp3ZGFFSGgwekNnTk5EU0ttdEZTY0dqblB4VF9MU1BLYXM3Q3VkYlFTeGFlSjhFXzZUX3hPWThuVjk0OUg5dDdCczZLaWFpbGxtWTJTUFVKM0xaTmlIcXZvNEE?oc=5\" target=\"_blank\" rel=\"nofollow noopener\">Ukraine\/34e anniversaire de l&rsquo;ind\u00e9pendance : la Tour Eiffel s&rsquo;illumine en bleu et jaune<\/a>&nbsp;&nbsp;BFMTV<\/li>\n<li><a href=\"https:\/\/news.google.com\/rss\/articles\/CBMi6wFBVV95cUxPSnlCUEViemVBeTJIYW9zQko0YUN1dmJscEdnWVlubVR4SDMwUGgzTDJoaUJjZEpTbHl6TGlkeG1OUHIzWkxtZ1M2MlBzeTZKaDlWWXplckNSQjJSdnNBZDVYbFVfMmdIZl93c3Y2TVhydDRUaENHRWcxbk42ZEVPclZpWlotVlhsdTdpRmNGRWNsVklUdWdfbTBIcDhEVjdBMEZUOTVfMnlnS1B3QzU3QVNPWEFJdnllbmpQdFRBMjF2aXF0eXRhMkFKNjFTbkxwNWZ0aDVGNk12UDV4Slh3YXlQZFJMUk41NllJ?oc=5\" target=\"_blank\" rel=\"nofollow noopener\">\u00ab Mon plus gros d\u00e9fi : trouver un travail \u00bb : \u00e0 Rennes, Darya, r\u00e9fugi\u00e9e ukrainienne, garde espoir<\/a>&nbsp;&nbsp;Le T\u00e9l\u00e9gramme<\/li>\n<li><a href=\"https:\/\/news.google.com\/rss\/articles\/CBMilAJBVV95cUxQeklzVlFHQ3ZZYVljNm5ORm1SWEk5QmN0RUotTkZ6VFU2akZUaEd6NE1fSkJxbUpBUUhudHVJLXFjV3VJVWZBODlvQXFvTjM4UUlYSDRMUExQUExncEsyTk11MDdqcjFQTUUxck02YTZwbXhEY183RXdhdmM5SzVOaEEwc3FhUjdWMUt0cVoxWC00U3Nra1NkNkxXRnlOMVV3eDJpc2ppbHVaQ2VhNUhIaHVMSzFxVEN6QVM4Q0VCaG8wTDNhMEEwNG9xMkdWY0MtVy10ZWlURVhaLTdQU3R0QWdiOW1BYVRoNmZTQm1ROWNmbHd6T2hiM3oyLTY1RFZhS3FLY1IxN1ppc3U5ZXYzelVIZTM?oc=5\" target=\"_blank\" rel=\"nofollow noopener\">VID\u00c9O. \u00ab L\u2019Ukraine n\u2019est pas \u00e0 vendre ! \u00bb : \u00e0 Bordeaux, une centaine de personnes c\u00e9l\u00e8brent l\u2019anniversaire de l\u2019ind\u00e9pendance du pays en guerre<\/a>&nbsp;&nbsp;Sud Ouest<\/li>\n<\/ol>\n","protected":false},"excerpt":{"rendered":"La \u00ab r\u00e9silience \u00bb ukrainienne se manifeste aussi \u00e0 Nantes&nbsp;&nbsp;Maville Nantes En direct, guerre en Ukraine : la&hellip;\n","protected":false},"author":2,"featured_media":341509,"comment_status":"","ping_status":"","sticky":false,"template":"","format":"standard","meta":{"footnotes":""},"categories":[2818],"tags":[1111,11,1777,674,1011,27,26109,766,12,2636,25,30815,23289],"class_list":{"0":"post-341508","1":"post","2":"type-post","3":"status-publish","4":"format-standard","5":"has-post-thumbnail","7":"category-nantes","8":"tag-actu","9":"tag-actualites","10":"tag-eu","11":"tag-europe","12":"tag-fr","13":"tag-france","14":"tag-manifeste","15":"tag-nantes","16":"tag-news","17":"tag-pays-de-la-loire","18":"tag-republique-francaise","19":"tag-resilience","20":"tag-ukrainienne"},"share_on_mastodon":{"url":"https:\/\/pubeurope.com\/@fr\/115086081599150715","error":""},"_links":{"self":[{"href":"https:\/\/www.europesays.com\/fr\/wp-json\/wp\/v2\/posts\/341508","targetHints":{"allow":["GET"]}}],"collection":[{"href":"https:\/\/www.europesays.com\/fr\/wp-json\/wp\/v2\/posts"}],"about":[{"href":"https:\/\/www.europesays.com\/fr\/wp-json\/wp\/v2\/types\/post"}],"author":[{"embeddable":true,"href":"https:\/\/www.europesays.com\/fr\/wp-json\/wp\/v2\/users\/2"}],"replies":[{"embeddable":true,"href":"https:\/\/www.europesays.com\/fr\/wp-json\/wp\/v2\/comments?post=341508"}],"version-history":[{"count":0,"href":"https:\/\/www.europesays.com\/fr\/wp-json\/wp\/v2\/posts\/341508\/revisions"}],"wp:featuredmedia":[{"embeddable":true,"href":"https:\/\/www.europesays.com\/fr\/wp-json\/wp\/v2\/media\/341509"}],"wp:attachment":[{"href":"https:\/\/www.europesays.com\/fr\/wp-json\/wp\/v2\/media?parent=341508"}],"wp:term":[{"taxonomy":"category","embeddable":true,"href":"https:\/\/www.europesays.com\/fr\/wp-json\/wp\/v2\/categories?post=341508"},{"taxonomy":"post_tag","embeddable":true,"href":"https:\/\/www.europesays.com\/fr\/wp-json\/wp\/v2\/tags?post=341508"}],"curies":[{"name":"wp","href":"https:\/\/api.w.org\/{rel}","templated":true}]}}