{"id":341510,"date":"2025-08-24T22:23:12","date_gmt":"2025-08-24T22:23:12","guid":{"rendered":"https:\/\/www.europesays.com\/fr\/341510\/"},"modified":"2025-08-24T22:23:12","modified_gmt":"2025-08-24T22:23:12","slug":"ligue-1-bakwa-le-detonateur-les-notes-de-racing","status":"publish","type":"post","link":"https:\/\/www.europesays.com\/fr\/341510\/","title":{"rendered":"Ligue 1. Bakwa le d\u00e9tonateur : les notes de Racing"},"content":{"rendered":"<p>Dilane Bakwa n\u2019a pas encore fil\u00e9 Outre-Manche, mais il peut d\u00e9j\u00e0 se targuer d\u2019\u00eatre un \u201csuper-sub\u201d, soit le rempla\u00e7ant d\u00e9cisif en version anglaise.<\/p>\n<p>Comme \u00e0 Metz en ouverture de championnat (0-1), l\u2019ailier a lib\u00e9r\u00e9 son \u00e9quipe toujours imperm\u00e9able en d\u00e9fense \u2013 troisi\u00e8me clean-sheet de rang \u2013, mais encore emprunt\u00e9e devant le but adverse.<\/p>\n<p>Johnsson 6<\/p>\n<p>Entr\u00e9 en jeu avant la mi-temps jeudi en Coupe d\u2019Europe contre Brondby quand le jeune titulaire Mike Penders est sorti sur blessure (b\u00e9quille), le v\u00e9t\u00e9ran su\u00e9dois a encore tenu la baraque.<\/p>\n<p>S\u2019il a grandement contribu\u00e9 au succ\u00e8s \u00e0 travers une parade d\u00e9cisive devant Guirassy (45e ), \u201cKalle\u201d avait v\u00e9cu une petite frayeur quand son talon a manqu\u00e9 de d\u00e9vier le ballon dans son propre but sur un centre d\u2019Amian (37e ). En seconde p\u00e9riode, il a pu compter sur ses d\u00e9fenseurs pour repousser le danger.<\/p>\n<p>Sarr 6<\/p>\n<p>Porteur du brassard en premi\u00e8re mi-temps alors qu\u2019Emegha est sur le banc, l\u2019ex-Lyonnais s\u2019impose chaque match un peu plus comme le \u201cmonsieur propre\u201d du&#8230;<\/p>\n","protected":false},"excerpt":{"rendered":"Dilane Bakwa n\u2019a pas encore fil\u00e9 Outre-Manche, mais il peut d\u00e9j\u00e0 se targuer d\u2019\u00eatre un \u201csuper-sub\u201d, soit le&hellip;\n","protected":false},"author":2,"featured_media":341511,"comment_status":"","ping_status":"","sticky":false,"template":"","format":"standard","meta":{"footnotes":""},"categories":[2818],"tags":[1111,11,1777,674,107,63,1011,27,766,12,2636,41281,25,517],"class_list":{"0":"post-341510","1":"post","2":"type-post","3":"status-publish","4":"format-standard","5":"has-post-thumbnail","7":"category-nantes","8":"tag-actu","9":"tag-actualites","10":"tag-eu","11":"tag-europe","12":"tag-fil-info","13":"tag-football","14":"tag-fr","15":"tag-france","16":"tag-nantes","17":"tag-news","18":"tag-pays-de-la-loire","19":"tag-racing-club-strasbourg-masculin","20":"tag-republique-francaise","21":"tag-sport"},"share_on_mastodon":{"url":"https:\/\/pubeurope.com\/@fr\/115086085572235350","error":""},"_links":{"self":[{"href":"https:\/\/www.europesays.com\/fr\/wp-json\/wp\/v2\/posts\/341510","targetHints":{"allow":["GET"]}}],"collection":[{"href":"https:\/\/www.europesays.com\/fr\/wp-json\/wp\/v2\/posts"}],"about":[{"href":"https:\/\/www.europesays.com\/fr\/wp-json\/wp\/v2\/types\/post"}],"author":[{"embeddable":true,"href":"https:\/\/www.europesays.com\/fr\/wp-json\/wp\/v2\/users\/2"}],"replies":[{"embeddable":true,"href":"https:\/\/www.europesays.com\/fr\/wp-json\/wp\/v2\/comments?post=341510"}],"version-history":[{"count":0,"href":"https:\/\/www.europesays.com\/fr\/wp-json\/wp\/v2\/posts\/341510\/revisions"}],"wp:featuredmedia":[{"embeddable":true,"href":"https:\/\/www.europesays.com\/fr\/wp-json\/wp\/v2\/media\/341511"}],"wp:attachment":[{"href":"https:\/\/www.europesays.com\/fr\/wp-json\/wp\/v2\/media?parent=341510"}],"wp:term":[{"taxonomy":"category","embeddable":true,"href":"https:\/\/www.europesays.com\/fr\/wp-json\/wp\/v2\/categories?post=341510"},{"taxonomy":"post_tag","embeddable":true,"href":"https:\/\/www.europesays.com\/fr\/wp-json\/wp\/v2\/tags?post=341510"}],"curies":[{"name":"wp","href":"https:\/\/api.w.org\/{rel}","templated":true}]}}