{"id":341514,"date":"2025-08-24T22:25:12","date_gmt":"2025-08-24T22:25:12","guid":{"rendered":"https:\/\/www.europesays.com\/fr\/341514\/"},"modified":"2025-08-24T22:25:12","modified_gmt":"2025-08-24T22:25:12","slug":"pres-de-bordeaux-un-incendie-se-declare-dans-un-immeuble-et-ravage-deux-appartements","status":"publish","type":"post","link":"https:\/\/www.europesays.com\/fr\/341514\/","title":{"rendered":"Pr\u00e8s de Bordeaux, un incendie se d\u00e9clare dans un immeuble et ravage deux appartements"},"content":{"rendered":"<p>            Par<br \/>\n        <strong><br \/>\n            <a href=\"https:\/\/actu.fr\/auteur\/redaction-bordeaux\" title=\"Consulter tous les articles de R\u00e9daction Bordeaux\" rel=\"nofollow noopener\" target=\"_blank\">R\u00e9daction Bordeaux<\/a><br \/>\n        <\/strong><\/p>\n<p>        Publi\u00e9 le<\/p>\n<p>            24 ao\u00fbt 2025 \u00e0 18h19        <\/p>\n<p>Dimanche 24\u00a0ao\u00fbt 2025, aux alentours de 15h, les pompiers ont \u00e9t\u00e9 appel\u00e9s car un feu s\u2019est d\u00e9clar\u00e9 sur la commune de <a href=\"https:\/\/actu.fr\/nouvelle-aquitaine\/talence_33522\" rel=\"nofollow noopener\" target=\"_blank\">Talence<\/a> (Gironde). <strong>L\u2019incendie<\/strong> a d\u00e9but\u00e9 dans un appartement situ\u00e9 dans la rue Jean Zubieta, \u00e0 quelques pas de <a href=\"https:\/\/actu.fr\/nouvelle-aquitaine\/talence_33522\/pres-de-bordeaux-l-hopital-bagatelle-inaugure-malgre-un-avenir-incertain-et-140-millions-d-euros-investis_62901394.html\" rel=\"nofollow noopener\" target=\"_blank\">l\u2019h\u00f4pital Bagatelle.<\/a><\/p>\n<p class=\" wall-content\">Dans cette r\u00e9sidence de sept \u00e9tages, le feu est parti d\u2019une habitation du 3\u00e8me \u00e9tage et s\u2019est propag\u00e9 jusqu\u2019\u00e0 l\u2019\u00e9tage sup\u00e9rieur. Deux appartements de 60m\u00b2 ont \u00e9t\u00e9 <strong>ravag\u00e9s<\/strong> par les flammes.<\/p>\n<p class=\" wall-content\">Les pompiers sont venus \u00e0 bout du sinistre avec deux lances \u00e0 eau. Une personne a \u00e9t\u00e9 relog\u00e9e par l\u2019autorit\u00e9 communale et l\u2019autre habitant par ses proches.<\/p>\n<p class=\" wall-content\">Personnalisez votre actualit\u00e9 en ajoutant vos villes et m\u00e9dias en favori avec <a href=\"https:\/\/moncompte.actu.fr\" title=\"D\u00e9couvez Mon Actu\" rel=\"nofollow noopener\" data-trk=\"{&quot;cta&quot;:{&quot;action&quot;:&quot;https:\\\/\\\/moncompte.actu.fr&quot;,&quot;category&quot;:&quot;mon compte&quot;,&quot;from&quot;:&quot;article footer&quot;,&quot;name&quot;:&quot;Mon actu&quot;,&quot;type&quot;:&quot;cta&quot;}}\" target=\"_blank\">Mon Actu<\/a>.<\/p>\n","protected":false},"excerpt":{"rendered":"Par R\u00e9daction Bordeaux Publi\u00e9 le 24 ao\u00fbt 2025 \u00e0 18h19 Dimanche 24\u00a0ao\u00fbt 2025, aux alentours de 15h, les&hellip;\n","protected":false},"author":2,"featured_media":341515,"comment_status":"","ping_status":"","sticky":false,"template":"","format":"standard","meta":{"footnotes":""},"categories":[2817],"tags":[1111,11,1997,1777,674,118,1011,27,1310,12,2219,1311,25],"class_list":{"0":"post-341514","1":"post","2":"type-post","3":"status-publish","4":"format-standard","5":"has-post-thumbnail","7":"category-bordeaux","8":"tag-actu","9":"tag-actualites","10":"tag-bordeaux","11":"tag-eu","12":"tag-europe","13":"tag-faits-divers","14":"tag-fr","15":"tag-france","16":"tag-incendie","17":"tag-news","18":"tag-nouvelle-aquitaine","19":"tag-pompiers","20":"tag-republique-francaise"},"share_on_mastodon":{"url":"https:\/\/pubeurope.com\/@fr\/115086093413430709","error":""},"_links":{"self":[{"href":"https:\/\/www.europesays.com\/fr\/wp-json\/wp\/v2\/posts\/341514","targetHints":{"allow":["GET"]}}],"collection":[{"href":"https:\/\/www.europesays.com\/fr\/wp-json\/wp\/v2\/posts"}],"about":[{"href":"https:\/\/www.europesays.com\/fr\/wp-json\/wp\/v2\/types\/post"}],"author":[{"embeddable":true,"href":"https:\/\/www.europesays.com\/fr\/wp-json\/wp\/v2\/users\/2"}],"replies":[{"embeddable":true,"href":"https:\/\/www.europesays.com\/fr\/wp-json\/wp\/v2\/comments?post=341514"}],"version-history":[{"count":0,"href":"https:\/\/www.europesays.com\/fr\/wp-json\/wp\/v2\/posts\/341514\/revisions"}],"wp:featuredmedia":[{"embeddable":true,"href":"https:\/\/www.europesays.com\/fr\/wp-json\/wp\/v2\/media\/341515"}],"wp:attachment":[{"href":"https:\/\/www.europesays.com\/fr\/wp-json\/wp\/v2\/media?parent=341514"}],"wp:term":[{"taxonomy":"category","embeddable":true,"href":"https:\/\/www.europesays.com\/fr\/wp-json\/wp\/v2\/categories?post=341514"},{"taxonomy":"post_tag","embeddable":true,"href":"https:\/\/www.europesays.com\/fr\/wp-json\/wp\/v2\/tags?post=341514"}],"curies":[{"name":"wp","href":"https:\/\/api.w.org\/{rel}","templated":true}]}}