{"id":341518,"date":"2025-08-24T22:27:09","date_gmt":"2025-08-24T22:27:09","guid":{"rendered":"https:\/\/www.europesays.com\/fr\/341518\/"},"modified":"2025-08-24T22:27:09","modified_gmt":"2025-08-24T22:27:09","slug":"semaine-chargee-pour-le-psg-avec-un-choc-a-toulouse","status":"publish","type":"post","link":"https:\/\/www.europesays.com\/fr\/341518\/","title":{"rendered":"Semaine charg\u00e9e pour le PSG, avec un choc \u00e0 Toulouse"},"content":{"rendered":"<p>Apr\u00e8s deux victoires en deux journ\u00e9es de Ligue 1, le Paris Saint-Germain a d\u00e9marr\u00e9 sa saison de la meilleure mani\u00e8re. Solide d\u00e9fensivement et emmen\u00e9 par un Fabian Ruiz d\u00e9j\u00e0 d\u00e9cisif, le champion de France et d\u2019Europe en titre vise d\u00e9sormais la passe de trois face au Toulouse FC, samedi soir (21h05).<\/p>\n<p>Luis Enrique, qui a d\u00e9j\u00e0 affich\u00e9 sa satisfaction sur le d\u00e9but de saison malgr\u00e9 une pr\u00e9paration tronqu\u00e9e, s\u2019appr\u00eate \u00e0 entrer dans une semaine rythm\u00e9e entre travail tactique et rendez-vous m\u00e9diatiques. L\u2019occasion pour le technicien espagnol de pr\u00e9parer son groupe et d\u2019affiner ses choix.<\/p>\n<p>Un d\u00e9placement en fin de semaine<\/p>\n<p>Les premi\u00e8res s\u00e9ances de la semaine se d\u00e9rouleront \u00e0 huis clos, avant une ouverture partielle \u00e0 la presse vendredi matin au Campus PSG. Le m\u00eame jour, Luis Enrique tiendra sa traditionnelle conf\u00e9rence de presse, \u00e0 13h. Le rendez-vous majeur interviendra samedi avec le d\u00e9placement \u00e0 Toulouse pour la 3e journ\u00e9e de Ligue 1.<\/p>\n<p>Le programme:<\/p>\n<p>Lundi 25 ao\u00fbt 2025 : Repos<\/p>\n<p>Mardi 26 ao\u00fbt 2025 \u2013 Campus PSG : 17h00, entra\u00eenement \u00e0 huis clos<\/p>\n<p>Mercredi 27 ao\u00fbt 2025 \u2013 Campus PSG : 11h00, entra\u00eenement \u00e0 huis clos<\/p>\n<p>Jeudi 28 ao\u00fbt 2025 \u2013 Campus PSG : 11h00, entra\u00eenement \u00e0 huis clos<\/p>\n<p>Vendredi 29 ao\u00fbt 2025 \u2013 Campus PSG : 11h00, 15 premi\u00e8res minutes de l\u2019entra\u00eenement ouvertes aux m\u00e9dias ; 13h00, conf\u00e9rence de presse de Luis Enrique<\/p>\n<p>Samedi 30 ao\u00fbt 2025 \u2013 Stadium de Toulouse : 21h05, Toulouse FC \u2013 Paris Saint-Germain (Ligue 1, 3e journ\u00e9e). Conf\u00e9rence de presse et zone mixte apr\u00e8s le match.<\/p>\n<p>Dimanche 31 ao\u00fbt 2025 : Repos<\/p>\n<p class=\"relate\">A lire aussi:<\/p>\n","protected":false},"excerpt":{"rendered":"Apr\u00e8s deux victoires en deux journ\u00e9es de Ligue 1, le Paris Saint-Germain a d\u00e9marr\u00e9 sa saison de la&hellip;\n","protected":false},"author":2,"featured_media":341519,"comment_status":"","ping_status":"","sticky":false,"template":"","format":"standard","meta":{"footnotes":""},"categories":[2816],"tags":[1111,11,1777,674,1011,27,12,2680,25,2312],"class_list":{"0":"post-341518","1":"post","2":"type-post","3":"status-publish","4":"format-standard","5":"has-post-thumbnail","7":"category-toulouse","8":"tag-actu","9":"tag-actualites","10":"tag-eu","11":"tag-europe","12":"tag-fr","13":"tag-france","14":"tag-news","15":"tag-occitanie","16":"tag-republique-francaise","17":"tag-toulouse"},"share_on_mastodon":{"url":"https:\/\/pubeurope.com\/@fr\/115086101204071101","error":""},"_links":{"self":[{"href":"https:\/\/www.europesays.com\/fr\/wp-json\/wp\/v2\/posts\/341518","targetHints":{"allow":["GET"]}}],"collection":[{"href":"https:\/\/www.europesays.com\/fr\/wp-json\/wp\/v2\/posts"}],"about":[{"href":"https:\/\/www.europesays.com\/fr\/wp-json\/wp\/v2\/types\/post"}],"author":[{"embeddable":true,"href":"https:\/\/www.europesays.com\/fr\/wp-json\/wp\/v2\/users\/2"}],"replies":[{"embeddable":true,"href":"https:\/\/www.europesays.com\/fr\/wp-json\/wp\/v2\/comments?post=341518"}],"version-history":[{"count":0,"href":"https:\/\/www.europesays.com\/fr\/wp-json\/wp\/v2\/posts\/341518\/revisions"}],"wp:featuredmedia":[{"embeddable":true,"href":"https:\/\/www.europesays.com\/fr\/wp-json\/wp\/v2\/media\/341519"}],"wp:attachment":[{"href":"https:\/\/www.europesays.com\/fr\/wp-json\/wp\/v2\/media?parent=341518"}],"wp:term":[{"taxonomy":"category","embeddable":true,"href":"https:\/\/www.europesays.com\/fr\/wp-json\/wp\/v2\/categories?post=341518"},{"taxonomy":"post_tag","embeddable":true,"href":"https:\/\/www.europesays.com\/fr\/wp-json\/wp\/v2\/tags?post=341518"}],"curies":[{"name":"wp","href":"https:\/\/api.w.org\/{rel}","templated":true}]}}